{"id":2108,"date":"2026-06-17T00:18:37","date_gmt":"2026-06-17T00:18:37","guid":{"rendered":"https:\/\/gundem59.com.tr\/?p=2108"},"modified":"2026-06-17T00:18:37","modified_gmt":"2026-06-17T00:18:37","slug":"trakyada-barajlar-yagislarla-dolduruldu","status":"publish","type":"post","link":"https:\/\/gundem59.com.tr\/?p=2108","title":{"rendered":"Trakya&#8217;da Barajlar Ya\u011f\u0131\u015flarla Dolduruldu"},"content":{"rendered":"\n<p class=\"wp-block-paragraph\">Trakya&#8217;daki barajlar\u0131n doluluk oran\u0131 ya\u011f\u0131\u015flarla artarak y\u00fczde 58&#8217;e ula\u015ft\u0131. \u00dcreticiler rahatlad\u0131.<\/p>\n\n\n\n<p class=\"wp-block-paragraph\">Trakya&#8217;da aral\u0131klarla devam eden ya\u011f\u0131\u015flar&nbsp;<a href=\"https:\/\/www.sondakika.com\/edirne\/\">Edirne<\/a>,&nbsp;<a href=\"https:\/\/www.sondakika.com\/tekirdag\/\">Tekirda\u011f<\/a>&nbsp;ve&nbsp;<a href=\"https:\/\/www.sondakika.com\/kirklareli\/\">K\u0131rklareli<\/a>&#8216;nde barajlardaki su seviyelerini art\u0131rd\u0131.<\/p>\n\n\n\n<p class=\"wp-block-paragraph\">DS\u0130 Edirne 11. B\u00f6lge M\u00fcd\u00fcrl\u00fc\u011f\u00fcnden al\u0131nan verilere g\u00f6re, Trakya&#8217;daki 15 barajda 6 Ocak&#8217;ta 377 milyon 248 bin metrek\u00fcp olarak \u00f6l\u00e7\u00fclen su miktar\u0131, son ya\u011f\u0131\u015flar\u0131n etkisiyle 732 milyon 903 bin metrek\u00fcpe y\u00fckseldi.<\/p>\n\n\n\n<p class=\"wp-block-paragraph\">Buna g\u00f6re 6 Ocak-15 Haziran tarihlerindeki ya\u011f\u0131\u015flarla barajlar 355 milyon 655 bin metrek\u00fcp su ald\u0131.<\/p>\n\n\n\n<p class=\"wp-block-paragraph\">Ge\u00e7en y\u0131l\u0131n yaz d\u00f6neminde kuruma noktas\u0131na gelen barajlar ya\u011f\u0131\u015flarla doldu. Edirne&#8217;deki 7 baraj\u0131n doluluk oran\u0131 y\u00fczde 62, K\u0131rklareli&#8217;nde 4 baraj\u0131n doluluk oran\u0131 y\u00fczde 60, Tekirda\u011f&#8217;da ise 4 baraj\u0131n doluluk oran\u0131 y\u00fczde 47 olarak kay\u0131tlara ge\u00e7ti.<\/p>\n\n\n\n<p class=\"wp-block-paragraph\">Edirne&#8217;de 7 barajdaki su miktar\u0131 ge\u00e7en y\u0131l\u0131n haziran ay\u0131nda 268 milyon 117 bin metrek\u00fcp olarak \u00f6l\u00e7\u00fcl\u00fcrken, bu y\u0131l\u0131n haziran ay\u0131nda 370 milyon 822 bin metrek\u00fcpe y\u00fckseldi.<\/p>\n\n\n\n<p class=\"wp-block-paragraph\">Tekirda\u011f&#8217;da ise ge\u00e7en y\u0131l\u0131n haziran ay\u0131nda 149 milyon 291 bin metrek\u00fcp olan barajlardaki su seviyesi, bu y\u0131l\u0131n ayn\u0131 d\u00f6neminde 156 milyon 834 bin metrek\u00fcp olarak \u00f6l\u00e7\u00fcld\u00fc.<\/p>\n\n\n\n<p class=\"wp-block-paragraph\">K\u0131rklareli&#8217;nde de ge\u00e7en y\u0131l\u0131n haziran ay\u0131nda 96 milyon 753 bin metrek\u00fcp olan su miktar\u0131, bu y\u0131l ayn\u0131 d\u00f6nemde 205 milyon 247 bin metrek\u00fcpe y\u00fckseldi.<\/p>\n\n\n\n<p class=\"wp-block-paragraph\">Son y\u0131llar\u0131n en kurak d\u00f6neminin ya\u015fand\u0131\u011f\u0131 Edirne, K\u0131rklareli ve Tekirda\u011f&#8217;da 1 milyar 115 milyon 740 bin metrek\u00fcp depolama hacmine sahip 15 baraj\u0131n su miktar\u0131, ge\u00e7en y\u0131l\u0131n haziran ay\u0131nda 514 milyon 161 bin, bu y\u0131l\u0131n haziran ay\u0131nda ise 732 milyon 903 bin metrek\u00fcp olarak \u00f6l\u00e7\u00fcld\u00fc.<\/p>\n\n\n\n<p class=\"wp-block-paragraph\">Son ya\u011f\u0131\u015flarla 15 baraj\u0131n doluluk oran\u0131 ge\u00e7en y\u0131l\u0131n haziran ay\u0131ndaki doluluk oranlar\u0131n\u0131n \u00fczerine \u00e7\u0131kt\u0131.<\/p>\n\n\n\n<p class=\"wp-block-paragraph\">&#8220;Bu ya\u011f\u0131\u015flar bereketin habercisi gibi g\u00f6r\u00fcn\u00fcyor&#8221;<\/p>\n\n\n\n<p class=\"wp-block-paragraph\">K\u0131rklareli Ziraat Odas\u0131 Ba\u015fkan\u0131 Ekrem \u015eaylan, AA muhabirine yapt\u0131\u011f\u0131 a\u00e7\u0131klamada, ge\u00e7en y\u0131l kuruma noktas\u0131na gelen Trakya&#8217;daki barajlar\u0131n, bu y\u0131lki ya\u011f\u0131\u015flarla birlikte doldu\u011funu s\u00f6yledi.<\/p>\n\n\n\n<p class=\"wp-block-paragraph\">K\u0131rklareli&#8217;ndeki Kayal\u0131k\u00f6y Baraj\u0131&#8217;n\u0131n ge\u00e7en y\u0131l adeta kuruma noktas\u0131na geldi\u011fini an\u0131msatan \u015eaylan, bu y\u0131l s\u00f6z konusu baraj\u0131n doluluk oran\u0131n\u0131n yakla\u015f\u0131k y\u00fczde 60 seviyesine ula\u015ft\u0131\u011f\u0131n\u0131 kaydetti.<\/p>\n\n\n\n<p class=\"wp-block-paragraph\">Trakya&#8217;daki barajlar\u0131n genel doluluk oran\u0131n\u0131n y\u00fczde 58 oldu\u011funu dile getiren \u015eaylan, &#8220;Bu y\u0131l\u0131n ya\u011f\u0131\u015fl\u0131 ge\u00e7mesi nedeniyle \u00fcreticilerimiz 3 senedir ekemedikleri m\u0131s\u0131rlar\u0131 bu sene ekmeye ba\u015flad\u0131. Bu seneki ya\u011f\u0131\u015flardan \u00fcreticilerimiz gayet memnun. Bu ya\u011f\u0131\u015flar bereketin habercisi gibi g\u00f6r\u00fcn\u00fcyor.&#8221; dedi.<\/p>\n\n\n\n<p class=\"wp-block-paragraph\">\u015eaylan, su ve su kaynaklar\u0131n\u0131n her ko\u015fulda bilin\u00e7li kullan\u0131lmas\u0131 gerekti\u011fi uyar\u0131s\u0131nda bulundu.???????<\/p>\n","protected":false},"excerpt":{"rendered":"<p>Trakya&#8217;daki barajlar\u0131n doluluk oran\u0131 ya\u011f\u0131\u015flarla artarak y\u00fczde 58&#8217;e ula\u015ft\u0131. \u00dcreticiler rahatlad\u0131. Trakya&#8217;da aral\u0131klarla devam eden&#8230;<\/p>\n","protected":false},"author":1,"featured_media":2109,"comment_status":"closed","ping_status":"closed","sticky":false,"template":"","format":"standard","meta":{"footnotes":""},"categories":[1],"tags":[],"ppma_author":[57],"class_list":["post-2108","post","type-post","status-publish","format-standard","has-post-thumbnail","hentry","category-tekirdag-gundemi"],"authors":[{"term_id":57,"user_id":1,"is_guest":0,"slug":"admin","display_name":"Alp Aslan","avatar_url":"https:\/\/secure.gravatar.com\/avatar\/07c18c5ad3350b025db8f3328450e071acb435c703e565899c880c63362f137a?s=96&d=mm&r=g","author_category":"1","first_name":"Alp Aslan","last_name":"ER\u0130N","user_url":"http:\/\/www.gundem59.com.tr","job_title":"","description":""}],"_links":{"self":[{"href":"https:\/\/gundem59.com.tr\/index.php?rest_route=\/wp\/v2\/posts\/2108","targetHints":{"allow":["GET"]}}],"collection":[{"href":"https:\/\/gundem59.com.tr\/index.php?rest_route=\/wp\/v2\/posts"}],"about":[{"href":"https:\/\/gundem59.com.tr\/index.php?rest_route=\/wp\/v2\/types\/post"}],"author":[{"embeddable":true,"href":"https:\/\/gundem59.com.tr\/index.php?rest_route=\/wp\/v2\/users\/1"}],"replies":[{"embeddable":true,"href":"https:\/\/gundem59.com.tr\/index.php?rest_route=%2Fwp%2Fv2%2Fcomments&post=2108"}],"version-history":[{"count":1,"href":"https:\/\/gundem59.com.tr\/index.php?rest_route=\/wp\/v2\/posts\/2108\/revisions"}],"predecessor-version":[{"id":2110,"href":"https:\/\/gundem59.com.tr\/index.php?rest_route=\/wp\/v2\/posts\/2108\/revisions\/2110"}],"wp:featuredmedia":[{"embeddable":true,"href":"https:\/\/gundem59.com.tr\/index.php?rest_route=\/wp\/v2\/media\/2109"}],"wp:attachment":[{"href":"https:\/\/gundem59.com.tr\/index.php?rest_route=%2Fwp%2Fv2%2Fmedia&parent=2108"}],"wp:term":[{"taxonomy":"category","embeddable":true,"href":"https:\/\/gundem59.com.tr\/index.php?rest_route=%2Fwp%2Fv2%2Fcategories&post=2108"},{"taxonomy":"post_tag","embeddable":true,"href":"https:\/\/gundem59.com.tr\/index.php?rest_route=%2Fwp%2Fv2%2Ftags&post=2108"},{"taxonomy":"author","embeddable":true,"href":"https:\/\/gundem59.com.tr\/index.php?rest_route=%2Fwp%2Fv2%2Fppma_author&post=2108"}],"curies":[{"name":"wp","href":"https:\/\/api.w.org\/{rel}","templated":true}]}}