{"id":2105,"date":"2026-06-17T00:16:19","date_gmt":"2026-06-17T00:16:19","guid":{"rendered":"https:\/\/gundem59.com.tr\/?p=2105"},"modified":"2026-06-17T00:16:20","modified_gmt":"2026-06-17T00:16:20","slug":"down-sendromlu-gencler-yelkenle-tanisti","status":"publish","type":"post","link":"https:\/\/gundem59.com.tr\/?p=2105","title":{"rendered":"Down Sendromlu Gen\u00e7ler Yelkenle Tan\u0131\u015ft\u0131"},"content":{"rendered":"\n<p class=\"wp-block-paragraph\">TekirDown Melekleri, Tekirda\u011f Yelken Spor Kul\u00fcb\u00fc&#8217;nde yelken deneyimi ya\u015fad\u0131, keyifli bir g\u00fcn ge\u00e7irdi.<\/p>\n\n\n\n<p class=\"wp-block-paragraph\">TekirDown Melekleri&nbsp;<a href=\"https:\/\/www.sondakika.com\/Spor\/\">Spor<\/a>&nbsp;Kul\u00fcb\u00fc \u00fcyesi down sendromlu gen\u00e7ler,&nbsp;<a href=\"https:\/\/www.sondakika.com\/tekirdag\/\">Tekirda\u011f<\/a>&nbsp;Yelken Spor Kul\u00fcb\u00fcn\u00fcn d\u00fczenledi\u011fi etkinlikte yelken sporuyla tan\u0131\u015ft\u0131.<\/p>\n\n\n\n<p class=\"wp-block-paragraph\">Kul\u00fcpte ger\u00e7ekle\u015ftirilen programda gen\u00e7ler, antren\u00f6rler e\u015fli\u011finde denize a\u00e7\u0131larak yelken deneyimi ya\u015fad\u0131.<\/p>\n\n\n\n<p class=\"wp-block-paragraph\">R\u00fczgar\u0131 ve denizi yak\u0131ndan tan\u0131ma f\u0131rsat\u0131 bulan gen\u00e7ler etkinlik boyunca keyifli vakit ge\u00e7irdi.<\/p>\n\n\n\n<p class=\"wp-block-paragraph\">TekirDown Melekleri Spor Kul\u00fcb\u00fc Ba\u015fkan\u0131 Serdar Ko\u00e7, AA muhabirine, bu t\u00fcr etkinliklerin \u00e7ocuklar\u0131n sosyal geli\u015fimine \u00f6nemli katk\u0131 sa\u011flad\u0131\u011f\u0131n\u0131 s\u00f6yledi.<\/p>\n\n\n\n<p class=\"wp-block-paragraph\">\u00c7ocuklar\u0131n denizle bulu\u015fmaktan b\u00fcy\u00fck mutluluk duydu\u011funu belirten Ko\u00e7, &#8220;Bu t\u00fcr etkinlikler \u00e7ocuklar\u0131m\u0131z\u0131n sosyalle\u015fmesine katk\u0131 sunuyor. Denizle bulu\u015fmak onlara \u00e7ok iyi geldi. Herkesin etkinlikten b\u00fcy\u00fck keyif ald\u0131\u011f\u0131n\u0131 g\u00f6rd\u00fck.&#8221; dedi.<\/p>\n\n\n\n<p class=\"wp-block-paragraph\">Tekirda\u011f Yelken Spor Kul\u00fcb\u00fc Antren\u00f6r\u00fc Berk Uzel de down sendromlu gen\u00e7leri kul\u00fcplerinde a\u011f\u0131rlamaktan memnuniyet duyduklar\u0131n\u0131 ifade etti.<\/p>\n\n\n\n<p class=\"wp-block-paragraph\">Etkinlikte \u00e7ocuklar\u0131n yelken sporunu deneyimleme f\u0131rsat\u0131 buldu\u011funu aktaran Uzel, &#8220;R\u00fczgar\u0131 hissettikleri, denizle bulu\u015ftuklar\u0131 ve yelken sporunu tan\u0131d\u0131klar\u0131 g\u00fczel bir g\u00fcn ge\u00e7irdik. Y\u00fczlerindeki mutluluk ve heyecan bizleri de mutlu etti. Sporun birle\u015ftirici g\u00fcc\u00fcne inan\u0131yoruz ve herkesin denizle bulu\u015fma f\u0131rsat\u0131 yakalamas\u0131n\u0131 \u00f6nemsiyoruz.&#8221; diye konu\u015ftu.<\/p>\n","protected":false},"excerpt":{"rendered":"<p>TekirDown Melekleri, Tekirda\u011f Yelken Spor Kul\u00fcb\u00fc&#8217;nde yelken deneyimi ya\u015fad\u0131, keyifli bir g\u00fcn ge\u00e7irdi. TekirDown Melekleri&nbsp;Spor&nbsp;Kul\u00fcb\u00fc&#8230;<\/p>\n","protected":false},"author":1,"featured_media":2106,"comment_status":"closed","ping_status":"closed","sticky":false,"template":"","format":"standard","meta":{"footnotes":""},"categories":[1],"tags":[],"ppma_author":[57],"class_list":["post-2105","post","type-post","status-publish","format-standard","has-post-thumbnail","hentry","category-tekirdag-gundemi"],"authors":[{"term_id":57,"user_id":1,"is_guest":0,"slug":"admin","display_name":"Alp Aslan","avatar_url":"https:\/\/secure.gravatar.com\/avatar\/07c18c5ad3350b025db8f3328450e071acb435c703e565899c880c63362f137a?s=96&d=mm&r=g","author_category":"1","first_name":"Alp Aslan","last_name":"ER\u0130N","user_url":"http:\/\/www.gundem59.com.tr","job_title":"","description":""}],"_links":{"self":[{"href":"https:\/\/gundem59.com.tr\/index.php?rest_route=\/wp\/v2\/posts\/2105","targetHints":{"allow":["GET"]}}],"collection":[{"href":"https:\/\/gundem59.com.tr\/index.php?rest_route=\/wp\/v2\/posts"}],"about":[{"href":"https:\/\/gundem59.com.tr\/index.php?rest_route=\/wp\/v2\/types\/post"}],"author":[{"embeddable":true,"href":"https:\/\/gundem59.com.tr\/index.php?rest_route=\/wp\/v2\/users\/1"}],"replies":[{"embeddable":true,"href":"https:\/\/gundem59.com.tr\/index.php?rest_route=%2Fwp%2Fv2%2Fcomments&post=2105"}],"version-history":[{"count":1,"href":"https:\/\/gundem59.com.tr\/index.php?rest_route=\/wp\/v2\/posts\/2105\/revisions"}],"predecessor-version":[{"id":2107,"href":"https:\/\/gundem59.com.tr\/index.php?rest_route=\/wp\/v2\/posts\/2105\/revisions\/2107"}],"wp:featuredmedia":[{"embeddable":true,"href":"https:\/\/gundem59.com.tr\/index.php?rest_route=\/wp\/v2\/media\/2106"}],"wp:attachment":[{"href":"https:\/\/gundem59.com.tr\/index.php?rest_route=%2Fwp%2Fv2%2Fmedia&parent=2105"}],"wp:term":[{"taxonomy":"category","embeddable":true,"href":"https:\/\/gundem59.com.tr\/index.php?rest_route=%2Fwp%2Fv2%2Fcategories&post=2105"},{"taxonomy":"post_tag","embeddable":true,"href":"https:\/\/gundem59.com.tr\/index.php?rest_route=%2Fwp%2Fv2%2Ftags&post=2105"},{"taxonomy":"author","embeddable":true,"href":"https:\/\/gundem59.com.tr\/index.php?rest_route=%2Fwp%2Fv2%2Fppma_author&post=2105"}],"curies":[{"name":"wp","href":"https:\/\/api.w.org\/{rel}","templated":true}]}}