{"id":2085,"date":"2026-06-15T22:49:46","date_gmt":"2026-06-15T22:49:46","guid":{"rendered":"https:\/\/gundem59.com.tr\/?p=2085"},"modified":"2026-06-15T22:49:46","modified_gmt":"2026-06-15T22:49:46","slug":"jandarmanin-187-yilinda-sehitlere-mevlit","status":"publish","type":"post","link":"https:\/\/gundem59.com.tr\/?p=2085","title":{"rendered":"Jandarma&#8217;n\u0131n 187. Y\u0131l\u0131nda \u015eehitlere Mevlit"},"content":{"rendered":"\n<p class=\"wp-block-paragraph\">Tekirda\u011f&#8217;da Jandarma Te\u015fkilat\u0131&#8217;n\u0131n 187&#8217;nci kurulu\u015f y\u0131l d\u00f6n\u00fcm\u00fc etkinlikleri kapsam\u0131nda \u015fehitler an\u0131s\u0131na mevlit program\u0131 ger\u00e7ekle\u015ftirildi.<\/p>\n\n\n\n<p class=\"wp-block-paragraph\"><a href=\"https:\/\/www.sondakika.com\/tekirdag\/\">Tekirda\u011f<\/a>&#8216;da&nbsp;<a href=\"https:\/\/www.sondakika.com\/jandarma\/\">Jandarma<\/a>&nbsp;Te\u015fkilat\u0131&#8217;n\u0131n 187&#8217;nci kurulu\u015f y\u0131l d\u00f6n\u00fcm\u00fc etkinlikleri kapsam\u0131nda \u015fehitler an\u0131s\u0131na mevlit program\u0131 ger\u00e7ekle\u015ftirildi.<\/p>\n\n\n\n<p class=\"wp-block-paragraph\">S\u00fcleymanpa\u015fa il\u00e7esindeki Orta Cami&#8217;de d\u00fczenlenen programda Kur&#8217;an-\u0131 Kerim tilaveti okunurken, mevlit ve ilahilerle \u015fehitler yad edildi. Programda vatan u\u011fruna hayat\u0131n\u0131 kaybeden \u015fehitler i\u00e7in dualar edildi.<\/p>\n\n\n\n<p class=\"wp-block-paragraph\">Mevlit program\u0131n\u0131n ard\u0131ndan jandarma personeli taraf\u0131ndan cami cemaati ve vatanda\u015flara \u00e7e\u015fitli ikramlarda bulunuldu.<\/p>\n\n\n\n<p class=\"wp-block-paragraph\">D\u00fczenlenen programa Tekirda\u011f Valisi Recep Soyt\u00fcrk, Tekirda\u011f \u0130l Jandarma Komutan\u0131 Albay Ali G\u00fcng\u00f6r, jandarma personeli, emniyet mensuplar\u0131 ve \u00e7ok say\u0131da vatanda\u015f kat\u0131ld\u0131.<\/p>\n\n\n\n<p class=\"wp-block-paragraph\">Jandarma Te\u015fkilat\u0131&#8217;n\u0131n kurulu\u015f y\u0131l d\u00f6n\u00fcm\u00fc dolay\u0131s\u0131yla ger\u00e7ekle\u015ftirilen etkinliklerin g\u00fcn boyunca \u00e7e\u015fitli programlarla devam edece\u011fi belirtildi. &#8211; TEK\u0130RDA\u011e<\/p>\n","protected":false},"excerpt":{"rendered":"<p>Tekirda\u011f&#8217;da Jandarma Te\u015fkilat\u0131&#8217;n\u0131n 187&#8217;nci kurulu\u015f y\u0131l d\u00f6n\u00fcm\u00fc etkinlikleri kapsam\u0131nda \u015fehitler an\u0131s\u0131na mevlit program\u0131 ger\u00e7ekle\u015ftirildi. Tekirda\u011f&#8216;da&nbsp;Jandarma&nbsp;Te\u015fkilat\u0131&#8217;n\u0131n&#8230;<\/p>\n","protected":false},"author":1,"featured_media":2086,"comment_status":"closed","ping_status":"closed","sticky":false,"template":"","format":"standard","meta":{"footnotes":""},"categories":[1],"tags":[],"ppma_author":[57],"class_list":["post-2085","post","type-post","status-publish","format-standard","has-post-thumbnail","hentry","category-tekirdag-gundemi"],"authors":[{"term_id":57,"user_id":1,"is_guest":0,"slug":"admin","display_name":"Alp Aslan","avatar_url":"https:\/\/secure.gravatar.com\/avatar\/07c18c5ad3350b025db8f3328450e071acb435c703e565899c880c63362f137a?s=96&d=mm&r=g","author_category":"1","first_name":"Alp Aslan","last_name":"ER\u0130N","user_url":"http:\/\/www.gundem59.com.tr","job_title":"","description":""}],"_links":{"self":[{"href":"https:\/\/gundem59.com.tr\/index.php?rest_route=\/wp\/v2\/posts\/2085","targetHints":{"allow":["GET"]}}],"collection":[{"href":"https:\/\/gundem59.com.tr\/index.php?rest_route=\/wp\/v2\/posts"}],"about":[{"href":"https:\/\/gundem59.com.tr\/index.php?rest_route=\/wp\/v2\/types\/post"}],"author":[{"embeddable":true,"href":"https:\/\/gundem59.com.tr\/index.php?rest_route=\/wp\/v2\/users\/1"}],"replies":[{"embeddable":true,"href":"https:\/\/gundem59.com.tr\/index.php?rest_route=%2Fwp%2Fv2%2Fcomments&post=2085"}],"version-history":[{"count":1,"href":"https:\/\/gundem59.com.tr\/index.php?rest_route=\/wp\/v2\/posts\/2085\/revisions"}],"predecessor-version":[{"id":2087,"href":"https:\/\/gundem59.com.tr\/index.php?rest_route=\/wp\/v2\/posts\/2085\/revisions\/2087"}],"wp:featuredmedia":[{"embeddable":true,"href":"https:\/\/gundem59.com.tr\/index.php?rest_route=\/wp\/v2\/media\/2086"}],"wp:attachment":[{"href":"https:\/\/gundem59.com.tr\/index.php?rest_route=%2Fwp%2Fv2%2Fmedia&parent=2085"}],"wp:term":[{"taxonomy":"category","embeddable":true,"href":"https:\/\/gundem59.com.tr\/index.php?rest_route=%2Fwp%2Fv2%2Fcategories&post=2085"},{"taxonomy":"post_tag","embeddable":true,"href":"https:\/\/gundem59.com.tr\/index.php?rest_route=%2Fwp%2Fv2%2Ftags&post=2085"},{"taxonomy":"author","embeddable":true,"href":"https:\/\/gundem59.com.tr\/index.php?rest_route=%2Fwp%2Fv2%2Fppma_author&post=2085"}],"curies":[{"name":"wp","href":"https:\/\/api.w.org\/{rel}","templated":true}]}}