{"id":2079,"date":"2026-06-15T22:45:12","date_gmt":"2026-06-15T22:45:12","guid":{"rendered":"https:\/\/gundem59.com.tr\/?p=2079"},"modified":"2026-06-15T22:45:12","modified_gmt":"2026-06-15T22:45:12","slug":"trakyada-saglik-turizmi-heyeti-ziyareti","status":"publish","type":"post","link":"https:\/\/gundem59.com.tr\/?p=2079","title":{"rendered":"Trakya&#8217;da Sa\u011fl\u0131k Turizmi Heyeti Ziyareti"},"content":{"rendered":"\n<p class=\"wp-block-paragraph\">Bulgaristan&#8217;dan gelen sa\u011fl\u0131k heyeti, Tekirda\u011f ve K\u0131rklareli&#8217;ndeki sa\u011fl\u0131k kurulu\u015flar\u0131n\u0131 ziyaret etti.<\/p>\n\n\n\n<p class=\"wp-block-paragraph\">Trakya Kalk\u0131nma Ajans\u0131 i\u015f birli\u011finde Trakya&nbsp;<a href=\"https:\/\/www.sondakika.com\/saglik\/\">Sa\u011fl\u0131k<\/a>&nbsp;Turizmini Geli\u015ftirme Derne\u011fi&#8217;nce d\u00fczenlenen program kapsam\u0131nda,&nbsp;<a href=\"https:\/\/www.sondakika.com\/bulgaristan\/\">Bulgaristan<\/a>&#8216;\u0131n Filibe b\u00f6lgesinden gelen 14 ki\u015filik sa\u011fl\u0131k heyeti, 12-14 Haziran tarihlerinde&nbsp;<a href=\"https:\/\/www.sondakika.com\/tekirdag\/\">Tekirda\u011f<\/a>&nbsp;ve&nbsp;<a href=\"https:\/\/www.sondakika.com\/kirklareli\/\">K\u0131rklareli<\/a>&#8216;ndeki \u00f6zel sa\u011fl\u0131k kurulu\u015flar\u0131n\u0131 ziyaret etti.<\/p>\n\n\n\n<p class=\"wp-block-paragraph\">B\u00f6lgenin sa\u011fl\u0131k turizmi potansiyelini uluslararas\u0131 payda\u015flara tan\u0131tmak ve s\u0131n\u0131r \u00f6tesi i\u015f birliklerini g\u00fc\u00e7lendirmek amac\u0131yla hayata ge\u00e7irilen \u00fc\u00e7 g\u00fcnl\u00fck al\u0131m heyeti program\u0131na; Pulmed Hastanesi Ba\u015fhekimi, \u00fcst d\u00fczey y\u00f6neticileri ve doktorlar\u0131n\u0131n yan\u0131 s\u0131ra Filibe b\u00f6lgesinde g\u00f6rev yapan di\u015f hekimleri ve aile hekimleri kat\u0131ld\u0131.<\/p>\n\n\n\n<p class=\"wp-block-paragraph\">Program boyunca heyet \u00fcyeleri, b\u00f6lgenin \u00f6nde gelen \u00f6zel hastane ve a\u011f\u0131z-di\u015f sa\u011fl\u0131\u011f\u0131 polikliniklerini ziyaret ederek merkezlerin altyap\u0131s\u0131n\u0131, teknolojik donan\u0131m\u0131n\u0131 ve sunduklar\u0131 hizmetleri yerinde inceleme imkan\u0131 buldu. Kurum y\u00f6neticileriyle ger\u00e7ekle\u015ftirilen ikili g\u00f6r\u00fc\u015fmelerde, hasta y\u00f6nlendirme ve i\u015f birli\u011fi imkanlar\u0131 ele al\u0131nd\u0131. G\u00f6r\u00fc\u015fmeler kapsam\u0131nda sa\u011fl\u0131k kurulu\u015flar\u0131 aras\u0131nda i\u015f birli\u011fi yap\u0131lmas\u0131 ve protokol imzalanmas\u0131 y\u00f6n\u00fcnde kar\u015f\u0131l\u0131kl\u0131 irade ortaya konuldu.<\/p>\n\n\n\n<p class=\"wp-block-paragraph\"><a href=\"https:\/\/www.sondakika.com\/trakya-bolgesi\/\">Trakya B\u00f6lgesi<\/a>; co\u011frafi yak\u0131nl\u0131\u011f\u0131, geli\u015fmi\u015f sa\u011fl\u0131k altyap\u0131s\u0131 ve uluslararas\u0131 standartlarda hizmet sunan kurulu\u015flar\u0131yla, ba\u015fta kom\u015fu \u00fclkeler olmak \u00fczere yurt d\u0131\u015f\u0131ndan gelen hastalar i\u00e7in \u00f6nemli bir sa\u011fl\u0131k turizmi merkezi olma yolunda ilerliyor. D\u00fczenlenen bu t\u00fcr al\u0131m heyeti programlar\u0131, b\u00f6lgenin tan\u0131n\u0131rl\u0131\u011f\u0131n\u0131 art\u0131rman\u0131n yan\u0131 s\u0131ra somut i\u015f birliklerinin kap\u0131s\u0131n\u0131 aral\u0131yor.<\/p>\n\n\n\n<p class=\"wp-block-paragraph\">Trakya Sa\u011fl\u0131k Turizmini Geli\u015ftirme Derne\u011fi yetkilileri, Trakya Kalk\u0131nma Ajans\u0131&#8217;n\u0131n deste\u011fiyle b\u00f6lgenin sa\u011fl\u0131k turizmi kapasitesini geli\u015ftirmeye ve uluslararas\u0131 i\u015f birliklerini \u00e7e\u015fitlendirmeye y\u00f6nelik \u00e7al\u0131\u015fmalar\u0131n\u0131 \u00f6n\u00fcm\u00fczdeki d\u00f6nemde de s\u00fcrd\u00fcreceklerini kaydetti. &#8211; TEK\u0130RDA\u011e<\/p>\n","protected":false},"excerpt":{"rendered":"<p>Bulgaristan&#8217;dan gelen sa\u011fl\u0131k heyeti, Tekirda\u011f ve K\u0131rklareli&#8217;ndeki sa\u011fl\u0131k kurulu\u015flar\u0131n\u0131 ziyaret etti. Trakya Kalk\u0131nma Ajans\u0131 i\u015f&#8230;<\/p>\n","protected":false},"author":1,"featured_media":2080,"comment_status":"closed","ping_status":"closed","sticky":false,"template":"","format":"standard","meta":{"footnotes":""},"categories":[1],"tags":[],"ppma_author":[57],"class_list":["post-2079","post","type-post","status-publish","format-standard","has-post-thumbnail","hentry","category-tekirdag-gundemi"],"authors":[{"term_id":57,"user_id":1,"is_guest":0,"slug":"admin","display_name":"Alp Aslan","avatar_url":"https:\/\/secure.gravatar.com\/avatar\/07c18c5ad3350b025db8f3328450e071acb435c703e565899c880c63362f137a?s=96&d=mm&r=g","author_category":"1","first_name":"Alp Aslan","last_name":"ER\u0130N","user_url":"http:\/\/www.gundem59.com.tr","job_title":"","description":""}],"_links":{"self":[{"href":"https:\/\/gundem59.com.tr\/index.php?rest_route=\/wp\/v2\/posts\/2079","targetHints":{"allow":["GET"]}}],"collection":[{"href":"https:\/\/gundem59.com.tr\/index.php?rest_route=\/wp\/v2\/posts"}],"about":[{"href":"https:\/\/gundem59.com.tr\/index.php?rest_route=\/wp\/v2\/types\/post"}],"author":[{"embeddable":true,"href":"https:\/\/gundem59.com.tr\/index.php?rest_route=\/wp\/v2\/users\/1"}],"replies":[{"embeddable":true,"href":"https:\/\/gundem59.com.tr\/index.php?rest_route=%2Fwp%2Fv2%2Fcomments&post=2079"}],"version-history":[{"count":1,"href":"https:\/\/gundem59.com.tr\/index.php?rest_route=\/wp\/v2\/posts\/2079\/revisions"}],"predecessor-version":[{"id":2081,"href":"https:\/\/gundem59.com.tr\/index.php?rest_route=\/wp\/v2\/posts\/2079\/revisions\/2081"}],"wp:featuredmedia":[{"embeddable":true,"href":"https:\/\/gundem59.com.tr\/index.php?rest_route=\/wp\/v2\/media\/2080"}],"wp:attachment":[{"href":"https:\/\/gundem59.com.tr\/index.php?rest_route=%2Fwp%2Fv2%2Fmedia&parent=2079"}],"wp:term":[{"taxonomy":"category","embeddable":true,"href":"https:\/\/gundem59.com.tr\/index.php?rest_route=%2Fwp%2Fv2%2Fcategories&post=2079"},{"taxonomy":"post_tag","embeddable":true,"href":"https:\/\/gundem59.com.tr\/index.php?rest_route=%2Fwp%2Fv2%2Ftags&post=2079"},{"taxonomy":"author","embeddable":true,"href":"https:\/\/gundem59.com.tr\/index.php?rest_route=%2Fwp%2Fv2%2Fppma_author&post=2079"}],"curies":[{"name":"wp","href":"https:\/\/api.w.org\/{rel}","templated":true}]}}