{"id":2072,"date":"2026-06-14T22:57:00","date_gmt":"2026-06-14T22:57:00","guid":{"rendered":"https:\/\/gundem59.com.tr\/?p=2072"},"modified":"2026-06-14T22:57:58","modified_gmt":"2026-06-14T22:57:58","slug":"nisanli-cift-kazada-yaralandi","status":"publish","type":"post","link":"https:\/\/gundem59.com.tr\/?p=2072","title":{"rendered":"Ni\u015fanl\u0131 \u00c7ift Kazada Yaraland\u0131"},"content":{"rendered":"\n<p class=\"wp-block-paragraph\">Tekirda\u011f&#8217;da ref\u00fcje \u00e7arpan otomobil devrildi; ni\u015fanl\u0131 \u00e7ift yaral\u0131. G.E.&#8217;nin durumu a\u011f\u0131r.<\/p>\n\n\n\n<p class=\"wp-block-paragraph\"><a href=\"https:\/\/www.sondakika.com\/tekirdag\/\">Tekirda\u011f<\/a>&#8216;da ref\u00fcje \u00e7arpan otomobilin devrildi\u011fi kazada ni\u015fanl\u0131 \u00e7ift yaraland\u0131.<\/p>\n\n\n\n<p class=\"wp-block-paragraph\">Kaza, Tekirda\u011f merkez il\u00e7esi S\u00fcleymanpa\u015fa&#8217;da bulunan \u0130stanbul Bulvar\u0131 \u00fczerinde meydana geldi. Edinilen bilgilere g\u00f6re, O.E. idaresindeki 59 ZZ 288 plakal\u0131 otomobil, s\u00fcr\u00fcc\u00fcs\u00fcn\u00fcn direksiyon hakimiyetini kaybetmesi sonucu kontrolden \u00e7\u0131karak ref\u00fcje \u00e7arpt\u0131. \u00c7arpman\u0131n etkisiyle savrulan otomobil yol \u00fczerinde devrildi.<\/p>\n\n\n\n<p class=\"wp-block-paragraph\">\u0130hbar \u00fczerine olay yerine sa\u011fl\u0131k ve jandarma ekipleri sevk edildi. Ara\u00e7 i\u00e7erisinde bulunan s\u00fcr\u00fcc\u00fc O.E. ile yan\u0131nda bulunan ni\u015fanl\u0131s\u0131 G.E. yaraland\u0131. Sa\u011fl\u0131k ekipleri taraf\u0131ndan olay yerinde ilk m\u00fcdahaleleri yap\u0131lan yaral\u0131lar ambulanslarla Tekirda\u011f \u0130smail Fehmi Cumal\u0131o\u011flu \u015eehir Hastanesi&#8217;ne kald\u0131r\u0131ld\u0131. Yaral\u0131lardan G.E.&#8217;nin durumunun a\u011f\u0131r oldu\u011fu \u00f6\u011frenildi. \u00c7iftin gelecek hafta d\u00fc\u011f\u00fcnlerinin olaca\u011f\u0131 \u00f6\u011frenildi.<\/p>\n\n\n\n<p class=\"wp-block-paragraph\">Jandarma ekipleri taraf\u0131ndan kazayla ilgili inceleme ba\u015flat\u0131ld\u0131. &#8211; TEK\u0130RDA\u011e<\/p>\n","protected":false},"excerpt":{"rendered":"<p>Tekirda\u011f&#8217;da ref\u00fcje \u00e7arpan otomobil devrildi; ni\u015fanl\u0131 \u00e7ift yaral\u0131. G.E.&#8217;nin durumu a\u011f\u0131r. Tekirda\u011f&#8216;da ref\u00fcje \u00e7arpan otomobilin&#8230;<\/p>\n","protected":false},"author":1,"featured_media":2073,"comment_status":"closed","ping_status":"closed","sticky":false,"template":"","format":"standard","meta":{"footnotes":""},"categories":[14,1],"tags":[],"ppma_author":[57],"class_list":["post-2072","post","type-post","status-publish","format-standard","has-post-thumbnail","hentry","category-suleymanpasa","category-tekirdag-gundemi"],"authors":[{"term_id":57,"user_id":1,"is_guest":0,"slug":"admin","display_name":"Alp Aslan","avatar_url":"https:\/\/secure.gravatar.com\/avatar\/07c18c5ad3350b025db8f3328450e071acb435c703e565899c880c63362f137a?s=96&d=mm&r=g","author_category":"1","first_name":"Alp Aslan","last_name":"ER\u0130N","user_url":"http:\/\/www.gundem59.com.tr","job_title":"","description":""}],"_links":{"self":[{"href":"https:\/\/gundem59.com.tr\/index.php?rest_route=\/wp\/v2\/posts\/2072","targetHints":{"allow":["GET"]}}],"collection":[{"href":"https:\/\/gundem59.com.tr\/index.php?rest_route=\/wp\/v2\/posts"}],"about":[{"href":"https:\/\/gundem59.com.tr\/index.php?rest_route=\/wp\/v2\/types\/post"}],"author":[{"embeddable":true,"href":"https:\/\/gundem59.com.tr\/index.php?rest_route=\/wp\/v2\/users\/1"}],"replies":[{"embeddable":true,"href":"https:\/\/gundem59.com.tr\/index.php?rest_route=%2Fwp%2Fv2%2Fcomments&post=2072"}],"version-history":[{"count":1,"href":"https:\/\/gundem59.com.tr\/index.php?rest_route=\/wp\/v2\/posts\/2072\/revisions"}],"predecessor-version":[{"id":2074,"href":"https:\/\/gundem59.com.tr\/index.php?rest_route=\/wp\/v2\/posts\/2072\/revisions\/2074"}],"wp:featuredmedia":[{"embeddable":true,"href":"https:\/\/gundem59.com.tr\/index.php?rest_route=\/wp\/v2\/media\/2073"}],"wp:attachment":[{"href":"https:\/\/gundem59.com.tr\/index.php?rest_route=%2Fwp%2Fv2%2Fmedia&parent=2072"}],"wp:term":[{"taxonomy":"category","embeddable":true,"href":"https:\/\/gundem59.com.tr\/index.php?rest_route=%2Fwp%2Fv2%2Fcategories&post=2072"},{"taxonomy":"post_tag","embeddable":true,"href":"https:\/\/gundem59.com.tr\/index.php?rest_route=%2Fwp%2Fv2%2Ftags&post=2072"},{"taxonomy":"author","embeddable":true,"href":"https:\/\/gundem59.com.tr\/index.php?rest_route=%2Fwp%2Fv2%2Fppma_author&post=2072"}],"curies":[{"name":"wp","href":"https:\/\/api.w.org\/{rel}","templated":true}]}}