{"id":207,"date":"2026-04-06T16:54:54","date_gmt":"2026-04-06T16:54:54","guid":{"rendered":"https:\/\/gundem59.com.tr\/?p=207"},"modified":"2026-04-06T16:54:54","modified_gmt":"2026-04-06T16:54:54","slug":"tekirdag-kentsel-donusumde-yeni-donemin-kazanani-olacak","status":"publish","type":"post","link":"https:\/\/gundem59.com.tr\/?p=207","title":{"rendered":"&#8220;TEK\u0130RDA\u011e, KENTSEL D\u00d6N\u00dc\u015e\u00dcMDE YEN\u0130 D\u00d6NEM\u0130N KAZANANI OLACAK&#8221;"},"content":{"rendered":"\n<p class=\"wp-block-paragraph\">AK Parti Tekirda\u011f \u0130l Ba\u015fkan\u0131 Ali G\u00fcm\u00fc\u015f, \u00c7evre, \u015eehircilik ve \u0130klim De\u011fi\u015fikli\u011fi Bakan\u0131 Say\u0131n Murat Kurum&#8217;un kamuoyuyla payla\u015ft\u0131\u011f\u0131 yeni kentsel d\u00f6n\u00fc\u015f\u00fcm kredisi paketine ili\u015fkin bir a\u00e7\u0131klama yapt\u0131. G\u00fcm\u00fc\u015f, D\u00fcnya Bankas\u0131 finansman\u0131yla y\u00fcr\u00fct\u00fclen &#8220;\u0130klim ve Afetlere Dayan\u0131kl\u0131 \u015eehirler Projesi&#8221; (\u0130AD\u015eP) kapsam\u0131nda belirlenen pilot iller aras\u0131nda Tekirda\u011f&#8217;\u0131n da yer ald\u0131\u011f\u0131n\u0131 hat\u0131rlatarak, bu paketin ilimiz i\u00e7in tarihi bir f\u0131rsat oldu\u011funu vurgulad\u0131.<br>&#8220;Cumhurba\u015fkan\u0131m\u0131z\u0131n liderli\u011finde, deprem ger\u00e7e\u011fiyle y\u00fczle\u015fen bir T\u00fcrkiye var&#8221;<br>A\u00e7\u0131klamas\u0131nda konuya Marmara&#8217;n\u0131n deprem ger\u00e7e\u011fiyle ba\u015flayan G\u00fcm\u00fc\u015f, \u015funlar\u0131 s\u00f6yledi:<br>&#8220;Tekirda\u011f, Kuzey Anadolu Fay Hatt\u0131&#8217;n\u0131n Marmara segmentine en yak\u0131n illerimizden biridir. \u015eehrimizin yap\u0131 sto\u011funun \u00f6nemli bir b\u00f6l\u00fcm\u00fc, ge\u00e7mi\u015f y\u0131llar\u0131n imar anlay\u0131\u015f\u0131yla in\u015fa edilmi\u015f, bug\u00fcn\u00fcn deprem y\u00f6netmeliklerinin gerisinde kalan binalardan olu\u015fmaktad\u0131r. Say\u0131n Cumhurba\u015fkan\u0131m\u0131z Recep Tayyip Erdo\u011fan&#8217;\u0131n liderli\u011finde, devletimiz bu ger\u00e7ekten ka\u00e7m\u0131yor; tam tersine, vatanda\u015f\u0131m\u0131z\u0131n can\u0131n\u0131 ve mal\u0131n\u0131 koruyacak somut ad\u0131mlar\u0131 kararl\u0131l\u0131kla at\u0131yor. Bakan\u0131m\u0131z Say\u0131n Murat Kurum&#8217;un d\u00fcn kamuoyuyla payla\u015ft\u0131\u011f\u0131 yeni kentsel d\u00f6n\u00fc\u015f\u00fcm kredisi paketi, bu kararl\u0131l\u0131\u011f\u0131n en g\u00fczel \u00f6rne\u011fidir.&#8221;<br>&#8220;Tekirda\u011f pilot iller aras\u0131nda&#8221;<br>G\u00fcm\u00fc\u015f, projenin kapsam\u0131na ili\u015fkin ayr\u0131nt\u0131lara da de\u011findi: &#8220;\u00c7evre, \u015eehircilik ve \u0130klim De\u011fi\u015fikli\u011fi Bakanl\u0131\u011f\u0131m\u0131z\u0131n koordinasyonunda, D\u00fcnya Bankas\u0131 finansman\u0131yla y\u00fcr\u00fct\u00fclen \u0130klim ve Afetlere Dayan\u0131kl\u0131 \u015eehirler Projesi; \u0130stanbul, \u0130zmir, Kocaeli, Sakarya, Manisa ile birlikte Tekirda\u011f&#8217;\u0131 da kaps\u0131yor. Yani Marmara&#8217;n\u0131n y\u00fck\u00fcn\u00fc ta\u015f\u0131yan illerimizden biri olan Tekirda\u011f, bu b\u00fcy\u00fck d\u00f6n\u00fc\u015f\u00fcm hamlesinin do\u011frudan muhatab\u0131 ve faydalan\u0131c\u0131s\u0131d\u0131r. Bu, h\u00fck\u00fcmetimizin Tekirda\u011f&#8217;a verdi\u011fi de\u011ferin somut bir g\u00f6stergesidir.&#8221;<br>&#8220;3 milyon TL&#8217;ye varan, ilk y\u0131l\u0131 \u00f6demesiz, uzun vadeli finansman&#8221;<br>Kredi ko\u015fullar\u0131n\u0131 ana hatlar\u0131yla aktaran G\u00fcm\u00fc\u015f, paketin ayr\u0131nt\u0131lar\u0131n\u0131 \u015f\u00f6yle \u00f6zetledi:<br>&#8220;Hem\u015fehrilerimiz, riskli yap\u0131lar\u0131n\u0131 yenilemek i\u00e7in 3 milyon TL&#8217;ye varan, ilk y\u0131l\u0131 \u00f6demesiz, 180 ay vadeli ve ayl\u0131k y\u00fczde 0,69 faiz oran\u0131yla finansmana eri\u015febilecek. Bu, piyasa ko\u015fullar\u0131nda bulunmas\u0131 m\u00fcmk\u00fcn olmayan, devletimizin omzunu vatanda\u015f\u0131n\u0131n omzuna koydu\u011fu bir destektir.&#8221;<br>&#8220;\u015eehidimizin ailesi, gazimiz, emeklimiz, engellimiz ek indirim alacak&#8221;<br>G\u00fcm\u00fc\u015f, sosyal hassasiyet bar\u0131nd\u0131ran indirim kategorilerine \u00f6zellikle dikkat \u00e7ekti:<br>&#8220;Bu paketin en k\u0131ymetli yanlar\u0131ndan biri, h\u00fck\u00fcmetimizin sosyal devlet anlay\u0131\u015f\u0131n\u0131 yans\u0131tan faiz indirimleridir. T\u00fcrkiye Cumhuriyeti s\u0131n\u0131rlar\u0131 i\u00e7inde tek konutu riskli yap\u0131 olan vatanda\u015flar\u0131m\u0131z; orta ve d\u00fc\u015f\u00fck gelirli haneler; \u015fehit aileleri, harp ve vazife malulleri, dul ve yetimleri, emeklilerimiz, en az y\u00fczde 40 oran\u0131nda engelli vatanda\u015flar\u0131m\u0131z ve hane reisi kad\u0131n olan ailelerimiz ek faiz indiriminden faydalanacak. Bunlara ek olarak, A s\u0131n\u0131f\u0131 Enerji Kimlik Belgesine sahip binalar i\u00e7in y\u0131ll\u0131k y\u00fczde 0,50, B s\u0131n\u0131f\u0131 i\u00e7in ise y\u00fczde 0,25 indirim uygulanacak. D\u00f6rt kategoriyi birden kar\u015f\u0131layan bir vatanda\u015f\u0131m\u0131z, y\u0131ll\u0131k y\u00fczde 1,25&#8217;e varan bir indirim alabilecek. Bu, devletin vatanda\u015f\u0131na &#8216;yaln\u0131z de\u011filsin&#8217; demesidir.&#8221;<br>&#8220;S\u00fcre\u00e7 \u015feffaf, ba\u015fvuru e-Devlet \u00fczerinden&#8221;<br>Ba\u015fvuru s\u00fcrecinin i\u015fleyi\u015fine de de\u011finen \u0130l Ba\u015fkan\u0131 G\u00fcm\u00fc\u015f, &#8220;S\u00fcre\u00e7 son derece \u015feffaft\u0131r. Vatanda\u015flar\u0131m\u0131z \u00f6nce Bakanl\u0131\u011f\u0131m\u0131z\u0131n \u015eANT\u0130YE-M sistemine kay\u0131tl\u0131 lisansl\u0131 bir m\u00fcteahhitle anla\u015facak. M\u00fcteahhit, yap\u0131m ruhsat\u0131n\u0131 ald\u0131ktan sonra e-Devlet \u00fczerinden ARAAD (AFD\u0130S) sistemine giri\u015fle proje belgelerini y\u00fckleyecek. Ba\u015fkanl\u0131k onay\u0131n\u0131n ard\u0131ndan hak sahiplerimiz yine e-Devlet \u00fczerinden \u00f6n ba\u015fvurular\u0131n\u0131 tamamlay\u0131p, protokol imzalanan banka \u015fubesine fiziki ba\u015fvurular\u0131n\u0131 yapacak. Yani vatanda\u015f\u0131m\u0131z kap\u0131 kap\u0131 dola\u015fmayacak; s\u00fcre\u00e7 dijital, h\u0131zl\u0131 ve g\u00fcvenli i\u015fleyecek.&#8221; dedi.<br>&#8220;\u0130l te\u015fkilat\u0131m\u0131z sahada olacak&#8221;<br>G\u00fcm\u00fc\u015f, a\u00e7\u0131klamas\u0131n\u0131n sonunda partisinin sahaya inme kararl\u0131l\u0131\u011f\u0131n\u0131n alt\u0131n\u0131 \u00e7izdi:<br>&#8220;AK Parti Tekirda\u011f \u0130l Te\u015fkilat\u0131 olarak, 11 il\u00e7emizin tamam\u0131nda bu paketin hem\u015fehrilerimize do\u011fru ve eksiksiz bi\u00e7imde anlat\u0131lmas\u0131 i\u00e7in seferber olaca\u011f\u0131z. \u0130l\u00e7e te\u015fkilatlar\u0131m\u0131z, mahalle ba\u015fkanlar\u0131m\u0131z ve g\u00f6n\u00fcll\u00fclerimizle birlikte; vatanda\u015f\u0131m\u0131z\u0131n akl\u0131ndaki her sorunun cevab\u0131n\u0131, ba\u015fvuru s\u00fcrecindeki her ad\u0131m\u0131 sahada birebir takip edece\u011fiz. S\u00fcleymanpa\u015fa&#8217;dan \u00c7erkezk\u00f6y&#8217;e, \u00c7orlu&#8217;dan Malkara&#8217;ya, Kapakl\u0131&#8217;dan Hayrabolu&#8217;ya, \u015eark\u00f6y&#8217;den Marmaraere\u011flisi&#8217;ne, Saray&#8217;dan Ergene&#8217;ye, Ergene\u2019den Muratl\u0131&#8217;ya kadar her il\u00e7emizde hem\u015fehrilerimizin yan\u0131nda olaca\u011f\u0131z.&#8221;<br>&#8220;Bu vesileyle, \u015fehrimize bu b\u00fcy\u00fck deste\u011fi kazand\u0131ran ba\u015fta Say\u0131n Cumhurba\u015fkan\u0131m\u0131z Recep Tayyip Erdo\u011fan&#8217;a ve \u00c7evre, \u015eehircilik ve \u0130klim De\u011fi\u015fikli\u011fi Bakan\u0131m\u0131z Say\u0131n Murat Kurum&#8217;a Tekirda\u011f ad\u0131na te\u015fekk\u00fcr ediyor; t\u00fcm hem\u015fehrilerimi bu tarihi f\u0131rsattan yararlanmaya davet ediyorum.&#8221;<\/p>\n","protected":false},"excerpt":{"rendered":"<p>AK Parti Tekirda\u011f \u0130l Ba\u015fkan\u0131 Ali G\u00fcm\u00fc\u015f, \u00c7evre, \u015eehircilik ve \u0130klim De\u011fi\u015fikli\u011fi Bakan\u0131 Say\u0131n Murat&#8230;<\/p>\n","protected":false},"author":1,"featured_media":208,"comment_status":"open","ping_status":"open","sticky":false,"template":"","format":"standard","meta":{"footnotes":""},"categories":[1],"tags":[],"ppma_author":[57],"class_list":["post-207","post","type-post","status-publish","format-standard","has-post-thumbnail","hentry","category-tekirdag-gundemi"],"authors":[{"term_id":57,"user_id":1,"is_guest":0,"slug":"admin","display_name":"Alp Aslan","avatar_url":"https:\/\/secure.gravatar.com\/avatar\/07c18c5ad3350b025db8f3328450e071acb435c703e565899c880c63362f137a?s=96&d=mm&r=g","author_category":"1","first_name":"Alp Aslan","last_name":"ER\u0130N","user_url":"http:\/\/www.gundem59.com.tr","job_title":"","description":""}],"_links":{"self":[{"href":"https:\/\/gundem59.com.tr\/index.php?rest_route=\/wp\/v2\/posts\/207","targetHints":{"allow":["GET"]}}],"collection":[{"href":"https:\/\/gundem59.com.tr\/index.php?rest_route=\/wp\/v2\/posts"}],"about":[{"href":"https:\/\/gundem59.com.tr\/index.php?rest_route=\/wp\/v2\/types\/post"}],"author":[{"embeddable":true,"href":"https:\/\/gundem59.com.tr\/index.php?rest_route=\/wp\/v2\/users\/1"}],"replies":[{"embeddable":true,"href":"https:\/\/gundem59.com.tr\/index.php?rest_route=%2Fwp%2Fv2%2Fcomments&post=207"}],"version-history":[{"count":1,"href":"https:\/\/gundem59.com.tr\/index.php?rest_route=\/wp\/v2\/posts\/207\/revisions"}],"predecessor-version":[{"id":209,"href":"https:\/\/gundem59.com.tr\/index.php?rest_route=\/wp\/v2\/posts\/207\/revisions\/209"}],"wp:featuredmedia":[{"embeddable":true,"href":"https:\/\/gundem59.com.tr\/index.php?rest_route=\/wp\/v2\/media\/208"}],"wp:attachment":[{"href":"https:\/\/gundem59.com.tr\/index.php?rest_route=%2Fwp%2Fv2%2Fmedia&parent=207"}],"wp:term":[{"taxonomy":"category","embeddable":true,"href":"https:\/\/gundem59.com.tr\/index.php?rest_route=%2Fwp%2Fv2%2Fcategories&post=207"},{"taxonomy":"post_tag","embeddable":true,"href":"https:\/\/gundem59.com.tr\/index.php?rest_route=%2Fwp%2Fv2%2Ftags&post=207"},{"taxonomy":"author","embeddable":true,"href":"https:\/\/gundem59.com.tr\/index.php?rest_route=%2Fwp%2Fv2%2Fppma_author&post=207"}],"curies":[{"name":"wp","href":"https:\/\/api.w.org\/{rel}","templated":true}]}}