{"id":2069,"date":"2026-06-14T22:53:08","date_gmt":"2026-06-14T22:53:08","guid":{"rendered":"https:\/\/gundem59.com.tr\/?p=2069"},"modified":"2026-06-14T22:53:09","modified_gmt":"2026-06-14T22:53:09","slug":"tekirdagda-kiraz-festivali-yarismasi","status":"publish","type":"post","link":"https:\/\/gundem59.com.tr\/?p=2069","title":{"rendered":"Tekirda\u011f&#8217;da Kiraz Festivali Yar\u0131\u015fmas\u0131"},"content":{"rendered":"\n<p class=\"wp-block-paragraph\">60. Uluslararas\u0131 Kiraz Festivali&#8217;nde kirazl\u0131 yemek yar\u0131\u015fmas\u0131 yap\u0131ld\u0131, dereceye girenler belirlendi.<\/p>\n\n\n\n<p class=\"wp-block-paragraph\"><a href=\"https:\/\/www.sondakika.com\/tekirdag\/\">Tekirda\u011f<\/a>&#8216;da 60. Uluslararas\u0131 Kiraz Festivali etkinlikleri kapsam\u0131nda kirazl\u0131 yemek, tatl\u0131 ve hamur i\u015fi yar\u0131\u015fmas\u0131 ger\u00e7ekle\u015ftirildi.<\/p>\n\n\n\n<p class=\"wp-block-paragraph\">S\u00fcleymanpa\u015fa Belediyesince sahil dolgu alan\u0131nda d\u00fczenlenen yar\u0131\u015fmaya 45 kad\u0131n kat\u0131ld\u0131.<\/p>\n\n\n\n<p class=\"wp-block-paragraph\">Kat\u0131l\u0131mc\u0131lar taraf\u0131ndan haz\u0131rlanan kirazl\u0131 yemekler, tatl\u0131lar ve hamur i\u015fleri j\u00fcri \u00fcyelerinin de\u011ferlendirmesine sunuldu.<\/p>\n\n\n\n<p class=\"wp-block-paragraph\">Lezzet, sunum ve \u00f6zg\u00fcnl\u00fck kriterlerine g\u00f6re yap\u0131lan de\u011ferlendirmede dereceye giren isimler belirlendi.<\/p>\n\n\n\n<p class=\"wp-block-paragraph\">Yar\u0131\u015fmada kirazl\u0131 yemek kategorisinde Pelin Toprakal, kirazl\u0131 hamur i\u015fi kategorisinde Hatice Karasu, kirazl\u0131 tatl\u0131 kategorisinde ise Sude \u00dcst\u00fcno\u011flu birincili\u011fi elde etti.<\/p>\n\n\n\n<p class=\"wp-block-paragraph\">Kazananlara para \u00f6d\u00fcl\u00fc verildi.<\/p>\n\n\n\n<p class=\"wp-block-paragraph\">S\u00fcleymanpa\u015fa Belediye Ba\u015fkan\u0131 Volkan Nallar, yar\u0131\u015fma sonunda yapt\u0131\u011f\u0131 konu\u015fmada, festival kapsam\u0131nda d\u00fczenlenen etkinliklerin yo\u011fun ilgi g\u00f6rd\u00fc\u011f\u00fcn\u00fc s\u00f6yledi.<\/p>\n\n\n\n<p class=\"wp-block-paragraph\">Kiraz\u0131n Tekirda\u011f&#8217;\u0131n simge \u00fcr\u00fcnlerinden biri oldu\u011funu belirten Nallar, festival arac\u0131l\u0131\u011f\u0131yla \u00fcr\u00fcn\u00fcn tan\u0131t\u0131m\u0131na katk\u0131 sa\u011flamay\u0131 ama\u00e7lad\u0131klar\u0131n\u0131 ifade etti.<\/p>\n\n\n\n<p class=\"wp-block-paragraph\">Kirazl\u0131 yemek kategorisinde birinci olan Pelin Toprakal ise yar\u0131\u015fma i\u00e7in ilk kez kirazl\u0131 bir yemek haz\u0131rlad\u0131\u011f\u0131n\u0131 belirterek, elde etti\u011fi dereceden dolay\u0131 mutlu oldu\u011funu s\u00f6yledi.<\/p>\n","protected":false},"excerpt":{"rendered":"<p>60. Uluslararas\u0131 Kiraz Festivali&#8217;nde kirazl\u0131 yemek yar\u0131\u015fmas\u0131 yap\u0131ld\u0131, dereceye girenler belirlendi. Tekirda\u011f&#8216;da 60. Uluslararas\u0131 Kiraz&#8230;<\/p>\n","protected":false},"author":1,"featured_media":2070,"comment_status":"closed","ping_status":"closed","sticky":false,"template":"","format":"standard","meta":{"footnotes":""},"categories":[1],"tags":[],"ppma_author":[57],"class_list":["post-2069","post","type-post","status-publish","format-standard","has-post-thumbnail","hentry","category-tekirdag-gundemi"],"authors":[{"term_id":57,"user_id":1,"is_guest":0,"slug":"admin","display_name":"Alp Aslan","avatar_url":"https:\/\/secure.gravatar.com\/avatar\/07c18c5ad3350b025db8f3328450e071acb435c703e565899c880c63362f137a?s=96&d=mm&r=g","author_category":"1","first_name":"Alp Aslan","last_name":"ER\u0130N","user_url":"http:\/\/www.gundem59.com.tr","job_title":"","description":""}],"_links":{"self":[{"href":"https:\/\/gundem59.com.tr\/index.php?rest_route=\/wp\/v2\/posts\/2069","targetHints":{"allow":["GET"]}}],"collection":[{"href":"https:\/\/gundem59.com.tr\/index.php?rest_route=\/wp\/v2\/posts"}],"about":[{"href":"https:\/\/gundem59.com.tr\/index.php?rest_route=\/wp\/v2\/types\/post"}],"author":[{"embeddable":true,"href":"https:\/\/gundem59.com.tr\/index.php?rest_route=\/wp\/v2\/users\/1"}],"replies":[{"embeddable":true,"href":"https:\/\/gundem59.com.tr\/index.php?rest_route=%2Fwp%2Fv2%2Fcomments&post=2069"}],"version-history":[{"count":1,"href":"https:\/\/gundem59.com.tr\/index.php?rest_route=\/wp\/v2\/posts\/2069\/revisions"}],"predecessor-version":[{"id":2071,"href":"https:\/\/gundem59.com.tr\/index.php?rest_route=\/wp\/v2\/posts\/2069\/revisions\/2071"}],"wp:featuredmedia":[{"embeddable":true,"href":"https:\/\/gundem59.com.tr\/index.php?rest_route=\/wp\/v2\/media\/2070"}],"wp:attachment":[{"href":"https:\/\/gundem59.com.tr\/index.php?rest_route=%2Fwp%2Fv2%2Fmedia&parent=2069"}],"wp:term":[{"taxonomy":"category","embeddable":true,"href":"https:\/\/gundem59.com.tr\/index.php?rest_route=%2Fwp%2Fv2%2Fcategories&post=2069"},{"taxonomy":"post_tag","embeddable":true,"href":"https:\/\/gundem59.com.tr\/index.php?rest_route=%2Fwp%2Fv2%2Ftags&post=2069"},{"taxonomy":"author","embeddable":true,"href":"https:\/\/gundem59.com.tr\/index.php?rest_route=%2Fwp%2Fv2%2Fppma_author&post=2069"}],"curies":[{"name":"wp","href":"https:\/\/api.w.org\/{rel}","templated":true}]}}