{"id":2065,"date":"2026-06-14T22:48:26","date_gmt":"2026-06-14T22:48:26","guid":{"rendered":"https:\/\/gundem59.com.tr\/?p=2065"},"modified":"2026-06-14T22:48:26","modified_gmt":"2026-06-14T22:48:26","slug":"kiraz-festivalinde-sakiler-ve-demet-akalin-coskusu","status":"publish","type":"post","link":"https:\/\/gundem59.com.tr\/?p=2065","title":{"rendered":"Kiraz Festivali&#8217;nde Sakiler ve Demet Akal\u0131n Co\u015fkusu"},"content":{"rendered":"\n<p class=\"wp-block-paragraph\">Tekirda\u011f&#8217;da 60. Uluslararas\u0131 Kiraz Festivali&#8217;nde Sakiler ve Demet Akal\u0131n sahne ald\u0131, co\u015fku doluydu.<\/p>\n\n\n\n<figure class=\"wp-block-image size-large\"><img  title=\"\" loading=\"lazy\" decoding=\"async\" width=\"1024\" height=\"576\" src=\"https:\/\/gundem59.com.tr\/wp-content\/uploads\/2026\/06\/tekirdag-da-sakiler-ve-demet-akalin-konseri-19948904_amp-1024x576.jpg\"  alt=\"tekirdag-da-sakiler-ve-demet-akalin-konseri-19948904_amp-1024x576 Kiraz Festivali&#039;nde Sakiler ve Demet Akal\u0131n Co\u015fkusu\"  class=\"wp-image-2067\" srcset=\"https:\/\/gundem59.com.tr\/wp-content\/uploads\/2026\/06\/tekirdag-da-sakiler-ve-demet-akalin-konseri-19948904_amp-1024x576.jpg 1024w, https:\/\/gundem59.com.tr\/wp-content\/uploads\/2026\/06\/tekirdag-da-sakiler-ve-demet-akalin-konseri-19948904_amp-300x169.jpg 300w, https:\/\/gundem59.com.tr\/wp-content\/uploads\/2026\/06\/tekirdag-da-sakiler-ve-demet-akalin-konseri-19948904_amp-768x432.jpg 768w, https:\/\/gundem59.com.tr\/wp-content\/uploads\/2026\/06\/tekirdag-da-sakiler-ve-demet-akalin-konseri-19948904_amp.jpg 1200w\" sizes=\"auto, (max-width: 1024px) 100vw, 1024px\" \/><\/figure>\n\n\n\n<p class=\"wp-block-paragraph\"><a href=\"https:\/\/www.sondakika.com\/tekirdag\/\">Tekirda\u011f<\/a>&#8216;da 60. Uluslararas\u0131 Kiraz Festivali&#8217;nin son g\u00fcn\u00fcnde m\u00fczik grubu Sakiler ve&nbsp;<a href=\"https:\/\/www.sondakika.com\/demet-akalin\/\">Demet Akal\u0131n<\/a>&nbsp;sahne ald\u0131.<\/p>\n\n\n\n<p class=\"wp-block-paragraph\">S\u00fcleymanpa\u015fa Belediyesince sahil dolgu alan\u0131nda d\u00fczenlenen festival etkinlikleri kapsam\u0131nda ilk olarak Sakiler konser verdi.<\/p>\n\n\n\n<p class=\"wp-block-paragraph\">Grup, seslendirdi\u011fi sevilen \u015fark\u0131larla festivale kat\u0131lanlara keyifli anlar ya\u015fatt\u0131.<\/p>\n\n\n\n<p class=\"wp-block-paragraph\">Ard\u0131ndan sahneye \u00e7\u0131kan Demet Akal\u0131n da sevilen \u015fark\u0131lar\u0131n\u0131 seslendirdi. Konser boyunca vatanda\u015flar \u015fark\u0131lara e\u015flik etti.<\/p>\n\n\n\n<p class=\"wp-block-paragraph\">S\u00fcleymanpa\u015fa Belediye Ba\u015fkan\u0131 Volkan Nallar, konserin ard\u0131ndan yapt\u0131\u011f\u0131 konu\u015fmada, 4 g\u00fcn s\u00fcren festivalde vatanda\u015flar\u0131n doyas\u0131ya e\u011flendi\u011fini s\u00f6yledi.<\/p>\n\n\n\n<p class=\"wp-block-paragraph\">Dolu dolu g\u00fczel bir festivali geride b\u0131rakt\u0131klar\u0131n\u0131 belirten Nallar, eme\u011fi ge\u00e7enlere te\u015fekk\u00fcr etti.<\/p>\n\n\n\n<p class=\"wp-block-paragraph\">Konser sonunda m\u00fczik grubu Sakiler ve Demet Akal\u0131n&#8217;a sepette kiraz ve \u00e7i\u00e7ek takdim edildi.<\/p>\n","protected":false},"excerpt":{"rendered":"<p>Tekirda\u011f&#8217;da 60. Uluslararas\u0131 Kiraz Festivali&#8217;nde Sakiler ve Demet Akal\u0131n sahne ald\u0131, co\u015fku doluydu. Tekirda\u011f&#8216;da 60&#8230;.<\/p>\n","protected":false},"author":1,"featured_media":2066,"comment_status":"closed","ping_status":"closed","sticky":false,"template":"","format":"standard","meta":{"footnotes":""},"categories":[14,1],"tags":[],"ppma_author":[57],"class_list":["post-2065","post","type-post","status-publish","format-standard","has-post-thumbnail","hentry","category-suleymanpasa","category-tekirdag-gundemi"],"authors":[{"term_id":57,"user_id":1,"is_guest":0,"slug":"admin","display_name":"Alp Aslan","avatar_url":"https:\/\/secure.gravatar.com\/avatar\/07c18c5ad3350b025db8f3328450e071acb435c703e565899c880c63362f137a?s=96&d=mm&r=g","author_category":"1","first_name":"Alp Aslan","last_name":"ER\u0130N","user_url":"http:\/\/www.gundem59.com.tr","job_title":"","description":""}],"_links":{"self":[{"href":"https:\/\/gundem59.com.tr\/index.php?rest_route=\/wp\/v2\/posts\/2065","targetHints":{"allow":["GET"]}}],"collection":[{"href":"https:\/\/gundem59.com.tr\/index.php?rest_route=\/wp\/v2\/posts"}],"about":[{"href":"https:\/\/gundem59.com.tr\/index.php?rest_route=\/wp\/v2\/types\/post"}],"author":[{"embeddable":true,"href":"https:\/\/gundem59.com.tr\/index.php?rest_route=\/wp\/v2\/users\/1"}],"replies":[{"embeddable":true,"href":"https:\/\/gundem59.com.tr\/index.php?rest_route=%2Fwp%2Fv2%2Fcomments&post=2065"}],"version-history":[{"count":1,"href":"https:\/\/gundem59.com.tr\/index.php?rest_route=\/wp\/v2\/posts\/2065\/revisions"}],"predecessor-version":[{"id":2068,"href":"https:\/\/gundem59.com.tr\/index.php?rest_route=\/wp\/v2\/posts\/2065\/revisions\/2068"}],"wp:featuredmedia":[{"embeddable":true,"href":"https:\/\/gundem59.com.tr\/index.php?rest_route=\/wp\/v2\/media\/2066"}],"wp:attachment":[{"href":"https:\/\/gundem59.com.tr\/index.php?rest_route=%2Fwp%2Fv2%2Fmedia&parent=2065"}],"wp:term":[{"taxonomy":"category","embeddable":true,"href":"https:\/\/gundem59.com.tr\/index.php?rest_route=%2Fwp%2Fv2%2Fcategories&post=2065"},{"taxonomy":"post_tag","embeddable":true,"href":"https:\/\/gundem59.com.tr\/index.php?rest_route=%2Fwp%2Fv2%2Ftags&post=2065"},{"taxonomy":"author","embeddable":true,"href":"https:\/\/gundem59.com.tr\/index.php?rest_route=%2Fwp%2Fv2%2Fppma_author&post=2065"}],"curies":[{"name":"wp","href":"https:\/\/api.w.org\/{rel}","templated":true}]}}