{"id":2039,"date":"2026-06-13T11:45:53","date_gmt":"2026-06-13T11:45:53","guid":{"rendered":"https:\/\/gundem59.com.tr\/?p=2039"},"modified":"2026-06-13T11:45:53","modified_gmt":"2026-06-13T11:45:53","slug":"60-kiraz-festivalinde-yelken-yarislari","status":"publish","type":"post","link":"https:\/\/gundem59.com.tr\/?p=2039","title":{"rendered":"60. Kiraz Festivali&#8217;nde Yelken Yar\u0131\u015flar\u0131"},"content":{"rendered":"\n<p class=\"wp-block-paragraph\">Tekirda\u011f&#8217;da d\u00fczenlenen yelken yar\u0131\u015flar\u0131nda Ahmet Arel Barut birinci oldu, Madalyalar sahiplerini buldu.<\/p>\n\n\n\n<p class=\"wp-block-paragraph\"><a href=\"https:\/\/www.sondakika.com\/tekirdag\/\">Tekirda\u011f<\/a>&#8216;da S\u00fcleymanpa\u015fa Belediyesince d\u00fczenlenen 60. Uluslararas\u0131 Kiraz Festivali kapsam\u0131nda yelken yar\u0131\u015f\u0131 yap\u0131ld\u0131.<\/p>\n\n\n\n<p class=\"wp-block-paragraph\">Osmanl\u0131&#8217;ya s\u0131\u011f\u0131nan Macar Prensi 2. Ferenc Rakoczi ad\u0131na d\u00fczenlenen Rakoczi Kupas\u0131 Yelken Yar\u0131\u015flar\u0131&#8217;na 21 sporcu kat\u0131ld\u0131.<\/p>\n\n\n\n<p class=\"wp-block-paragraph\">Rumeli \u0130skelesi \u00f6n\u00fcnden Marmara Denizi&#8217;ne a\u00e7\u0131lan yelkenciler, madalya i\u00e7in k\u0131yas\u0131ya m\u00fccadele etti.<\/p>\n\n\n\n<p class=\"wp-block-paragraph\">Yar\u0131\u015flar\u0131n sonunda Ahmet Arel Barut birinci, R\u00fczgar Uzel ikinci, Mehmet Ma\u00e7in \u00fc\u00e7\u00fcnc\u00fc oldu.<\/p>\n\n\n\n<p class=\"wp-block-paragraph\">S\u00fcleymanpa\u015fa Belediye Ba\u015fkan\u0131 Volkan Nallar, \u00f6d\u00fcl t\u00f6reninde yapt\u0131\u011f\u0131 konu\u015fmada, festivalin \u00fc\u00e7\u00fcnc\u00fc g\u00fcn\u00fcnde sportif etkinlikler ger\u00e7ekle\u015ftirdiklerini s\u00f6yledi.<\/p>\n\n\n\n<p class=\"wp-block-paragraph\">Yelkencilerin k\u0131sas\u0131ya m\u00fccadele etti\u011fini ifade eden Nallar, Macar prensi Ferenc Rakoczi ad\u0131na d\u00fczenlenen yar\u0131\u015flar\u0131n\u0131n geleneksel hale geldi\u011fini dile getirdi.<\/p>\n\n\n\n<p class=\"wp-block-paragraph\">Konu\u015fmalar\u0131n ard\u0131ndan Nallar ve protokol \u00fcyeleri sporculara madalya verdi.<\/p>\n","protected":false},"excerpt":{"rendered":"<p>Tekirda\u011f&#8217;da d\u00fczenlenen yelken yar\u0131\u015flar\u0131nda Ahmet Arel Barut birinci oldu, Madalyalar sahiplerini buldu. Tekirda\u011f&#8216;da S\u00fcleymanpa\u015fa Belediyesince&#8230;<\/p>\n","protected":false},"author":1,"featured_media":2040,"comment_status":"closed","ping_status":"closed","sticky":false,"template":"","format":"standard","meta":{"footnotes":""},"categories":[48],"tags":[],"ppma_author":[57],"class_list":["post-2039","post","type-post","status-publish","format-standard","has-post-thumbnail","hentry","category-spor"],"authors":[{"term_id":57,"user_id":1,"is_guest":0,"slug":"admin","display_name":"Alp Aslan","avatar_url":"https:\/\/secure.gravatar.com\/avatar\/07c18c5ad3350b025db8f3328450e071acb435c703e565899c880c63362f137a?s=96&d=mm&r=g","author_category":"1","first_name":"Alp Aslan","last_name":"ER\u0130N","user_url":"http:\/\/www.gundem59.com.tr","job_title":"","description":""}],"_links":{"self":[{"href":"https:\/\/gundem59.com.tr\/index.php?rest_route=\/wp\/v2\/posts\/2039","targetHints":{"allow":["GET"]}}],"collection":[{"href":"https:\/\/gundem59.com.tr\/index.php?rest_route=\/wp\/v2\/posts"}],"about":[{"href":"https:\/\/gundem59.com.tr\/index.php?rest_route=\/wp\/v2\/types\/post"}],"author":[{"embeddable":true,"href":"https:\/\/gundem59.com.tr\/index.php?rest_route=\/wp\/v2\/users\/1"}],"replies":[{"embeddable":true,"href":"https:\/\/gundem59.com.tr\/index.php?rest_route=%2Fwp%2Fv2%2Fcomments&post=2039"}],"version-history":[{"count":1,"href":"https:\/\/gundem59.com.tr\/index.php?rest_route=\/wp\/v2\/posts\/2039\/revisions"}],"predecessor-version":[{"id":2041,"href":"https:\/\/gundem59.com.tr\/index.php?rest_route=\/wp\/v2\/posts\/2039\/revisions\/2041"}],"wp:featuredmedia":[{"embeddable":true,"href":"https:\/\/gundem59.com.tr\/index.php?rest_route=\/wp\/v2\/media\/2040"}],"wp:attachment":[{"href":"https:\/\/gundem59.com.tr\/index.php?rest_route=%2Fwp%2Fv2%2Fmedia&parent=2039"}],"wp:term":[{"taxonomy":"category","embeddable":true,"href":"https:\/\/gundem59.com.tr\/index.php?rest_route=%2Fwp%2Fv2%2Fcategories&post=2039"},{"taxonomy":"post_tag","embeddable":true,"href":"https:\/\/gundem59.com.tr\/index.php?rest_route=%2Fwp%2Fv2%2Ftags&post=2039"},{"taxonomy":"author","embeddable":true,"href":"https:\/\/gundem59.com.tr\/index.php?rest_route=%2Fwp%2Fv2%2Fppma_author&post=2039"}],"curies":[{"name":"wp","href":"https:\/\/api.w.org\/{rel}","templated":true}]}}