{"id":2036,"date":"2026-06-13T11:42:40","date_gmt":"2026-06-13T11:42:40","guid":{"rendered":"https:\/\/gundem59.com.tr\/?p=2036"},"modified":"2026-06-13T11:42:40","modified_gmt":"2026-06-13T11:42:40","slug":"cocuklardan-tiyatro-ve-muzik-gosterisi","status":"publish","type":"post","link":"https:\/\/gundem59.com.tr\/?p=2036","title":{"rendered":"\u00c7ocuklardan Tiyatro ve M\u00fczik G\u00f6sterisi"},"content":{"rendered":"\n<p class=\"wp-block-paragraph\">Tekirda\u011f&#8217;da Z\u00fcbeyde Han\u0131m \u00c7ocuk Evleri&#8217;nde \u00e7ocuklar tiyatro ve m\u00fczik g\u00f6sterisi sundu.<\/p>\n\n\n\n<p class=\"wp-block-paragraph\"><a href=\"https:\/\/www.sondakika.com\/tekirdag\/\">Tekirda\u011f<\/a>&nbsp;Aile ve Sosyal Hizmetler \u0130l M\u00fcd\u00fcrl\u00fc\u011f\u00fcne ba\u011fl\u0131 Z\u00fcbeyde Han\u0131m&nbsp;<a href=\"https:\/\/www.sondakika.com\/cocuk\/\">\u00c7ocuk<\/a>&nbsp;Evleri Sitesi&#8217;nde kalan \u00e7ocuklar taraf\u0131ndan tiyatro ve m\u00fczik g\u00f6sterisi sunuldu.<\/p>\n\n\n\n<p class=\"wp-block-paragraph\">Yahya Kemal Beyatl\u0131 K\u00fclt\u00fcr Merkezi&#8217;nde ger\u00e7ekle\u015ftirilen programda \u00e7ocuklar, haz\u0131rlad\u0131klar\u0131 tiyatro oyunu ve m\u00fczik dinletilerini sahneleyerek izleyicilere keyifli anlar ya\u015fatt\u0131.<\/p>\n\n\n\n<p class=\"wp-block-paragraph\">Aile ve Sosyal Hizmetler \u0130l M\u00fcd\u00fcr\u00fc&nbsp;<a href=\"https:\/\/www.sondakika.com\/huseyin-ozdemir-2\/\">H\u00fcseyin \u00d6zdemir<\/a>, burada yapt\u0131\u011f\u0131 konu\u015fmada, \u00e7ocuklar\u0131n etkinlik i\u00e7in b\u00fcy\u00fck emek harcad\u0131\u011f\u0131n\u0131 belirterek, kat\u0131l\u0131mc\u0131lar\u0131n g\u00fczel performanslar izleyece\u011fini s\u00f6yledi.<\/p>\n\n\n\n<p class=\"wp-block-paragraph\">Koruma ve bak\u0131m alt\u0131ndaki \u00e7ocuklar\u0131n ya\u015fam\u0131n erken d\u00f6nemlerinde \u00e7e\u015fitli zorluklarla kar\u015f\u0131la\u015fabildi\u011fini ifade eden \u00d6zdemir, \u00e7ocuklar\u0131n b\u00fcy\u00fck potansiyele ve hayallere sahip oldu\u011funu dile getirdi.<\/p>\n\n\n\n<p class=\"wp-block-paragraph\">Bakanl\u0131k olarak \u00e7ocuklar\u0131n dezavantajlar\u0131n\u0131 telafi etmeye y\u00f6nelik \u00e7al\u0131\u015fmalar y\u00fcr\u00fctt\u00fcklerini aktaran \u00d6zdemir, &#8220;\u00c7ocuklar\u0131m\u0131z\u0131 g\u00fcvenli ve sa\u011fl\u0131kl\u0131 ortamlarda b\u00fcy\u00fcterek, e\u011fitim, sosyal, k\u00fclt\u00fcrel ve sportif faaliyetlerle destekleyip gelece\u011fe haz\u0131rlamaya gayret ediyoruz. Amac\u0131m\u0131z \u00f6zg\u00fcveni y\u00fcksek, sorumluluk sahibi, topluma ve devletine faydal\u0131 bireyler yeti\u015ftirmektir.&#8221; dedi.<\/p>\n\n\n\n<p class=\"wp-block-paragraph\">Konu\u015fmalar\u0131n ard\u0131ndan sahneye \u00e7\u0131kan \u00e7ocuklar, tiyatro ve m\u00fczik g\u00f6sterileriyle izleyicilerden alk\u0131\u015f ald\u0131.<\/p>\n\n\n\n<p class=\"wp-block-paragraph\">Programa Vali Recep Soyt\u00fcrk&#8217;\u00fcn e\u015fi Nurdan Soyt\u00fcrk, Vali Yard\u0131mc\u0131s\u0131 Musa Aydemir, kurum personeli ve aileler kat\u0131ld\u0131.<\/p>\n","protected":false},"excerpt":{"rendered":"<p>Tekirda\u011f&#8217;da Z\u00fcbeyde Han\u0131m \u00c7ocuk Evleri&#8217;nde \u00e7ocuklar tiyatro ve m\u00fczik g\u00f6sterisi sundu. Tekirda\u011f&nbsp;Aile ve Sosyal Hizmetler&#8230;<\/p>\n","protected":false},"author":1,"featured_media":2037,"comment_status":"closed","ping_status":"closed","sticky":false,"template":"","format":"standard","meta":{"footnotes":""},"categories":[50],"tags":[],"ppma_author":[57],"class_list":["post-2036","post","type-post","status-publish","format-standard","has-post-thumbnail","hentry","category-kultur-ve-sanat"],"authors":[{"term_id":57,"user_id":1,"is_guest":0,"slug":"admin","display_name":"Alp Aslan","avatar_url":"https:\/\/secure.gravatar.com\/avatar\/07c18c5ad3350b025db8f3328450e071acb435c703e565899c880c63362f137a?s=96&d=mm&r=g","author_category":"1","first_name":"Alp Aslan","last_name":"ER\u0130N","user_url":"http:\/\/www.gundem59.com.tr","job_title":"","description":""}],"_links":{"self":[{"href":"https:\/\/gundem59.com.tr\/index.php?rest_route=\/wp\/v2\/posts\/2036","targetHints":{"allow":["GET"]}}],"collection":[{"href":"https:\/\/gundem59.com.tr\/index.php?rest_route=\/wp\/v2\/posts"}],"about":[{"href":"https:\/\/gundem59.com.tr\/index.php?rest_route=\/wp\/v2\/types\/post"}],"author":[{"embeddable":true,"href":"https:\/\/gundem59.com.tr\/index.php?rest_route=\/wp\/v2\/users\/1"}],"replies":[{"embeddable":true,"href":"https:\/\/gundem59.com.tr\/index.php?rest_route=%2Fwp%2Fv2%2Fcomments&post=2036"}],"version-history":[{"count":1,"href":"https:\/\/gundem59.com.tr\/index.php?rest_route=\/wp\/v2\/posts\/2036\/revisions"}],"predecessor-version":[{"id":2038,"href":"https:\/\/gundem59.com.tr\/index.php?rest_route=\/wp\/v2\/posts\/2036\/revisions\/2038"}],"wp:featuredmedia":[{"embeddable":true,"href":"https:\/\/gundem59.com.tr\/index.php?rest_route=\/wp\/v2\/media\/2037"}],"wp:attachment":[{"href":"https:\/\/gundem59.com.tr\/index.php?rest_route=%2Fwp%2Fv2%2Fmedia&parent=2036"}],"wp:term":[{"taxonomy":"category","embeddable":true,"href":"https:\/\/gundem59.com.tr\/index.php?rest_route=%2Fwp%2Fv2%2Fcategories&post=2036"},{"taxonomy":"post_tag","embeddable":true,"href":"https:\/\/gundem59.com.tr\/index.php?rest_route=%2Fwp%2Fv2%2Ftags&post=2036"},{"taxonomy":"author","embeddable":true,"href":"https:\/\/gundem59.com.tr\/index.php?rest_route=%2Fwp%2Fv2%2Fppma_author&post=2036"}],"curies":[{"name":"wp","href":"https:\/\/api.w.org\/{rel}","templated":true}]}}