{"id":2021,"date":"2026-06-12T22:40:47","date_gmt":"2026-06-12T22:40:47","guid":{"rendered":"https:\/\/gundem59.com.tr\/?p=2021"},"modified":"2026-06-12T22:40:47","modified_gmt":"2026-06-12T22:40:47","slug":"2026-yaz-kararnamesi-yayimlandi-hemserimiz-bilgehan-yucel-tekirdag-cumhuriyet-bassavcisi-oldu","status":"publish","type":"post","link":"https:\/\/gundem59.com.tr\/?p=2021","title":{"rendered":"2026 Yaz Kararnamesi Yay\u0131mland\u0131: Hem\u015ferimiz Bilgehan Y\u00fccel Tekirda\u011f Cumhuriyet Ba\u015fsavc\u0131s\u0131 Oldu"},"content":{"rendered":"\n<p class=\"wp-block-paragraph\">Hakimler ve Savc\u0131lar Kurulu&#8217;nun (HSK) 2026 Yaz Kararnamesi yay\u0131mland\u0131. Kararname kapsam\u0131nda, 5 y\u0131ld\u0131r \u00c7orlu Cumhuriyet Ba\u015fsavc\u0131s\u0131 olarak g\u00f6rev yapan hem\u015ferimiz Bilgehan Y\u00fccel, Tekirda\u011f Cumhuriyet Ba\u015fsavc\u0131l\u0131\u011f\u0131 g\u00f6revine atand\u0131.<\/p>\n\n\n\n<p class=\"wp-block-paragraph\">1982 y\u0131l\u0131nda Nev\u015fehir&#8217;in \u00dcrg\u00fcp il\u00e7esinde d\u00fcnyaya gelen ve aslen Kastamonulu olan Bilgehan Y\u00fccel, hukuk kariyerinde uzun y\u0131llar boyunca \u00e7e\u015fitli il ve il\u00e7elerde Cumhuriyet savc\u0131s\u0131 olarak g\u00f6rev yapt\u0131ktan sonra, HSK kararnameleriyle \u00fcst d\u00fczey adli g\u00f6revlerde bulunmaya devam etti.<\/p>\n\n\n\n<p class=\"wp-block-paragraph\">\u0130lk, orta ve lise \u00f6\u011frenimini Ankara&#8217;da tamamlayan Y\u00fccel, 2006 y\u0131l\u0131nda adli yarg\u0131 te\u015fkilat\u0131nda g\u00f6reve ba\u015flad\u0131. Meslek hayat\u0131 boyunca \u015eanl\u0131urfa&#8217;n\u0131n Siverek il\u00e7esi, Kayseri&#8217;nin Ye\u015filhisar il\u00e7esi ve Bursa&#8217;n\u0131n Karacabey il\u00e7esinde Cumhuriyet savc\u0131s\u0131 olarak g\u00f6rev yapan Y\u00fccel, daha sonra Karaman&#8217;\u0131n Ermenek il\u00e7esinde Cumhuriyet Ba\u015fsavc\u0131l\u0131\u011f\u0131 g\u00f6revini \u00fcstlendi.<\/p>\n\n\n\n<p class=\"wp-block-paragraph\">2021 y\u0131l\u0131nda \u00c7orlu Cumhuriyet Ba\u015fsavc\u0131l\u0131\u011f\u0131 g\u00f6revine atanan Bilgehan Y\u00fccel, burada ge\u00e7en 5 y\u0131ll\u0131k ba\u015far\u0131l\u0131 hizmetinin ard\u0131ndan yay\u0131mlanan son kararnameyle Tekirda\u011f Cumhuriyet Ba\u015fsavc\u0131l\u0131\u011f\u0131 g\u00f6revine getirildi.<\/p>\n\n\n\n<p class=\"wp-block-paragraph\">Yeni Ba\u015fsavc\u0131m\u0131zda ba\u015far\u0131lar\u0131n\u0131n daimiyetini diliyor, yrni g\u00f6revinin hay\u0131rl\u0131 olmas\u0131n\u0131 temenni ediyoruz.<\/p>\n\n\n\n<p class=\"wp-block-paragraph\"><\/p>\n","protected":false},"excerpt":{"rendered":"<p>Hakimler ve Savc\u0131lar Kurulu&#8217;nun (HSK) 2026 Yaz Kararnamesi yay\u0131mland\u0131. Kararname kapsam\u0131nda, 5 y\u0131ld\u0131r \u00c7orlu Cumhuriyet&#8230;<\/p>\n","protected":false},"author":1,"featured_media":2022,"comment_status":"closed","ping_status":"closed","sticky":false,"template":"","format":"standard","meta":{"footnotes":""},"categories":[1],"tags":[],"ppma_author":[57],"class_list":["post-2021","post","type-post","status-publish","format-standard","has-post-thumbnail","hentry","category-tekirdag-gundemi"],"authors":[{"term_id":57,"user_id":1,"is_guest":0,"slug":"admin","display_name":"Alp Aslan","avatar_url":"https:\/\/secure.gravatar.com\/avatar\/07c18c5ad3350b025db8f3328450e071acb435c703e565899c880c63362f137a?s=96&d=mm&r=g","author_category":"1","first_name":"Alp Aslan","last_name":"ER\u0130N","user_url":"http:\/\/www.gundem59.com.tr","job_title":"","description":""}],"_links":{"self":[{"href":"https:\/\/gundem59.com.tr\/index.php?rest_route=\/wp\/v2\/posts\/2021","targetHints":{"allow":["GET"]}}],"collection":[{"href":"https:\/\/gundem59.com.tr\/index.php?rest_route=\/wp\/v2\/posts"}],"about":[{"href":"https:\/\/gundem59.com.tr\/index.php?rest_route=\/wp\/v2\/types\/post"}],"author":[{"embeddable":true,"href":"https:\/\/gundem59.com.tr\/index.php?rest_route=\/wp\/v2\/users\/1"}],"replies":[{"embeddable":true,"href":"https:\/\/gundem59.com.tr\/index.php?rest_route=%2Fwp%2Fv2%2Fcomments&post=2021"}],"version-history":[{"count":1,"href":"https:\/\/gundem59.com.tr\/index.php?rest_route=\/wp\/v2\/posts\/2021\/revisions"}],"predecessor-version":[{"id":2023,"href":"https:\/\/gundem59.com.tr\/index.php?rest_route=\/wp\/v2\/posts\/2021\/revisions\/2023"}],"wp:featuredmedia":[{"embeddable":true,"href":"https:\/\/gundem59.com.tr\/index.php?rest_route=\/wp\/v2\/media\/2022"}],"wp:attachment":[{"href":"https:\/\/gundem59.com.tr\/index.php?rest_route=%2Fwp%2Fv2%2Fmedia&parent=2021"}],"wp:term":[{"taxonomy":"category","embeddable":true,"href":"https:\/\/gundem59.com.tr\/index.php?rest_route=%2Fwp%2Fv2%2Fcategories&post=2021"},{"taxonomy":"post_tag","embeddable":true,"href":"https:\/\/gundem59.com.tr\/index.php?rest_route=%2Fwp%2Fv2%2Ftags&post=2021"},{"taxonomy":"author","embeddable":true,"href":"https:\/\/gundem59.com.tr\/index.php?rest_route=%2Fwp%2Fv2%2Fppma_author&post=2021"}],"curies":[{"name":"wp","href":"https:\/\/api.w.org\/{rel}","templated":true}]}}