{"id":2009,"date":"2026-06-12T17:04:04","date_gmt":"2026-06-12T17:04:04","guid":{"rendered":"https:\/\/gundem59.com.tr\/?p=2009"},"modified":"2026-06-12T17:04:05","modified_gmt":"2026-06-12T17:04:05","slug":"uluslararasi-tekirdag-kiraz-festivalinin-yildizi-dunyaca-unlu-sanatcimiz-burhan-ocal-festival-coskusunu-ve-vatan-hasretini-mnr-medyaya-anlatti","status":"publish","type":"post","link":"https:\/\/gundem59.com.tr\/?p=2009","title":{"rendered":"Uluslararas\u0131 Tekirda\u011f Kiraz Festivali\u2019nin y\u0131ld\u0131z\u0131, d\u00fcnyaca \u00fcnl\u00fc sanat\u00e7\u0131m\u0131z Burhan \u00d6\u00c7AL, festival co\u015fkusunu ve vatan hasretini MNR Medya\u2019ya anlatt\u0131."},"content":{"rendered":"\n<p class=\"wp-block-paragraph\">Uzun y\u0131llard\u0131r yurt d\u0131\u015f\u0131nda s\u00fcrd\u00fcrd\u00fc\u011f\u00fc sanat hayat\u0131yla \u00fclkemizi ba\u015far\u0131yla temsil eden de\u011ferli sanat\u00e7\u0131m\u0131z Burhan \u00d6\u00c7AL, 60. Uluslararas\u0131 Tekirda\u011f Kiraz Festivali kapsam\u0131nda verdi\u011fi muhte\u015fem konserle Tekirda\u011fl\u0131larla bulu\u015ftu. Festival atmosferinin en \u00f6zel anlar\u0131ndan birinde, MNR Medya Y\u00f6netim Kurulu Ba\u015fkan Yard\u0131mc\u0131m\u0131z ve yazar\u0131m\u0131z M\u00fcnire ER\u0130N, sanat\u00e7\u0131m\u0131zla duygu y\u00fckl\u00fc bir r\u00f6portaj ger\u00e7ekle\u015ftirdi.<\/p>\n\n\n\n<p class=\"wp-block-paragraph\">\u201cTrakya\u2019y\u0131 ve Vatan\u0131m\u0131 \u00d6zlemek, Burada Olmaktan B\u00fcy\u00fck Mutluluk\u201d<\/p>\n\n\n\n<p class=\"wp-block-paragraph\">R\u00f6portaj s\u0131ras\u0131nda, uzun y\u0131llar yurt d\u0131\u015f\u0131nda ya\u015faman\u0131n getirdi\u011fi hisleri ve memleket hasretini dile getiren \u00d6\u00c7AL, duygular\u0131n\u0131 \u015fu s\u00f6zlerle ifade etti:<\/p>\n\n\n\n<p class=\"wp-block-paragraph\">&#8220;Uzun y\u0131llar yurt d\u0131\u015f\u0131nda kald\u0131m. Vatan\u0131m\u0131, \u00f6zellikle de topra\u011f\u0131m Trakya\u2019y\u0131 \u00f6zlemek bamba\u015fka bir duygu. \u015eimdi burada, do\u011fdu\u011fum topraklarda sizlerle birlikte olmak beni \u00e7ok mutlu ediyor. Tekirda\u011f\u2019\u0131n o e\u015fsiz atmosferini yeniden solumak ve sizlerle bu co\u015fkuyu payla\u015fmak benim i\u00e7in b\u00fcy\u00fck bir keyif.&#8221;<\/p>\n\n\n\n<p class=\"wp-block-paragraph\">\u201cYeniden Bulu\u015fmak Dile\u011fiyle\u201d<\/p>\n\n\n\n<p class=\"wp-block-paragraph\">Sanat\u00e7\u0131, g\u00f6sterilen yo\u011fun ilgiden duydu\u011fu memnuniyeti belirterek s\u00f6zlerini \u015fu m\u00fcjdeyle tamamlad\u0131: &#8220;\u0130n\u015fallah yine ve yeniden sizlerle birlikte olmaya, bu g\u00fczel atmosferleri ya\u015famaya devam edece\u011fiz.&#8221;<\/p>\n\n\n\n<p class=\"wp-block-paragraph\">D\u00fcnyan\u0131n d\u00f6rt bir yan\u0131nda sanat\u0131yla bayra\u011f\u0131m\u0131z\u0131 dalgaland\u0131ran Burhan \u00d6\u00c7AL, festival boyunca sergiledi\u011fi performansla Tekirda\u011fl\u0131 sanatseverlerin g\u00f6nl\u00fcnde bir kez daha taht kurdu.<\/p>\n","protected":false},"excerpt":{"rendered":"<p>Uzun y\u0131llard\u0131r yurt d\u0131\u015f\u0131nda s\u00fcrd\u00fcrd\u00fc\u011f\u00fc sanat hayat\u0131yla \u00fclkemizi ba\u015far\u0131yla temsil eden de\u011ferli sanat\u00e7\u0131m\u0131z Burhan \u00d6\u00c7AL,&#8230;<\/p>\n","protected":false},"author":1,"featured_media":2010,"comment_status":"closed","ping_status":"closed","sticky":false,"template":"","format":"standard","meta":{"footnotes":""},"categories":[51],"tags":[],"ppma_author":[57],"class_list":["post-2009","post","type-post","status-publish","format-standard","has-post-thumbnail","hentry","category-magazin"],"authors":[{"term_id":57,"user_id":1,"is_guest":0,"slug":"admin","display_name":"Alp Aslan","avatar_url":"https:\/\/secure.gravatar.com\/avatar\/07c18c5ad3350b025db8f3328450e071acb435c703e565899c880c63362f137a?s=96&d=mm&r=g","author_category":"1","first_name":"Alp Aslan","last_name":"ER\u0130N","user_url":"http:\/\/www.gundem59.com.tr","job_title":"","description":""}],"_links":{"self":[{"href":"https:\/\/gundem59.com.tr\/index.php?rest_route=\/wp\/v2\/posts\/2009","targetHints":{"allow":["GET"]}}],"collection":[{"href":"https:\/\/gundem59.com.tr\/index.php?rest_route=\/wp\/v2\/posts"}],"about":[{"href":"https:\/\/gundem59.com.tr\/index.php?rest_route=\/wp\/v2\/types\/post"}],"author":[{"embeddable":true,"href":"https:\/\/gundem59.com.tr\/index.php?rest_route=\/wp\/v2\/users\/1"}],"replies":[{"embeddable":true,"href":"https:\/\/gundem59.com.tr\/index.php?rest_route=%2Fwp%2Fv2%2Fcomments&post=2009"}],"version-history":[{"count":1,"href":"https:\/\/gundem59.com.tr\/index.php?rest_route=\/wp\/v2\/posts\/2009\/revisions"}],"predecessor-version":[{"id":2011,"href":"https:\/\/gundem59.com.tr\/index.php?rest_route=\/wp\/v2\/posts\/2009\/revisions\/2011"}],"wp:featuredmedia":[{"embeddable":true,"href":"https:\/\/gundem59.com.tr\/index.php?rest_route=\/wp\/v2\/media\/2010"}],"wp:attachment":[{"href":"https:\/\/gundem59.com.tr\/index.php?rest_route=%2Fwp%2Fv2%2Fmedia&parent=2009"}],"wp:term":[{"taxonomy":"category","embeddable":true,"href":"https:\/\/gundem59.com.tr\/index.php?rest_route=%2Fwp%2Fv2%2Fcategories&post=2009"},{"taxonomy":"post_tag","embeddable":true,"href":"https:\/\/gundem59.com.tr\/index.php?rest_route=%2Fwp%2Fv2%2Ftags&post=2009"},{"taxonomy":"author","embeddable":true,"href":"https:\/\/gundem59.com.tr\/index.php?rest_route=%2Fwp%2Fv2%2Fppma_author&post=2009"}],"curies":[{"name":"wp","href":"https:\/\/api.w.org\/{rel}","templated":true}]}}