{"id":2002,"date":"2026-06-12T14:44:02","date_gmt":"2026-06-12T14:44:02","guid":{"rendered":"https:\/\/gundem59.com.tr\/?p=2002"},"modified":"2026-06-12T14:44:02","modified_gmt":"2026-06-12T14:44:02","slug":"kiraz-festivalinde-ritmik-eglence","status":"publish","type":"post","link":"https:\/\/gundem59.com.tr\/?p=2002","title":{"rendered":"Kiraz Festivali&#8217;nde Ritmik E\u011flence"},"content":{"rendered":"\n<p class=\"wp-block-paragraph\">Tekirda\u011f Ritmi Ahenk Grubu, 60. Kiraz Festivali&#8217;nde izleyicilere keyifli anlar ya\u015fatt\u0131.<\/p>\n\n\n\n<p class=\"wp-block-paragraph\"><a href=\"https:\/\/www.sondakika.com\/tekirdag\/\">Tekirda\u011f<\/a>&nbsp;Ritmi Ahenk Grubu, 60. Uluslararas\u0131 Kiraz Festivali kapsam\u0131nda konser verdi.<\/p>\n\n\n\n<p class=\"wp-block-paragraph\">S\u00fcleymanpa\u015fa il\u00e7esindeki festival alan\u0131nda sahne alan grup, seslendirdi\u011fi eserler ve ritim performanslar\u0131yla izleyicilere keyifli anlar ya\u015fatt\u0131.<\/p>\n\n\n\n<p class=\"wp-block-paragraph\">Festival kapsam\u0131nda ger\u00e7ekle\u015ftirilen etkinli\u011fe vatanda\u015flar yo\u011fun ilgi g\u00f6sterdi.<\/p>\n\n\n\n<p class=\"wp-block-paragraph\">Kat\u0131l\u0131mc\u0131lar, konser boyunca \u00e7al\u0131nan eserlere e\u015flik ederek e\u011flendi.<\/p>\n\n\n\n<p class=\"wp-block-paragraph\">Belediye Ba\u015fkan\u0131&nbsp;<a href=\"https:\/\/www.sondakika.com\/volkan-nallar\/\">Volkan Nallar<\/a>, konser sonras\u0131 yapt\u0131\u011f\u0131 konu\u015fmada, festivalin a\u00e7\u0131l\u0131\u015f\u0131n\u0131 yapt\u0131klar\u0131n\u0131 ve kat\u0131l\u0131mc\u0131lar\u0131n unutulmaz bir festivale tan\u0131kl\u0131k edeceklerini s\u00f6yledi.<\/p>\n\n\n\n<p class=\"wp-block-paragraph\">Nallar, konser sonunda gruba \u00e7i\u00e7ek ve kiraz sepeti verdi.<\/p>\n\n\n\n<p class=\"wp-block-paragraph\">\u00c7e\u015fitli etkinlikler ve konserlerle s\u00fcrecek festival, 14 Haziran&#8217;da sona erecek.<\/p>\n","protected":false},"excerpt":{"rendered":"<p>Tekirda\u011f Ritmi Ahenk Grubu, 60. Kiraz Festivali&#8217;nde izleyicilere keyifli anlar ya\u015fatt\u0131. Tekirda\u011f&nbsp;Ritmi Ahenk Grubu, 60&#8230;.<\/p>\n","protected":false},"author":1,"featured_media":2003,"comment_status":"closed","ping_status":"closed","sticky":false,"template":"","format":"standard","meta":{"footnotes":""},"categories":[1],"tags":[],"ppma_author":[57],"class_list":["post-2002","post","type-post","status-publish","format-standard","has-post-thumbnail","hentry","category-tekirdag-gundemi"],"authors":[{"term_id":57,"user_id":1,"is_guest":0,"slug":"admin","display_name":"Alp Aslan","avatar_url":"https:\/\/secure.gravatar.com\/avatar\/07c18c5ad3350b025db8f3328450e071acb435c703e565899c880c63362f137a?s=96&d=mm&r=g","author_category":"1","first_name":"Alp Aslan","last_name":"ER\u0130N","user_url":"http:\/\/www.gundem59.com.tr","job_title":"","description":""}],"_links":{"self":[{"href":"https:\/\/gundem59.com.tr\/index.php?rest_route=\/wp\/v2\/posts\/2002","targetHints":{"allow":["GET"]}}],"collection":[{"href":"https:\/\/gundem59.com.tr\/index.php?rest_route=\/wp\/v2\/posts"}],"about":[{"href":"https:\/\/gundem59.com.tr\/index.php?rest_route=\/wp\/v2\/types\/post"}],"author":[{"embeddable":true,"href":"https:\/\/gundem59.com.tr\/index.php?rest_route=\/wp\/v2\/users\/1"}],"replies":[{"embeddable":true,"href":"https:\/\/gundem59.com.tr\/index.php?rest_route=%2Fwp%2Fv2%2Fcomments&post=2002"}],"version-history":[{"count":1,"href":"https:\/\/gundem59.com.tr\/index.php?rest_route=\/wp\/v2\/posts\/2002\/revisions"}],"predecessor-version":[{"id":2004,"href":"https:\/\/gundem59.com.tr\/index.php?rest_route=\/wp\/v2\/posts\/2002\/revisions\/2004"}],"wp:featuredmedia":[{"embeddable":true,"href":"https:\/\/gundem59.com.tr\/index.php?rest_route=\/wp\/v2\/media\/2003"}],"wp:attachment":[{"href":"https:\/\/gundem59.com.tr\/index.php?rest_route=%2Fwp%2Fv2%2Fmedia&parent=2002"}],"wp:term":[{"taxonomy":"category","embeddable":true,"href":"https:\/\/gundem59.com.tr\/index.php?rest_route=%2Fwp%2Fv2%2Fcategories&post=2002"},{"taxonomy":"post_tag","embeddable":true,"href":"https:\/\/gundem59.com.tr\/index.php?rest_route=%2Fwp%2Fv2%2Ftags&post=2002"},{"taxonomy":"author","embeddable":true,"href":"https:\/\/gundem59.com.tr\/index.php?rest_route=%2Fwp%2Fv2%2Fppma_author&post=2002"}],"curies":[{"name":"wp","href":"https:\/\/api.w.org\/{rel}","templated":true}]}}