{"id":1999,"date":"2026-06-12T14:41:47","date_gmt":"2026-06-12T14:41:47","guid":{"rendered":"https:\/\/gundem59.com.tr\/?p=1999"},"modified":"2026-06-12T14:41:48","modified_gmt":"2026-06-12T14:41:48","slug":"tekirdagda-tarih-konferansi-duzenlendi","status":"publish","type":"post","link":"https:\/\/gundem59.com.tr\/?p=1999","title":{"rendered":"Tekirda\u011f&#8217;da Tarih Konferans\u0131 D\u00fczenlendi"},"content":{"rendered":"\n<p class=\"wp-block-paragraph\">\u0130smail Fehmi Cumal\u0131o\u011flu \u015eehir Hastanesi&#8217;nde &#8216;Tarihin \u0130zinde Tekirda\u011f&#8217; konferans\u0131 yap\u0131ld\u0131.<\/p>\n\n\n\n<p class=\"wp-block-paragraph\"><a href=\"https:\/\/www.sondakika.com\/tekirdag\/\">Tekirda\u011f<\/a>&nbsp;\u0130smail Fehmi Cumal\u0131o\u011flu&nbsp;<a href=\"https:\/\/www.sondakika.com\/sehir-hastanesi\/\">\u015eehir Hastanesi<\/a>&#8216;nde &#8220;Tarihin \u0130zinde Tekirda\u011f&#8221; konferans\u0131 d\u00fczenlendi.<\/p>\n\n\n\n<p class=\"wp-block-paragraph\">Hastaneden yap\u0131lan a\u00e7\u0131klamaya g\u00f6re, konferansta akademisyenler Prof. Dr. Zeynep Tar\u0131m ve Do\u00e7. Dr. Metin \u00dcnver, Tekirda\u011f&#8217;\u0131n&nbsp;<a href=\"https:\/\/www.sondakika.com\/osmanli\/\">Osmanl\u0131<\/a>&nbsp;d\u00f6nemindeki sosyal ya\u015fam\u0131, k\u00fclt\u00fcrel yap\u0131s\u0131 ve 19. y\u00fczy\u0131lda ge\u00e7irdi\u011fi d\u00f6n\u00fc\u015f\u00fcme ili\u015fkin sunum yapt\u0131.<\/p>\n\n\n\n<p class=\"wp-block-paragraph\">Tekirda\u011f&#8217;\u0131n tarihi miras\u0131n\u0131n ele al\u0131nd\u0131\u011f\u0131 konferansta konu\u015fmac\u0131lar, kentin ge\u00e7mi\u015fine ili\u015fkin bilgi ve de\u011ferlendirmelerini kat\u0131l\u0131mc\u0131larla payla\u015ft\u0131.<\/p>\n\n\n\n<p class=\"wp-block-paragraph\">Programa, Tekirda\u011f Valisi Recep Soyt\u00fcrk, S\u00fcleymanpa\u015fa Kaymakam\u0131 Mahmut Nedim Tun\u00e7er, \u0130l Sa\u011fl\u0131k M\u00fcd\u00fcr\u00fc L\u00fctfi \u00c7a\u011fatay Onar, \u0130l Milli E\u011fitim M\u00fcd\u00fcr\u00fc Abd\u00fclaziz Yeniyol, Hastane Ba\u015fhekimi Prof. Dr. Erhan Tabako\u011flu, \u00f6\u011frenciler ve sa\u011fl\u0131k \u00e7al\u0131\u015fanlar\u0131 kat\u0131ld\u0131.<\/p>\n","protected":false},"excerpt":{"rendered":"<p>\u0130smail Fehmi Cumal\u0131o\u011flu \u015eehir Hastanesi&#8217;nde &#8216;Tarihin \u0130zinde Tekirda\u011f&#8217; konferans\u0131 yap\u0131ld\u0131. Tekirda\u011f&nbsp;\u0130smail Fehmi Cumal\u0131o\u011flu&nbsp;\u015eehir Hastanesi&#8216;nde &#8220;Tarihin&#8230;<\/p>\n","protected":false},"author":1,"featured_media":2000,"comment_status":"closed","ping_status":"closed","sticky":false,"template":"","format":"standard","meta":{"footnotes":""},"categories":[1],"tags":[],"ppma_author":[57],"class_list":["post-1999","post","type-post","status-publish","format-standard","has-post-thumbnail","hentry","category-tekirdag-gundemi"],"authors":[{"term_id":57,"user_id":1,"is_guest":0,"slug":"admin","display_name":"Alp Aslan","avatar_url":"https:\/\/secure.gravatar.com\/avatar\/07c18c5ad3350b025db8f3328450e071acb435c703e565899c880c63362f137a?s=96&d=mm&r=g","author_category":"1","first_name":"Alp Aslan","last_name":"ER\u0130N","user_url":"http:\/\/www.gundem59.com.tr","job_title":"","description":""}],"_links":{"self":[{"href":"https:\/\/gundem59.com.tr\/index.php?rest_route=\/wp\/v2\/posts\/1999","targetHints":{"allow":["GET"]}}],"collection":[{"href":"https:\/\/gundem59.com.tr\/index.php?rest_route=\/wp\/v2\/posts"}],"about":[{"href":"https:\/\/gundem59.com.tr\/index.php?rest_route=\/wp\/v2\/types\/post"}],"author":[{"embeddable":true,"href":"https:\/\/gundem59.com.tr\/index.php?rest_route=\/wp\/v2\/users\/1"}],"replies":[{"embeddable":true,"href":"https:\/\/gundem59.com.tr\/index.php?rest_route=%2Fwp%2Fv2%2Fcomments&post=1999"}],"version-history":[{"count":1,"href":"https:\/\/gundem59.com.tr\/index.php?rest_route=\/wp\/v2\/posts\/1999\/revisions"}],"predecessor-version":[{"id":2001,"href":"https:\/\/gundem59.com.tr\/index.php?rest_route=\/wp\/v2\/posts\/1999\/revisions\/2001"}],"wp:featuredmedia":[{"embeddable":true,"href":"https:\/\/gundem59.com.tr\/index.php?rest_route=\/wp\/v2\/media\/2000"}],"wp:attachment":[{"href":"https:\/\/gundem59.com.tr\/index.php?rest_route=%2Fwp%2Fv2%2Fmedia&parent=1999"}],"wp:term":[{"taxonomy":"category","embeddable":true,"href":"https:\/\/gundem59.com.tr\/index.php?rest_route=%2Fwp%2Fv2%2Fcategories&post=1999"},{"taxonomy":"post_tag","embeddable":true,"href":"https:\/\/gundem59.com.tr\/index.php?rest_route=%2Fwp%2Fv2%2Ftags&post=1999"},{"taxonomy":"author","embeddable":true,"href":"https:\/\/gundem59.com.tr\/index.php?rest_route=%2Fwp%2Fv2%2Fppma_author&post=1999"}],"curies":[{"name":"wp","href":"https:\/\/api.w.org\/{rel}","templated":true}]}}