{"id":1990,"date":"2026-06-12T14:35:41","date_gmt":"2026-06-12T14:35:41","guid":{"rendered":"https:\/\/gundem59.com.tr\/?p=1990"},"modified":"2026-06-12T14:35:43","modified_gmt":"2026-06-12T14:35:43","slug":"tekirdagda-afetlere-karsi-guc-birligi-tamp-koordinasyon-kurulu-toplandi","status":"publish","type":"post","link":"https:\/\/gundem59.com.tr\/?p=1990","title":{"rendered":"Tekirda\u011f&#8217;da afetlere kar\u015f\u0131 g\u00fc\u00e7 birli\u011fi: TAMP Koordinasyon Kurulu topland\u0131"},"content":{"rendered":"\n<p class=\"wp-block-paragraph\">Tekirda\u011f&#8217;da afetlere kar\u015f\u0131 haz\u0131rl\u0131k kapasitesinin art\u0131r\u0131lmas\u0131 ve kurumlar aras\u0131 koordinasyonun g\u00fc\u00e7lendirilmesi amac\u0131yla TAMP Koordinasyon Kurulu Toplant\u0131s\u0131 d\u00fczenlendi.<\/p>\n\n\n\n<p class=\"wp-block-paragraph\"><a href=\"https:\/\/www.sondakika.com\/tekirdag\/\">Tekirda\u011f<\/a>&#8216;da afetlere kar\u015f\u0131 haz\u0131rl\u0131k kapasitesinin art\u0131r\u0131lmas\u0131, kurumlar aras\u0131 koordinasyonun g\u00fc\u00e7lendirilmesi ve muhtemel afetlere etkin m\u00fcdahalenin sa\u011flanmas\u0131 amac\u0131yla T\u00fcrkiye Afet M\u00fcdahale Plan\u0131 (TAMP) Koordinasyon Kurulu Toplant\u0131s\u0131 ger\u00e7ekle\u015ftirildi.<\/p>\n\n\n\n<p class=\"wp-block-paragraph\">Tekirda\u011f Valisi Recep Soyt\u00fcrk ba\u015fkanl\u0131\u011f\u0131nda d\u00fczenlenen toplant\u0131da, kentin afetlere kar\u015f\u0131 daha diren\u00e7li hale getirilmesine y\u00f6nelik y\u00fcr\u00fct\u00fclen \u00e7al\u0131\u015fmalar kapsaml\u0131 \u015fekilde de\u011ferlendirildi. Kamu kurum ve kurulu\u015flar\u0131n\u0131n temsilcilerinin kat\u0131ld\u0131\u011f\u0131 toplant\u0131da, afet y\u00f6netimi konusunda y\u00fcr\u00fct\u00fclen faaliyetler ile gelece\u011fe y\u00f6nelik planlamalar ele al\u0131nd\u0131. Toplant\u0131n\u0131n g\u00fcndem maddeleri aras\u0131nda, 2027-2032 Tekirda\u011f \u0130l Afet Risk Azaltma Plan\u0131 (\u0130RAP) kapsam\u0131nda belirlenen hedefler ve stratejiler yer ald\u0131. Afet risklerinin azalt\u0131lmas\u0131, kent genelinde dayan\u0131kl\u0131l\u0131\u011f\u0131n art\u0131r\u0131lmas\u0131 ve afet \u00f6ncesi haz\u0131rl\u0131k s\u00fcre\u00e7lerinin geli\u015ftirilmesine y\u00f6nelik \u00e7al\u0131\u015fmalar da de\u011ferlendirildi. Toplant\u0131da ayr\u0131ca \u00c7erkezk\u00f6y il\u00e7esinde ger\u00e7ekle\u015ftirilecek Ulusal D\u00fczey Afet Tatbikat\u0131 \u00f6ncesinde y\u00fcr\u00fct\u00fclen haz\u0131rl\u0131klar g\u00f6r\u00fc\u015f\u00fcld\u00fc. Tatbikatta g\u00f6rev alacak kurumlar\u0131n sorumluluklar\u0131, koordinasyon s\u00fcre\u00e7leri ve m\u00fcdahale planlar\u0131 hakk\u0131nda bilgi al\u0131\u015fveri\u015finde bulunuldu.<\/p>\n\n\n\n<p class=\"wp-block-paragraph\">Toplant\u0131da ayr\u0131ca muhtemel afet ve acil durumlarda vatanda\u015flar\u0131n g\u00fcvenli \u015fekilde bar\u0131nd\u0131r\u0131labilmesi amac\u0131yla kullan\u0131lacak ge\u00e7ici bar\u0131nma alanlar\u0131na ili\u015fkin \u00e7al\u0131\u015fmalar da ele al\u0131nd\u0131. Bar\u0131nma alanlar\u0131n\u0131n kapasitesi, altyap\u0131 durumu ve afet an\u0131nda kullan\u0131labilirli\u011fi konusunda yap\u0131lan haz\u0131rl\u0131klar de\u011ferlendirildi.<\/p>\n\n\n\n<p class=\"wp-block-paragraph\">Vali Recep Soyt\u00fcrk, afetleri bekleyen de\u011fil afetlere kar\u015f\u0131 \u00f6nceden haz\u0131rlanan bir anlay\u0131\u015fla hareket ettiklerini belirterek, y\u00fcr\u00fct\u00fclen \u00e7al\u0131\u015fmalar\u0131n risklerin azalt\u0131lmas\u0131na, m\u00fcdahale kapasitesinin art\u0131r\u0131lmas\u0131na ve vatanda\u015flar\u0131n can g\u00fcvenli\u011finin g\u00fc\u00e7lendirilmesine \u00f6nemli katk\u0131lar sa\u011flayaca\u011f\u0131n\u0131 ifade etti.<\/p>\n\n\n\n<p class=\"wp-block-paragraph\">Toplant\u0131, ilgili kurumlar aras\u0131nda i\u015f birli\u011finin art\u0131r\u0131lmas\u0131 ve afet y\u00f6netimi s\u00fcre\u00e7lerinin daha etkin y\u00fcr\u00fct\u00fclmesine y\u00f6nelik de\u011ferlendirmelerin ard\u0131ndan sona erdi.<\/p>\n\n\n\n<p class=\"wp-block-paragraph\">Toplant\u0131ya Garnizon Komutan Vekili Yarbay Emre Kaya, Tekirda\u011f B\u00fcy\u00fck\u015fehir Belediyesi Genel Sekreteri Do\u00e7. Dr. Erg\u00fcl Halis\u00e7elik, Vali Yard\u0131mc\u0131s\u0131 G\u00fcnay \u00d6zt\u00fcrk, \u0130l Emniyet M\u00fcd\u00fcr\u00fc Ahmet Metin Turanl\u0131, \u0130l Jandarma Komutan\u0131 Jandarma Albay Ali G\u00fcng\u00f6r, AFAD \u0130l M\u00fcd\u00fcr\u00fc Taha Yasin \u00c7eki\u00e7, kurum m\u00fcd\u00fcrleri ve ilgili kurumlar\u0131n yetkilileri kat\u0131ld\u0131. &#8211; TEK\u0130RDA\u011e<\/p>\n","protected":false},"excerpt":{"rendered":"<p>Tekirda\u011f&#8217;da afetlere kar\u015f\u0131 haz\u0131rl\u0131k kapasitesinin art\u0131r\u0131lmas\u0131 ve kurumlar aras\u0131 koordinasyonun g\u00fc\u00e7lendirilmesi amac\u0131yla TAMP Koordinasyon Kurulu&#8230;<\/p>\n","protected":false},"author":1,"featured_media":1991,"comment_status":"closed","ping_status":"closed","sticky":false,"template":"","format":"standard","meta":{"footnotes":""},"categories":[1],"tags":[],"ppma_author":[57],"class_list":["post-1990","post","type-post","status-publish","format-standard","has-post-thumbnail","hentry","category-tekirdag-gundemi"],"authors":[{"term_id":57,"user_id":1,"is_guest":0,"slug":"admin","display_name":"Alp Aslan","avatar_url":"https:\/\/secure.gravatar.com\/avatar\/07c18c5ad3350b025db8f3328450e071acb435c703e565899c880c63362f137a?s=96&d=mm&r=g","author_category":"1","first_name":"Alp Aslan","last_name":"ER\u0130N","user_url":"http:\/\/www.gundem59.com.tr","job_title":"","description":""}],"_links":{"self":[{"href":"https:\/\/gundem59.com.tr\/index.php?rest_route=\/wp\/v2\/posts\/1990","targetHints":{"allow":["GET"]}}],"collection":[{"href":"https:\/\/gundem59.com.tr\/index.php?rest_route=\/wp\/v2\/posts"}],"about":[{"href":"https:\/\/gundem59.com.tr\/index.php?rest_route=\/wp\/v2\/types\/post"}],"author":[{"embeddable":true,"href":"https:\/\/gundem59.com.tr\/index.php?rest_route=\/wp\/v2\/users\/1"}],"replies":[{"embeddable":true,"href":"https:\/\/gundem59.com.tr\/index.php?rest_route=%2Fwp%2Fv2%2Fcomments&post=1990"}],"version-history":[{"count":1,"href":"https:\/\/gundem59.com.tr\/index.php?rest_route=\/wp\/v2\/posts\/1990\/revisions"}],"predecessor-version":[{"id":1992,"href":"https:\/\/gundem59.com.tr\/index.php?rest_route=\/wp\/v2\/posts\/1990\/revisions\/1992"}],"wp:featuredmedia":[{"embeddable":true,"href":"https:\/\/gundem59.com.tr\/index.php?rest_route=\/wp\/v2\/media\/1991"}],"wp:attachment":[{"href":"https:\/\/gundem59.com.tr\/index.php?rest_route=%2Fwp%2Fv2%2Fmedia&parent=1990"}],"wp:term":[{"taxonomy":"category","embeddable":true,"href":"https:\/\/gundem59.com.tr\/index.php?rest_route=%2Fwp%2Fv2%2Fcategories&post=1990"},{"taxonomy":"post_tag","embeddable":true,"href":"https:\/\/gundem59.com.tr\/index.php?rest_route=%2Fwp%2Fv2%2Ftags&post=1990"},{"taxonomy":"author","embeddable":true,"href":"https:\/\/gundem59.com.tr\/index.php?rest_route=%2Fwp%2Fv2%2Fppma_author&post=1990"}],"curies":[{"name":"wp","href":"https:\/\/api.w.org\/{rel}","templated":true}]}}