{"id":1987,"date":"2026-06-12T14:33:46","date_gmt":"2026-06-12T14:33:46","guid":{"rendered":"https:\/\/gundem59.com.tr\/?p=1987"},"modified":"2026-06-12T14:33:46","modified_gmt":"2026-06-12T14:33:46","slug":"tekirdagda-lgs-icin-guvenlik-ve-ulasim-tedbirleri","status":"publish","type":"post","link":"https:\/\/gundem59.com.tr\/?p=1987","title":{"rendered":"Tekirda\u011f&#8217;da LGS \u0130\u00e7in G\u00fcvenlik ve Ula\u015f\u0131m Tedbirleri"},"content":{"rendered":"\n<p class=\"wp-block-paragraph\">Tekirda\u011f Valili\u011fi, LGS \u00f6ncesi trafik, g\u00fcvenlik ve g\u00fcr\u00fclt\u00fc \u00f6nlemleri alacaklar\u0131n\u0131 duyurdu.<\/p>\n\n\n\n<p class=\"wp-block-paragraph\"><a href=\"https:\/\/www.sondakika.com\/tekirdag-valiligi\/\">Tekirda\u011f Valili\u011fi<\/a>, Liselere Ge\u00e7i\u015f Sistemi (<a href=\"https:\/\/www.sondakika.com\/lgs\/\">LGS<\/a>) kapsam\u0131nda ger\u00e7ekle\u015ftirilecek merkezi s\u0131nav \u00f6ncesinde \u00f6\u011frenci ve velilere y\u00f6nelik \u00f6nemli bir duyuru yay\u0131mlad\u0131. Valilik taraf\u0131ndan yap\u0131lan a\u00e7\u0131klamada, s\u0131nav\u0131n sa\u011fl\u0131kl\u0131, g\u00fcvenli ve huzurlu bir ortamda ger\u00e7ekle\u015ftirilebilmesi amac\u0131yla il genelinde gerekli t\u00fcm trafik, ula\u015f\u0131m ve g\u00fcvenlik tedbirlerinin al\u0131nd\u0131\u011f\u0131 bildirildi.<\/p>\n\n\n\n<p class=\"wp-block-paragraph\">A\u00e7\u0131klamada, s\u0131nav g\u00fcn\u00fc s\u0131nav merkezlerinin bulundu\u011fu b\u00f6lgelerde olu\u015fabilecek trafik yo\u011funlu\u011fu, ara\u00e7 park\u0131 kaynakl\u0131 sorunlar ve ula\u015f\u0131m aksakl\u0131klar\u0131n\u0131n \u00f6n\u00fcne ge\u00e7mek i\u00e7in ilgili kurumlar\u0131n koordinasyon i\u00e7erisinde g\u00f6rev yapaca\u011f\u0131 belirtildi. \u00d6zellikle s\u0131nav giri\u015f ve \u00e7\u0131k\u0131\u015f saatlerinde okul \u00e7evrelerinde ya\u015fanabilecek yo\u011funlu\u011fun azalt\u0131lmas\u0131 amac\u0131yla gerekli y\u00f6nlendirme ve denetimlerin ger\u00e7ekle\u015ftirilece\u011fi ifade edildi.<\/p>\n\n\n\n<p class=\"wp-block-paragraph\">Valilik, \u00f6\u011frencilerin dikkatini da\u011f\u0131tabilecek her t\u00fcrl\u00fc g\u00fcr\u00fclt\u00fc unsuruna kar\u015f\u0131 da \u00f6nlem al\u0131naca\u011f\u0131n\u0131 duyurdu. Bu kapsamda s\u0131nav binalar\u0131n\u0131n \u00e7evresinde s\u0131nav saatleri boyunca in\u015faat faaliyetleri, kaz\u0131 \u00e7al\u0131\u015fmalar\u0131, y\u00fcksek sesli i\u015f makineleri kullan\u0131m\u0131, anonslar, etkinlikler ve benzeri g\u00fcr\u00fclt\u00fc olu\u015fturabilecek faaliyetlere izin verilmeyece\u011fi kaydedildi.<\/p>\n\n\n\n<p class=\"wp-block-paragraph\">A\u00e7\u0131klamada, adaylar\u0131n s\u0131nav saatlerine ili\u015fkin kurallara da dikkat etmeleri gerekti\u011fi vurguland\u0131. S\u0131nav ba\u015flad\u0131ktan sonraki ilk 15 dakika i\u00e7erisinde gelen \u00f6\u011frencilerin s\u0131nava al\u0131naca\u011f\u0131, ancak s\u0131nav\u0131n ba\u015flamas\u0131ndan itibaren 15 dakikay\u0131 a\u015fan gecikmelerde adaylar\u0131n s\u0131nav binalar\u0131na giri\u015f yapamayaca\u011f\u0131 hat\u0131rlat\u0131ld\u0131.<\/p>\n\n\n\n<p class=\"wp-block-paragraph\"><a href=\"https:\/\/www.sondakika.com\/guvenlik\/\">G\u00fcvenlik<\/a>&nbsp;tedbirleri kapsam\u0131nda s\u0131navlar\u0131n yap\u0131laca\u011f\u0131 okul bah\u00e7elerine g\u00f6revli personel ve s\u0131nava girecek \u00f6\u011frenciler d\u0131\u015f\u0131nda kimsenin al\u0131nmayaca\u011f\u0131 belirtilirken, velilerin de okul \u00e7evrelerinde yo\u011funluk olu\u015fturmamalar\u0131 konusunda hassasiyet g\u00f6stermeleri istendi.<\/p>\n\n\n\n<p class=\"wp-block-paragraph\">Tekirda\u011f Valili\u011fi taraf\u0131ndan yap\u0131lan a\u00e7\u0131klamada, \u00f6\u011frencilerin gelece\u011fi a\u00e7\u0131s\u0131ndan b\u00fcy\u00fck \u00f6nem ta\u015f\u0131yan s\u0131navlar\u0131n sorunsuz \u015fekilde ger\u00e7ekle\u015ftirilebilmesi i\u00e7in t\u00fcm kamu kurumlar\u0131n\u0131n koordinasyon i\u00e7erisinde \u00e7al\u0131\u015faca\u011f\u0131 ifade edilerek, s\u0131nav s\u00fcrecinde kar\u015f\u0131la\u015f\u0131labilecek herhangi bir olumsuzluk durumunda vatanda\u015flar\u0131n 112 Acil \u00c7a\u011fr\u0131 Merkezi&#8217;ne ba\u015fvurabilecekleri bildirildi.<\/p>\n\n\n\n<p class=\"wp-block-paragraph\">Valilik, s\u0131nava kat\u0131lacak t\u00fcm \u00f6\u011frencilere ba\u015far\u0131 dileklerini ileterek, vatanda\u015flardan s\u0131nav saatlerinde sessizlik ve trafik kurallar\u0131na azami \u00f6l\u00e7\u00fcde riayet etmelerini istedi. &#8211; TEK\u0130RDA\u011e<\/p>\n","protected":false},"excerpt":{"rendered":"<p>Tekirda\u011f Valili\u011fi, LGS \u00f6ncesi trafik, g\u00fcvenlik ve g\u00fcr\u00fclt\u00fc \u00f6nlemleri alacaklar\u0131n\u0131 duyurdu. Tekirda\u011f Valili\u011fi, Liselere Ge\u00e7i\u015f&#8230;<\/p>\n","protected":false},"author":1,"featured_media":1988,"comment_status":"closed","ping_status":"closed","sticky":false,"template":"","format":"standard","meta":{"footnotes":""},"categories":[1],"tags":[],"ppma_author":[57],"class_list":["post-1987","post","type-post","status-publish","format-standard","has-post-thumbnail","hentry","category-tekirdag-gundemi"],"authors":[{"term_id":57,"user_id":1,"is_guest":0,"slug":"admin","display_name":"Alp Aslan","avatar_url":"https:\/\/secure.gravatar.com\/avatar\/07c18c5ad3350b025db8f3328450e071acb435c703e565899c880c63362f137a?s=96&d=mm&r=g","author_category":"1","first_name":"Alp Aslan","last_name":"ER\u0130N","user_url":"http:\/\/www.gundem59.com.tr","job_title":"","description":""}],"_links":{"self":[{"href":"https:\/\/gundem59.com.tr\/index.php?rest_route=\/wp\/v2\/posts\/1987","targetHints":{"allow":["GET"]}}],"collection":[{"href":"https:\/\/gundem59.com.tr\/index.php?rest_route=\/wp\/v2\/posts"}],"about":[{"href":"https:\/\/gundem59.com.tr\/index.php?rest_route=\/wp\/v2\/types\/post"}],"author":[{"embeddable":true,"href":"https:\/\/gundem59.com.tr\/index.php?rest_route=\/wp\/v2\/users\/1"}],"replies":[{"embeddable":true,"href":"https:\/\/gundem59.com.tr\/index.php?rest_route=%2Fwp%2Fv2%2Fcomments&post=1987"}],"version-history":[{"count":1,"href":"https:\/\/gundem59.com.tr\/index.php?rest_route=\/wp\/v2\/posts\/1987\/revisions"}],"predecessor-version":[{"id":1989,"href":"https:\/\/gundem59.com.tr\/index.php?rest_route=\/wp\/v2\/posts\/1987\/revisions\/1989"}],"wp:featuredmedia":[{"embeddable":true,"href":"https:\/\/gundem59.com.tr\/index.php?rest_route=\/wp\/v2\/media\/1988"}],"wp:attachment":[{"href":"https:\/\/gundem59.com.tr\/index.php?rest_route=%2Fwp%2Fv2%2Fmedia&parent=1987"}],"wp:term":[{"taxonomy":"category","embeddable":true,"href":"https:\/\/gundem59.com.tr\/index.php?rest_route=%2Fwp%2Fv2%2Fcategories&post=1987"},{"taxonomy":"post_tag","embeddable":true,"href":"https:\/\/gundem59.com.tr\/index.php?rest_route=%2Fwp%2Fv2%2Ftags&post=1987"},{"taxonomy":"author","embeddable":true,"href":"https:\/\/gundem59.com.tr\/index.php?rest_route=%2Fwp%2Fv2%2Fppma_author&post=1987"}],"curies":[{"name":"wp","href":"https:\/\/api.w.org\/{rel}","templated":true}]}}