{"id":1960,"date":"2026-06-12T00:37:15","date_gmt":"2026-06-12T00:37:15","guid":{"rendered":"https:\/\/gundem59.com.tr\/?p=1960"},"modified":"2026-06-12T00:37:15","modified_gmt":"2026-06-12T00:37:15","slug":"tekirdagda-kimya-fabrikasinda-patlama","status":"publish","type":"post","link":"https:\/\/gundem59.com.tr\/?p=1960","title":{"rendered":"Tekirda\u011f&#8217;da Kimya Fabrikas\u0131nda Patlama"},"content":{"rendered":"\n<p class=\"wp-block-paragraph\">Tekirda\u011f Ergene&#8217;deki kimya fabrikas\u0131nda s\u0131z\u0131nt\u0131 sonucu patlama meydana geldi, 4 i\u015f\u00e7i yaraland\u0131.<\/p>\n\n\n\n<p class=\"wp-block-paragraph\">Tekirda\u011f\u2019\u0131n&nbsp;<a href=\"https:\/\/www.sondakika.com\/ergene\/\">Ergene<\/a>&nbsp;il\u00e7esindeki bir kimya fabrikas\u0131nda, kimyasal dolu reakt\u00f6r tank\u0131nda meydana gelen s\u0131z\u0131nt\u0131 patlamaya yol a\u00e7t\u0131. Olayda 4 i\u015f\u00e7i yaralan\u0131rken, durumu a\u011f\u0131r olan bir i\u015f\u00e7i \u0130stanbul&#8217;a sevk edildi. B\u00f6lgede KBRN ve&nbsp;<a href=\"https:\/\/www.sondakika.com\/afad\/\">AFAD<\/a>&nbsp;ekipleri geni\u015f \u00e7apl\u0131 inceleme ba\u015flatt\u0131.<\/p>\n\n\n\n<h3 class=\"wp-block-heading\">SIZINTI \u015e\u0130DDETL\u0130 PATLAMAYA NEDEN OLDU&nbsp;<\/h3>\n\n\n\n<p class=\"wp-block-paragraph\">Tekirda\u011f&#8217;\u0131n Ergene il\u00e7esine ba\u011fl\u0131 Velime\u015fe Mahallesi Organize Sanayi B\u00f6lgesi&#8217;nde faaliyet g\u00f6steren bir kimya fabrikas\u0131n\u0131n \u00fcretim b\u00f6l\u00fcm\u00fcnde hareketli dakikalar ya\u015fand\u0131. Fabrikadaki kimyasal dolu reakt\u00f6r tank\u0131nda meydana gelen s\u0131z\u0131nt\u0131, \u015fiddetli bir patlamaya neden oldu.<\/p>\n\n\n\n<h3 class=\"wp-block-heading\">KBRN VE AFAD EK\u0130PLER\u0130 SEVK ED\u0130LD\u0130<\/h3>\n\n\n\n<p class=\"wp-block-paragraph\">Patlama ihbar\u0131n\u0131n ard\u0131ndan fabrikaya k\u0131sa s\u00fcrede \u00e7ok say\u0131da jandarma, sa\u011fl\u0131k, itfaiye ve AFAD ekibi sevk edildi. Kimyasal risk nedeniyle olay yerine Kimyasal Biyolojik Radyolojik ve N\u00fckleer (KBRN) uzmanlar\u0131 da y\u00f6nlendirildi. AFAD ve KBRN ekipleri, patlaman\u0131n ard\u0131ndan tesiste olas\u0131 bir kimyasal s\u0131z\u0131nt\u0131 yay\u0131l\u0131m\u0131na kar\u015f\u0131 titiz bir inceleme ger\u00e7ekle\u015ftirdi.<\/p>\n\n\n\n<h3 class=\"wp-block-heading\">HASTANEDE \u00d6ZEL KIYAFETL\u0130 \u00d6NLEM<\/h3>\n\n\n\n<p class=\"wp-block-paragraph\">Patlamada yaralanan 4 i\u015f\u00e7i, olay yerindeki ilk m\u00fcdahalelerinin ard\u0131ndan ambulanslarla \u00c7orlu Devlet Hastanesi&#8217;ne kald\u0131r\u0131ld\u0131. Kimyasal madde temas\u0131 riskine kar\u015f\u0131 hastanede \u00fcst d\u00fczey \u00f6nlemler al\u0131nd\u0131.<\/p>\n\n\n\n<p class=\"wp-block-paragraph\">\u00d6zel koruyucu giysili ekipler, \u00c7orlu Devlet Hastanesi&#8217;nin KBRN Dekontaminasyon \u00dcnitesi giri\u015fine g\u00fcvenlik \u015feridi \u00e7ekerek alan\u0131 karantinaya ald\u0131.<\/p>\n\n\n\n<p class=\"wp-block-paragraph\">Hastanede tedavi alt\u0131na al\u0131nan yaral\u0131lardan durumu a\u011f\u0131r olan 1 i\u015f\u00e7i, yap\u0131lan ilk m\u00fcdahalesinin ard\u0131ndan ileri tedavi i\u00e7in \u0130stanbul&#8217;a sevk edildi.<\/p>\n\n\n\n<p class=\"wp-block-paragraph\">Olay\u0131n ard\u0131ndan jandarma ekipleri fabrikadaki patlaman\u0131n kesin nedenini belirlemek \u00fczere geni\u015f \u00e7apl\u0131 bir soru\u015fturma ba\u015flatt\u0131.<\/p>\n","protected":false},"excerpt":{"rendered":"<p>Tekirda\u011f Ergene&#8217;deki kimya fabrikas\u0131nda s\u0131z\u0131nt\u0131 sonucu patlama meydana geldi, 4 i\u015f\u00e7i yaraland\u0131. Tekirda\u011f\u2019\u0131n&nbsp;Ergene&nbsp;il\u00e7esindeki bir kimya&#8230;<\/p>\n","protected":false},"author":1,"featured_media":1961,"comment_status":"closed","ping_status":"closed","sticky":false,"template":"","format":"standard","meta":{"footnotes":""},"categories":[10],"tags":[],"ppma_author":[57],"class_list":["post-1960","post","type-post","status-publish","format-standard","has-post-thumbnail","hentry","category-ergene"],"authors":[{"term_id":57,"user_id":1,"is_guest":0,"slug":"admin","display_name":"Alp Aslan","avatar_url":"https:\/\/secure.gravatar.com\/avatar\/07c18c5ad3350b025db8f3328450e071acb435c703e565899c880c63362f137a?s=96&d=mm&r=g","author_category":"1","first_name":"Alp Aslan","last_name":"ER\u0130N","user_url":"http:\/\/www.gundem59.com.tr","job_title":"","description":""}],"_links":{"self":[{"href":"https:\/\/gundem59.com.tr\/index.php?rest_route=\/wp\/v2\/posts\/1960","targetHints":{"allow":["GET"]}}],"collection":[{"href":"https:\/\/gundem59.com.tr\/index.php?rest_route=\/wp\/v2\/posts"}],"about":[{"href":"https:\/\/gundem59.com.tr\/index.php?rest_route=\/wp\/v2\/types\/post"}],"author":[{"embeddable":true,"href":"https:\/\/gundem59.com.tr\/index.php?rest_route=\/wp\/v2\/users\/1"}],"replies":[{"embeddable":true,"href":"https:\/\/gundem59.com.tr\/index.php?rest_route=%2Fwp%2Fv2%2Fcomments&post=1960"}],"version-history":[{"count":1,"href":"https:\/\/gundem59.com.tr\/index.php?rest_route=\/wp\/v2\/posts\/1960\/revisions"}],"predecessor-version":[{"id":1962,"href":"https:\/\/gundem59.com.tr\/index.php?rest_route=\/wp\/v2\/posts\/1960\/revisions\/1962"}],"wp:featuredmedia":[{"embeddable":true,"href":"https:\/\/gundem59.com.tr\/index.php?rest_route=\/wp\/v2\/media\/1961"}],"wp:attachment":[{"href":"https:\/\/gundem59.com.tr\/index.php?rest_route=%2Fwp%2Fv2%2Fmedia&parent=1960"}],"wp:term":[{"taxonomy":"category","embeddable":true,"href":"https:\/\/gundem59.com.tr\/index.php?rest_route=%2Fwp%2Fv2%2Fcategories&post=1960"},{"taxonomy":"post_tag","embeddable":true,"href":"https:\/\/gundem59.com.tr\/index.php?rest_route=%2Fwp%2Fv2%2Ftags&post=1960"},{"taxonomy":"author","embeddable":true,"href":"https:\/\/gundem59.com.tr\/index.php?rest_route=%2Fwp%2Fv2%2Fppma_author&post=1960"}],"curies":[{"name":"wp","href":"https:\/\/api.w.org\/{rel}","templated":true}]}}