{"id":1954,"date":"2026-06-12T00:22:43","date_gmt":"2026-06-12T00:22:43","guid":{"rendered":"https:\/\/gundem59.com.tr\/?p=1954"},"modified":"2026-06-12T00:22:44","modified_gmt":"2026-06-12T00:22:44","slug":"edirneye-bolge-idare-mahkemesi-kuruluyor-bakan-gurlek-duyurdu","status":"publish","type":"post","link":"https:\/\/gundem59.com.tr\/?p=1954","title":{"rendered":"Edirne\u2019ye B\u00f6lge \u0130dare Mahkemesi kuruluyor: Bakan G\u00fcrlek duyurdu"},"content":{"rendered":"\n<p class=\"wp-block-paragraph\">Adalet Bakan\u0131 Ak\u0131n G\u00fcrlek, Edirne\u2019de B\u00f6lge \u0130dare Mahkemesi kurulaca\u011f\u0131n\u0131 a\u00e7\u0131klad\u0131. Yeni mahkeme, d\u00f6rt ilin idari yarg\u0131 s\u00fcre\u00e7lerine hizmet verecek. Edirne, K\u0131rklareli, Tekirda\u011f ve \u00c7anakkale\u2019yi kapsayacak B\u00f6lge \u0130dare Mahkemesi i\u00e7in karar al\u0131nd\u0131. D\u00fczenlemenin adalete eri\u015fimi kolayla\u015ft\u0131rmas\u0131 ama\u00e7lan\u0131yor.<\/p>\n\n\n\n<p class=\"wp-block-paragraph\">Adalet Bakan\u0131&nbsp;<a href=\"https:\/\/www.sondakika.com\/akin-gurlek\/\">Ak\u0131n G\u00fcrlek<\/a>, Edirne\u2019de B\u00f6lge \u0130dare Mahkemesi kurulmas\u0131na karar verildi\u011fini a\u00e7\u0131klad\u0131.<\/p>\n\n\n\n<p class=\"wp-block-paragraph\">Bakan G\u00fcrlek, sosyal medya hesab\u0131ndan yapt\u0131\u011f\u0131 payla\u015f\u0131mda, mahkemelerdeki i\u015f y\u00fck\u00fcn\u00fcn azalt\u0131lmas\u0131 ve yarg\u0131lamalar\u0131n daha etkin, h\u0131zl\u0131 ve verimli y\u00fcr\u00fct\u00fclmesi amac\u0131yla \u00e7al\u0131\u015fmalar\u0131n s\u00fcrd\u00fc\u011f\u00fcn\u00fc belirtti.<\/p>\n\n\n\n<p class=\"wp-block-paragraph\">Bu kapsamda Edirne\u2019de B\u00f6lge \u0130dare Mahkemesi kurulmas\u0131na karar verildi\u011fini duyuran G\u00fcrlek, mahkemenin yarg\u0131 \u00e7evresinin Edirne,&nbsp;<a href=\"https:\/\/www.sondakika.com\/kirklareli\/\">K\u0131rklareli<\/a>,&nbsp;<a href=\"https:\/\/www.sondakika.com\/tekirdag\/\">Tekirda\u011f<\/a>&nbsp;ve&nbsp;<a href=\"https:\/\/www.sondakika.com\/canakkale\/\">\u00c7anakkale<\/a>&nbsp;illerinin m\u00fclki s\u0131n\u0131rlar\u0131n\u0131 kapsayaca\u011f\u0131n\u0131 ifade etti.<\/p>\n\n\n\n<p class=\"wp-block-paragraph\">G\u00fcrlek a\u00e7\u0131klamas\u0131nda, &#8220;Edirne B\u00f6lge \u0130dare Mahkemesinin yarg\u0131 \u00e7evresini Edirne, K\u0131rklareli, Tekirda\u011f ve \u00c7anakkale illerinin m\u00fclki s\u0131n\u0131rlar\u0131 olarak belirledik. Vatanda\u015flar\u0131m\u0131z\u0131n adalet hizmetlerine eri\u015fimini kolayla\u015ft\u0131rmak amac\u0131yla gerekli ad\u0131mlar\u0131 kararl\u0131l\u0131kla atmaya devam edece\u011fiz. Al\u0131nan karar\u0131n milletimize ve yarg\u0131 camiam\u0131za hay\u0131rl\u0131 olmas\u0131n\u0131 diliyorum.&#8221; ifadelerini kulland\u0131.<\/p>\n\n\n\n<p class=\"wp-block-paragraph\">Yeni mahkemenin, b\u00f6lgedeki idari yarg\u0131 hizmetlerinin daha h\u0131zl\u0131 ve etkin y\u00fcr\u00fct\u00fclmesine katk\u0131 sa\u011flamas\u0131 hedefleniyor.<\/p>\n\n\n\n<figure class=\"wp-block-image\"><img  title=\"\" decoding=\"async\" src=\"https:\/\/foto.sondakika.com\/haber\/2026\/06\/11\/edirneye-bolge-idare-mahkemesi-19935430-8803_1_m.jpg\"  alt=\"edirneye-bolge-idare-mahkemesi-19935430-8803_1_m Edirne\u2019ye B\u00f6lge \u0130dare Mahkemesi kuruluyor: Bakan G\u00fcrlek duyurdu\" \/><\/figure>\n","protected":false},"excerpt":{"rendered":"<p>Adalet Bakan\u0131 Ak\u0131n G\u00fcrlek, Edirne\u2019de B\u00f6lge \u0130dare Mahkemesi kurulaca\u011f\u0131n\u0131 a\u00e7\u0131klad\u0131. Yeni mahkeme, d\u00f6rt ilin idari&#8230;<\/p>\n","protected":false},"author":1,"featured_media":1955,"comment_status":"closed","ping_status":"closed","sticky":false,"template":"","format":"standard","meta":{"footnotes":""},"categories":[1],"tags":[],"ppma_author":[57],"class_list":["post-1954","post","type-post","status-publish","format-standard","has-post-thumbnail","hentry","category-tekirdag-gundemi"],"authors":[{"term_id":57,"user_id":1,"is_guest":0,"slug":"admin","display_name":"Alp Aslan","avatar_url":"https:\/\/secure.gravatar.com\/avatar\/07c18c5ad3350b025db8f3328450e071acb435c703e565899c880c63362f137a?s=96&d=mm&r=g","author_category":"1","first_name":"Alp Aslan","last_name":"ER\u0130N","user_url":"http:\/\/www.gundem59.com.tr","job_title":"","description":""}],"_links":{"self":[{"href":"https:\/\/gundem59.com.tr\/index.php?rest_route=\/wp\/v2\/posts\/1954","targetHints":{"allow":["GET"]}}],"collection":[{"href":"https:\/\/gundem59.com.tr\/index.php?rest_route=\/wp\/v2\/posts"}],"about":[{"href":"https:\/\/gundem59.com.tr\/index.php?rest_route=\/wp\/v2\/types\/post"}],"author":[{"embeddable":true,"href":"https:\/\/gundem59.com.tr\/index.php?rest_route=\/wp\/v2\/users\/1"}],"replies":[{"embeddable":true,"href":"https:\/\/gundem59.com.tr\/index.php?rest_route=%2Fwp%2Fv2%2Fcomments&post=1954"}],"version-history":[{"count":1,"href":"https:\/\/gundem59.com.tr\/index.php?rest_route=\/wp\/v2\/posts\/1954\/revisions"}],"predecessor-version":[{"id":1956,"href":"https:\/\/gundem59.com.tr\/index.php?rest_route=\/wp\/v2\/posts\/1954\/revisions\/1956"}],"wp:featuredmedia":[{"embeddable":true,"href":"https:\/\/gundem59.com.tr\/index.php?rest_route=\/wp\/v2\/media\/1955"}],"wp:attachment":[{"href":"https:\/\/gundem59.com.tr\/index.php?rest_route=%2Fwp%2Fv2%2Fmedia&parent=1954"}],"wp:term":[{"taxonomy":"category","embeddable":true,"href":"https:\/\/gundem59.com.tr\/index.php?rest_route=%2Fwp%2Fv2%2Fcategories&post=1954"},{"taxonomy":"post_tag","embeddable":true,"href":"https:\/\/gundem59.com.tr\/index.php?rest_route=%2Fwp%2Fv2%2Ftags&post=1954"},{"taxonomy":"author","embeddable":true,"href":"https:\/\/gundem59.com.tr\/index.php?rest_route=%2Fwp%2Fv2%2Fppma_author&post=1954"}],"curies":[{"name":"wp","href":"https:\/\/api.w.org\/{rel}","templated":true}]}}