{"id":1948,"date":"2026-06-11T23:56:06","date_gmt":"2026-06-11T23:56:06","guid":{"rendered":"https:\/\/gundem59.com.tr\/?p=1948"},"modified":"2026-06-11T23:56:07","modified_gmt":"2026-06-11T23:56:07","slug":"tekirdagda-su-urunleri-denetimleri-devam-ediyor","status":"publish","type":"post","link":"https:\/\/gundem59.com.tr\/?p=1948","title":{"rendered":"Tekirda\u011f&#8217;da Su \u00dcr\u00fcnleri Denetimleri Devam Ediyor"},"content":{"rendered":"\n<p class=\"wp-block-paragraph\">Tekirda\u011f \u0130l Tar\u0131m ve Orman M\u00fcd\u00fcrl\u00fc\u011f\u00fc, su \u00fcr\u00fcnlerinin korunmas\u0131 ve yasa d\u0131\u015f\u0131 avc\u0131l\u0131kla m\u00fccadele i\u00e7in denetimlerini s\u00fcrd\u00fcr\u00fcyor.<\/p>\n\n\n\n<p class=\"wp-block-paragraph\"><a href=\"https:\/\/www.sondakika.com\/tekirdag\/\">Tekirda\u011f<\/a>&nbsp;\u0130l&nbsp;<a href=\"https:\/\/www.sondakika.com\/tarim\/\">Tar\u0131m<\/a>&nbsp;ve Orman M\u00fcd\u00fcrl\u00fc\u011f\u00fc ekipleri, su \u00fcr\u00fcnlerinin korunmas\u0131, s\u00fcrd\u00fcr\u00fclebilir avc\u0131l\u0131\u011f\u0131n sa\u011flanmas\u0131 ve yasa d\u0131\u015f\u0131 avc\u0131l\u0131kla m\u00fccadele kapsam\u0131nda il genelinde denetimlerini aral\u0131ks\u0131z s\u00fcrd\u00fcr\u00fcyor.<\/p>\n\n\n\n<p class=\"wp-block-paragraph\">1380 Say\u0131l\u0131 Su \u00dcr\u00fcnleri Kanunu muhtevas\u0131nda y\u00fcr\u00fct\u00fclen \u00e7al\u0131\u015fmalar \u00e7er\u00e7evesinde, \u0130l ve \u0130l\u00e7e Tar\u0131m ve Orman M\u00fcd\u00fcrl\u00fcklerine ba\u011fl\u0131 Su \u00dcr\u00fcnleri Kontrol Ekipleri taraf\u0131ndan perakende sat\u0131\u015f noktalar\u0131, g\u00f6l ve g\u00f6letler ile av ara\u00e7lar\u0131na y\u00f6nelik e\u015f zamanl\u0131 denetimler ger\u00e7ekle\u015ftirildi.<\/p>\n\n\n\n<p class=\"wp-block-paragraph\">Denetimlerde, sat\u0131\u015fa sunulan su \u00fcr\u00fcnlerinin yasal boy kriterlerine uygunlu\u011fu, avlanma yasaklar\u0131na riayet edilip edilmedi\u011fi, \u00fcr\u00fcnlerin izlenebilirli\u011fi ve mevzuata uygunlu\u011fu kontrol edildi. Ekipler ayr\u0131ca avc\u0131l\u0131k faaliyetlerinde kullan\u0131lan ara\u00e7 ve gere\u00e7leri de inceleyerek yasa d\u0131\u015f\u0131 avc\u0131l\u0131\u011f\u0131n \u00f6nlenmesine y\u00f6nelik \u00e7al\u0131\u015fmalar yapt\u0131.<\/p>\n\n\n\n<p class=\"wp-block-paragraph\">Tekirda\u011f \u0130l Tar\u0131m ve Orman M\u00fcd\u00fcr\u00fc Mehmet Aksoy, su \u00fcr\u00fcnleri kaynaklar\u0131n\u0131n gelecek nesillere aktar\u0131labilmesi i\u00e7in s\u00fcrd\u00fcr\u00fclebilir bal\u0131k\u00e7\u0131l\u0131\u011f\u0131n b\u00fcy\u00fck \u00f6nem ta\u015f\u0131d\u0131\u011f\u0131n\u0131 belirterek, ka\u00e7ak ve usuls\u00fcz avc\u0131l\u0131kla m\u00fccadelenin kararl\u0131l\u0131kla devam edece\u011fini ifade etti. Aksoy, &#8220;Denizden sofraya g\u0131da g\u00fcvenilirli\u011finin sa\u011flanmas\u0131 amac\u0131yla sahada denetimlerimizi aral\u0131ks\u0131z s\u00fcrd\u00fcr\u00fcyoruz. Hem su \u00fcr\u00fcnleri kaynaklar\u0131m\u0131z\u0131n korunmas\u0131 hem de vatanda\u015flar\u0131m\u0131z\u0131n g\u00fcvenilir g\u0131daya ula\u015fabilmesi i\u00e7in \u00e7al\u0131\u015fmalar\u0131m\u0131z devam edecek&#8221; ifadelerini kulland\u0131.<\/p>\n\n\n\n<p class=\"wp-block-paragraph\">Aksoy ayr\u0131ca, il genelinde ger\u00e7ekle\u015ftirilen denetimlerin belirli periyotlarla ve ani kontroller \u015feklinde s\u00fcrd\u00fcr\u00fclece\u011fi bildirdi. &#8211; TEK\u0130RDA\u011e<\/p>\n","protected":false},"excerpt":{"rendered":"<p>Tekirda\u011f \u0130l Tar\u0131m ve Orman M\u00fcd\u00fcrl\u00fc\u011f\u00fc, su \u00fcr\u00fcnlerinin korunmas\u0131 ve yasa d\u0131\u015f\u0131 avc\u0131l\u0131kla m\u00fccadele i\u00e7in&#8230;<\/p>\n","protected":false},"author":1,"featured_media":1949,"comment_status":"closed","ping_status":"closed","sticky":false,"template":"","format":"standard","meta":{"footnotes":""},"categories":[1],"tags":[],"ppma_author":[57],"class_list":["post-1948","post","type-post","status-publish","format-standard","has-post-thumbnail","hentry","category-tekirdag-gundemi"],"authors":[{"term_id":57,"user_id":1,"is_guest":0,"slug":"admin","display_name":"Alp Aslan","avatar_url":"https:\/\/secure.gravatar.com\/avatar\/07c18c5ad3350b025db8f3328450e071acb435c703e565899c880c63362f137a?s=96&d=mm&r=g","author_category":"1","first_name":"Alp Aslan","last_name":"ER\u0130N","user_url":"http:\/\/www.gundem59.com.tr","job_title":"","description":""}],"_links":{"self":[{"href":"https:\/\/gundem59.com.tr\/index.php?rest_route=\/wp\/v2\/posts\/1948","targetHints":{"allow":["GET"]}}],"collection":[{"href":"https:\/\/gundem59.com.tr\/index.php?rest_route=\/wp\/v2\/posts"}],"about":[{"href":"https:\/\/gundem59.com.tr\/index.php?rest_route=\/wp\/v2\/types\/post"}],"author":[{"embeddable":true,"href":"https:\/\/gundem59.com.tr\/index.php?rest_route=\/wp\/v2\/users\/1"}],"replies":[{"embeddable":true,"href":"https:\/\/gundem59.com.tr\/index.php?rest_route=%2Fwp%2Fv2%2Fcomments&post=1948"}],"version-history":[{"count":1,"href":"https:\/\/gundem59.com.tr\/index.php?rest_route=\/wp\/v2\/posts\/1948\/revisions"}],"predecessor-version":[{"id":1950,"href":"https:\/\/gundem59.com.tr\/index.php?rest_route=\/wp\/v2\/posts\/1948\/revisions\/1950"}],"wp:featuredmedia":[{"embeddable":true,"href":"https:\/\/gundem59.com.tr\/index.php?rest_route=\/wp\/v2\/media\/1949"}],"wp:attachment":[{"href":"https:\/\/gundem59.com.tr\/index.php?rest_route=%2Fwp%2Fv2%2Fmedia&parent=1948"}],"wp:term":[{"taxonomy":"category","embeddable":true,"href":"https:\/\/gundem59.com.tr\/index.php?rest_route=%2Fwp%2Fv2%2Fcategories&post=1948"},{"taxonomy":"post_tag","embeddable":true,"href":"https:\/\/gundem59.com.tr\/index.php?rest_route=%2Fwp%2Fv2%2Ftags&post=1948"},{"taxonomy":"author","embeddable":true,"href":"https:\/\/gundem59.com.tr\/index.php?rest_route=%2Fwp%2Fv2%2Fppma_author&post=1948"}],"curies":[{"name":"wp","href":"https:\/\/api.w.org\/{rel}","templated":true}]}}