{"id":1945,"date":"2026-06-11T23:53:54","date_gmt":"2026-06-11T23:53:54","guid":{"rendered":"https:\/\/gundem59.com.tr\/?p=1945"},"modified":"2026-06-11T23:53:55","modified_gmt":"2026-06-11T23:53:55","slug":"yagislar-tarimsal-verim-beklentilerini-artirdi","status":"publish","type":"post","link":"https:\/\/gundem59.com.tr\/?p=1945","title":{"rendered":"Ya\u011f\u0131\u015flar Tar\u0131msal Verim Beklentilerini Art\u0131rd\u0131"},"content":{"rendered":"\n<p class=\"wp-block-paragraph\">Edirne, K\u0131rklareli ve Tekirda\u011f&#8217;da etkili ya\u011f\u0131\u015flar, bu\u011fday ve arpa gibi \u00fcr\u00fcnlerde y\u00fcksek verim bekliyor.<\/p>\n\n\n\n<p class=\"wp-block-paragraph\"><a href=\"https:\/\/www.sondakika.com\/edirne\/\">Edirne<\/a>,&nbsp;<a href=\"https:\/\/www.sondakika.com\/kirklareli\/\">K\u0131rklareli<\/a>&nbsp;ve&nbsp;<a href=\"https:\/\/www.sondakika.com\/tekirdag\/\">Tekirda\u011f<\/a>&#8216;da son d\u00f6nemde etkili olan ya\u011f\u0131\u015flar, tar\u0131msal \u00fcretime ili\u015fkin beklentileri y\u00fckseltti.<\/p>\n\n\n\n<p class=\"wp-block-paragraph\">\u00d6zellikle k\u0131\u015fl\u0131k ekimlerde kurakl\u0131k riskini b\u00fcy\u00fck \u00f6l\u00e7\u00fcde ortadan kald\u0131ran ya\u011f\u0131\u015flar, yazl\u0131k \u00fcr\u00fcnlerde de su stresini azalt\u0131rken, ba\u015fta bu\u011fday ve arpa olmak \u00fczere bir\u00e7ok \u00fcr\u00fcnde y\u00fcksek verim beklentisini g\u00fc\u00e7lendirdi.<\/p>\n\n\n\n<p class=\"wp-block-paragraph\">Tekirda\u011f Nam\u0131k Kemal \u00dcniversitesi Ziraat Fak\u00fcltesi Tarla Bitkileri B\u00f6l\u00fcm\u00fc Ba\u015fkan\u0131 Prof. Dr. \u0130smet Ba\u015fer, AA muhabirine, son d\u00f6nemde etkili olan ya\u011f\u0131\u015flar\u0131n ekinlere \u00e7ok iyi geldi\u011fini s\u00f6yledi.<\/p>\n\n\n\n<p class=\"wp-block-paragraph\">\u00d6zellikle bu\u011fday, arpa, ay\u00e7i\u00e7e\u011fi, kanola ve m\u0131s\u0131r ekili alanlarda \u00fcr\u00fcnlerin geli\u015fiminin olduk\u00e7a iyi durumda oldu\u011funu vurgulayan Ba\u015fer, ge\u00e7en y\u0131l ya\u015fanan kurakl\u0131k ko\u015fullar\u0131n\u0131 bu y\u0131l ya\u015fanmayaca\u011f\u0131n\u0131 belirtti.<\/p>\n\n\n\n<p class=\"wp-block-paragraph\">Bu\u011fday\u0131n s\u00fct dolum d\u00f6neminde bulundu\u011funu ve bu s\u00fcre\u00e7te al\u0131nan ya\u011f\u0131\u015flar\u0131n verim a\u00e7\u0131s\u0131ndan kritik \u00f6nem ta\u015f\u0131d\u0131\u011f\u0131n\u0131 ifade eden Ba\u015fer, &#8220;Bu anlamda gelen ya\u011f\u0131\u015flar ger\u00e7ekten \u00e7ok iyi oldu. Arpada da s\u00fct dolumunun sonuna gelindi ancak yine de faydas\u0131 olacak. Ay\u00e7i\u00e7eklerinde ise geli\u015fim olduk\u00e7a iyi. Bu bitkiler i\u00e7in m\u00fckemmel bir ya\u011fmur oldu.&#8221; diye konu\u015ftu.<\/p>\n\n\n\n<p class=\"wp-block-paragraph\">Ba\u015fer, bu y\u0131l baz\u0131 \u00fcr\u00fcnlerde rekor verimlerin g\u00f6r\u00fclebilece\u011fini dile getirdi.<\/p>\n\n\n\n<p class=\"wp-block-paragraph\">\u00d6zellikle bu\u011fday ve arpada beklentilerin y\u00fcksek oldu\u011funa dikkati \u00e7eken Ba\u015fer, &#8220;Bu\u011fdayda bizim i\u00e7in normal verim 600 kilonun \u00fczeri olmas\u0131yd\u0131 ama bu sene 800 ile 900 hatta baz\u0131 k\u00fc\u00e7\u00fck alanlar\u0131m\u0131zda 1 tona kadar verimler bekliyorum. Arpada da yine 800 ile 900 kilolar\u0131 bekliyorum. Ay\u00e7i\u00e7e\u011fi \u00e7ok iyi gidiyor.&#8221; ifadelerini kulland\u0131.<\/p>\n\n\n\n<p class=\"wp-block-paragraph\">Ba\u015fer ayr\u0131ca \u00e7ift\u00e7ilerin bilin\u00e7lenmesi ve teknolojiden daha fazla yararlanmas\u0131yla birlikte an\u0131za ekim uygulamalar\u0131n\u0131n yayg\u0131nla\u015ft\u0131\u011f\u0131n\u0131, bunun da tar\u0131msal \u00fcretim a\u00e7\u0131s\u0131ndan \u00f6nemli bir geli\u015fme oldu\u011funu s\u00f6zlerine ekledi.<\/p>\n\n\n\n<p class=\"wp-block-paragraph\">&#8220;Y\u00fcz g\u00fcld\u00fcren sonu\u00e7lar elde edebiliriz&#8221;<\/p>\n\n\n\n<p class=\"wp-block-paragraph\">Tekirda\u011f Ziraat Odas\u0131 Ba\u015fkan\u0131 \u0130mdat Sayg\u0131 da son d\u00f6nemde etkili olan ya\u011f\u0131\u015flar\u0131n \u00fcreticilerin y\u00fcz\u00fcn\u00fc g\u00fcld\u00fcrd\u00fc\u011f\u00fcn\u00fc belirterek, sezonun olumlu ilerledi\u011fini s\u00f6yledi.<\/p>\n\n\n\n<p class=\"wp-block-paragraph\">Ya\u011f\u0131\u015flar\u0131n \u00f6zellikle bu\u011fday, arpa ve ay\u00e7i\u00e7e\u011fi \u00fcretim alanlar\u0131nda \u00f6nemli fayda sa\u011flad\u0131\u011f\u0131n\u0131 ifade eden Sayg\u0131, &#8220;Ge\u00e7en y\u0131l kurakl\u0131\u011f\u0131n olumsuz etkilerini yo\u011fun \u015fekilde ya\u015fam\u0131\u015ft\u0131k. Bu y\u0131l ise zaman\u0131nda gelen ya\u011f\u0131\u015flar sayesinde \u00fcr\u00fcnler \u00e7ok daha sa\u011fl\u0131kl\u0131 bir geli\u015fim g\u00f6steriyor.&#8221; de\u011ferlendirmesinde bulundu.<\/p>\n\n\n\n<p class=\"wp-block-paragraph\">Tarlalardaki g\u00f6r\u00fcn\u00fcm\u00fcn umut verici oldu\u011funa dikkati \u00e7eken Sayg\u0131, \u015f\u00f6yle konu\u015ftu:<\/p>\n\n\n\n<p class=\"wp-block-paragraph\">&#8220;\u00dcreticilerimizden ald\u0131\u011f\u0131m\u0131z geri bildirimler de olumlu. Bu\u011fday ve arpa ba\u015fta olmak \u00fczere bir\u00e7ok \u00fcr\u00fcnde verim beklentisi ge\u00e7en y\u0131la g\u00f6re olduk\u00e7a y\u00fcksek. E\u011fer hasat d\u00f6nemine kadar ola\u011fan\u00fcst\u00fc bir olumsuzluk ya\u015fanmazsa y\u00fcz g\u00fcld\u00fcren sonu\u00e7lar elde edebiliriz.&#8221;<\/p>\n\n\n\n<p class=\"wp-block-paragraph\">&#8220;Bu\u011fdayda k\u0131\u015f d\u00f6nemi \u00e7ok g\u00fczel oldu&#8221;<\/p>\n\n\n\n<p class=\"wp-block-paragraph\">K\u0131rklareli Ziraat Odas\u0131 Ba\u015fkan\u0131 Ekrem \u015eaylan da bu y\u0131l g\u00f6r\u00fclen ya\u011f\u0131\u015flar\u0131n tar\u0131msal \u00fcretimde verimi art\u0131rd\u0131\u011f\u0131n\u0131 kaydetti.<\/p>\n\n\n\n<p class=\"wp-block-paragraph\">Bu\u011fday ve arpan\u0131n geli\u015fiminin \u00e7ok iyi seviyelerde oldu\u011funu ifade eden \u015eaylan, \u00e7ift\u00e7ilerin hasat zaman\u0131n\u0131 sab\u0131rs\u0131zl\u0131kla bekledi\u011fini s\u00f6yledi.<\/p>\n\n\n\n<p class=\"wp-block-paragraph\">Hububat \u00fcretiminde Edirne, K\u0131rklareli ve Tekirda\u011f&#8217;\u0131n ayr\u0131 bir \u00f6neminin bulundu\u011funu dile getiren \u015eaylan, &#8220;Tabii ki bi\u00e7meden de bir \u015fey diyemeyiz ama g\u00f6r\u00fcnt\u00fc itibar\u0131yla bu\u011fdaylar\u0131m\u0131z, arpalar\u0131m\u0131z g\u00fczel. G\u00fczel verim alaca\u011f\u0131m\u0131z\u0131 zannediyorum. Ge\u00e7en y\u0131l ya\u011f\u0131\u015flar \u00e7ok k\u0131s\u0131tl\u0131yd\u0131. Bekledi\u011fimiz zamanlarda ya\u011f\u0131\u015flar pek g\u00f6r\u00fclmemi\u015fti. Ge\u00e7en y\u0131l ile bu y\u0131l aras\u0131nda b\u00fcy\u00fck bir fark var. Bu y\u0131l g\u00fczel ve kaliteli verim bekliyoruz. Bu\u011fdayda k\u0131\u015f d\u00f6nemi \u00e7ok g\u00fczel oldu. Bu\u011fday \u00fc\u015f\u00fcmesi gereken zamanda \u00fc\u015f\u00fcd\u00fc, ya\u011f\u0131\u015f almas\u0131 gereken zamanda ya\u011f\u0131\u015f ald\u0131, ekili\u015ften bug\u00fcne kadar iyi durumda geldi.&#8221; diye konu\u015ftu.<\/p>\n","protected":false},"excerpt":{"rendered":"<p>Edirne, K\u0131rklareli ve Tekirda\u011f&#8217;da etkili ya\u011f\u0131\u015flar, bu\u011fday ve arpa gibi \u00fcr\u00fcnlerde y\u00fcksek verim bekliyor. Edirne,&nbsp;K\u0131rklareli&nbsp;ve&nbsp;Tekirda\u011f&#8216;da&#8230;<\/p>\n","protected":false},"author":1,"featured_media":1946,"comment_status":"closed","ping_status":"closed","sticky":false,"template":"","format":"standard","meta":{"footnotes":""},"categories":[1],"tags":[],"ppma_author":[57],"class_list":["post-1945","post","type-post","status-publish","format-standard","has-post-thumbnail","hentry","category-tekirdag-gundemi"],"authors":[{"term_id":57,"user_id":1,"is_guest":0,"slug":"admin","display_name":"Alp Aslan","avatar_url":"https:\/\/secure.gravatar.com\/avatar\/07c18c5ad3350b025db8f3328450e071acb435c703e565899c880c63362f137a?s=96&d=mm&r=g","author_category":"1","first_name":"Alp Aslan","last_name":"ER\u0130N","user_url":"http:\/\/www.gundem59.com.tr","job_title":"","description":""}],"_links":{"self":[{"href":"https:\/\/gundem59.com.tr\/index.php?rest_route=\/wp\/v2\/posts\/1945","targetHints":{"allow":["GET"]}}],"collection":[{"href":"https:\/\/gundem59.com.tr\/index.php?rest_route=\/wp\/v2\/posts"}],"about":[{"href":"https:\/\/gundem59.com.tr\/index.php?rest_route=\/wp\/v2\/types\/post"}],"author":[{"embeddable":true,"href":"https:\/\/gundem59.com.tr\/index.php?rest_route=\/wp\/v2\/users\/1"}],"replies":[{"embeddable":true,"href":"https:\/\/gundem59.com.tr\/index.php?rest_route=%2Fwp%2Fv2%2Fcomments&post=1945"}],"version-history":[{"count":1,"href":"https:\/\/gundem59.com.tr\/index.php?rest_route=\/wp\/v2\/posts\/1945\/revisions"}],"predecessor-version":[{"id":1947,"href":"https:\/\/gundem59.com.tr\/index.php?rest_route=\/wp\/v2\/posts\/1945\/revisions\/1947"}],"wp:featuredmedia":[{"embeddable":true,"href":"https:\/\/gundem59.com.tr\/index.php?rest_route=\/wp\/v2\/media\/1946"}],"wp:attachment":[{"href":"https:\/\/gundem59.com.tr\/index.php?rest_route=%2Fwp%2Fv2%2Fmedia&parent=1945"}],"wp:term":[{"taxonomy":"category","embeddable":true,"href":"https:\/\/gundem59.com.tr\/index.php?rest_route=%2Fwp%2Fv2%2Fcategories&post=1945"},{"taxonomy":"post_tag","embeddable":true,"href":"https:\/\/gundem59.com.tr\/index.php?rest_route=%2Fwp%2Fv2%2Ftags&post=1945"},{"taxonomy":"author","embeddable":true,"href":"https:\/\/gundem59.com.tr\/index.php?rest_route=%2Fwp%2Fv2%2Fppma_author&post=1945"}],"curies":[{"name":"wp","href":"https:\/\/api.w.org\/{rel}","templated":true}]}}