{"id":1939,"date":"2026-06-11T23:47:52","date_gmt":"2026-06-11T23:47:52","guid":{"rendered":"https:\/\/gundem59.com.tr\/?p=1939"},"modified":"2026-06-11T23:47:52","modified_gmt":"2026-06-11T23:47:52","slug":"roman-ogrencilerin-aydogdunun-renkleri-sergisi","status":"publish","type":"post","link":"https:\/\/gundem59.com.tr\/?p=1939","title":{"rendered":"Roman \u00d6\u011frencilerin &#8216;Aydo\u011fdu&#8217;nun Renkleri&#8217; Sergisi"},"content":{"rendered":"\n<p class=\"wp-block-paragraph\">Tekirda\u011f&#8217;da Roman \u00f6\u011frencilerin eserlerinin sergilendi\u011fi &#8216;Aydo\u011fdu&#8217;nun Renkleri&#8217; a\u00e7\u0131ld\u0131.<\/p>\n\n\n\n<p class=\"wp-block-paragraph\"><a href=\"https:\/\/www.sondakika.com\/tekirdag\/\">Tekirda\u011f<\/a>&#8216;da Roman \u00f6\u011frencilerin \u00f6\u011fretmenleriyle haz\u0131rlad\u0131\u011f\u0131 eserlerin yer ald\u0131\u011f\u0131 &#8220;Aydo\u011fdu&#8217;nun Renkleri&#8221; adl\u0131 resim sergisi be\u011feniye sunuldu.<\/p>\n\n\n\n<p class=\"wp-block-paragraph\">13 Kas\u0131m \u0130lkokulu ve Ortaokulu \u00f6\u011frencileri ile \u00f6\u011fretmenleri taraf\u0131ndan haz\u0131rlanan sergi, kentteki bir al\u0131\u015fveri\u015f merkezinde a\u00e7\u0131ld\u0131.<\/p>\n\n\n\n<p class=\"wp-block-paragraph\">Sergide, \u00f6\u011frenciler ve \u00f6\u011fretmenlerin farkl\u0131 tekniklerle haz\u0131rlad\u0131\u011f\u0131 resimler ile el eme\u011fi \u00e7al\u0131\u015fmalar, ziyaret\u00e7ilerin be\u011fenisine sunuldu.<\/p>\n\n\n\n<p class=\"wp-block-paragraph\">Okul M\u00fcd\u00fcr\u00fc G\u00fcrsan \u00c7il, AA muhabirine, serginin \u00f6\u011frencilerin sanatsal yeteneklerini geli\u015ftirmesine katk\u0131 sundu\u011funu s\u00f6yleyerek, &#8220;\u00d6\u011frencilerimiz eserlerini ziyaret\u00e7ilerle bulu\u015fturman\u0131n mutlulu\u011funu ya\u015f\u0131yor. Ortaya birbirinden g\u00fczel \u00e7al\u0131\u015fmalar \u00e7\u0131kt\u0131.&#8221; dedi.<\/p>\n\n\n\n<p class=\"wp-block-paragraph\">\u00d6\u011frencilerden G\u00fcney Bi\u00e7er de \u00f6\u011fretmenleriyle resim yapman\u0131n kendileri i\u00e7in keyifli bir s\u00fcre\u00e7 oldu\u011funu ifade etti.<\/p>\n\n\n\n<p class=\"wp-block-paragraph\">Sergi 2 g\u00fcn boyunca ziyaret edilebilecek.<\/p>\n","protected":false},"excerpt":{"rendered":"<p>Tekirda\u011f&#8217;da Roman \u00f6\u011frencilerin eserlerinin sergilendi\u011fi &#8216;Aydo\u011fdu&#8217;nun Renkleri&#8217; a\u00e7\u0131ld\u0131. Tekirda\u011f&#8216;da Roman \u00f6\u011frencilerin \u00f6\u011fretmenleriyle haz\u0131rlad\u0131\u011f\u0131 eserlerin yer&#8230;<\/p>\n","protected":false},"author":1,"featured_media":1940,"comment_status":"closed","ping_status":"closed","sticky":false,"template":"","format":"standard","meta":{"footnotes":""},"categories":[1],"tags":[],"ppma_author":[57],"class_list":["post-1939","post","type-post","status-publish","format-standard","has-post-thumbnail","hentry","category-tekirdag-gundemi"],"authors":[{"term_id":57,"user_id":1,"is_guest":0,"slug":"admin","display_name":"Alp Aslan","avatar_url":"https:\/\/secure.gravatar.com\/avatar\/07c18c5ad3350b025db8f3328450e071acb435c703e565899c880c63362f137a?s=96&d=mm&r=g","author_category":"1","first_name":"Alp Aslan","last_name":"ER\u0130N","user_url":"http:\/\/www.gundem59.com.tr","job_title":"","description":""}],"_links":{"self":[{"href":"https:\/\/gundem59.com.tr\/index.php?rest_route=\/wp\/v2\/posts\/1939","targetHints":{"allow":["GET"]}}],"collection":[{"href":"https:\/\/gundem59.com.tr\/index.php?rest_route=\/wp\/v2\/posts"}],"about":[{"href":"https:\/\/gundem59.com.tr\/index.php?rest_route=\/wp\/v2\/types\/post"}],"author":[{"embeddable":true,"href":"https:\/\/gundem59.com.tr\/index.php?rest_route=\/wp\/v2\/users\/1"}],"replies":[{"embeddable":true,"href":"https:\/\/gundem59.com.tr\/index.php?rest_route=%2Fwp%2Fv2%2Fcomments&post=1939"}],"version-history":[{"count":1,"href":"https:\/\/gundem59.com.tr\/index.php?rest_route=\/wp\/v2\/posts\/1939\/revisions"}],"predecessor-version":[{"id":1941,"href":"https:\/\/gundem59.com.tr\/index.php?rest_route=\/wp\/v2\/posts\/1939\/revisions\/1941"}],"wp:featuredmedia":[{"embeddable":true,"href":"https:\/\/gundem59.com.tr\/index.php?rest_route=\/wp\/v2\/media\/1940"}],"wp:attachment":[{"href":"https:\/\/gundem59.com.tr\/index.php?rest_route=%2Fwp%2Fv2%2Fmedia&parent=1939"}],"wp:term":[{"taxonomy":"category","embeddable":true,"href":"https:\/\/gundem59.com.tr\/index.php?rest_route=%2Fwp%2Fv2%2Fcategories&post=1939"},{"taxonomy":"post_tag","embeddable":true,"href":"https:\/\/gundem59.com.tr\/index.php?rest_route=%2Fwp%2Fv2%2Ftags&post=1939"},{"taxonomy":"author","embeddable":true,"href":"https:\/\/gundem59.com.tr\/index.php?rest_route=%2Fwp%2Fv2%2Fppma_author&post=1939"}],"curies":[{"name":"wp","href":"https:\/\/api.w.org\/{rel}","templated":true}]}}