{"id":1924,"date":"2026-06-11T23:29:13","date_gmt":"2026-06-11T23:29:13","guid":{"rendered":"https:\/\/gundem59.com.tr\/?p=1924"},"modified":"2026-06-11T23:29:14","modified_gmt":"2026-06-11T23:29:14","slug":"60-kiraz-festivalinde-burhan-ocal-konser-verdi","status":"publish","type":"post","link":"https:\/\/gundem59.com.tr\/?p=1924","title":{"rendered":"60. Kiraz Festivali&#8217;nde Burhan \u00d6\u00e7al Konser Verdi"},"content":{"rendered":"\n<p class=\"wp-block-paragraph\">Tekirda\u011f&#8217;da d\u00fczenlenen Kiraz Festivali&#8217;nde Burhan \u00d6\u00e7al sahne alarak unutulmaz bir performans sergiledi.<\/p>\n\n\n\n<p class=\"wp-block-paragraph\"><a href=\"https:\/\/www.sondakika.com\/tekirdag\/\">Tekirda\u011f<\/a>&#8216;da 60. Uluslararas\u0131 Kiraz Festivali kapsam\u0131nda perk\u00fcsyon sanat\u00e7\u0131s\u0131&nbsp;<a href=\"https:\/\/www.sondakika.com\/burhan-ocal-4054\/\">Burhan \u00d6\u00e7al<\/a>&nbsp;sahne ald\u0131.<\/p>\n\n\n\n<p class=\"wp-block-paragraph\">S\u00fcleymanpa\u015fa Belediyesince d\u00fczenlenen festival kapsam\u0131ndaki konser, sahil dolgu alan\u0131nda ger\u00e7ekle\u015ftirildi.<\/p>\n\n\n\n<p class=\"wp-block-paragraph\">Konser boyunca ritim a\u011f\u0131rl\u0131kl\u0131 eserlerini seslendiren sanat\u00e7\u0131ya dinleyiciler yo\u011fun ilgi g\u00f6sterdi.<\/p>\n\n\n\n<p class=\"wp-block-paragraph\">\u00d6\u00e7al&#8217;\u0131n sahne ald\u0131\u011f\u0131 konser, kat\u0131l\u0131mc\u0131lardan b\u00fcy\u00fck alk\u0131\u015f ald\u0131.<\/p>\n\n\n\n<p class=\"wp-block-paragraph\">Belediye Ba\u015fkan\u0131 Volkan Nallar, konser sonras\u0131 yapt\u0131\u011f\u0131 konu\u015fmada, festivalin a\u00e7\u0131l\u0131\u015f\u0131n\u0131 yapt\u0131klar\u0131n\u0131 ve kat\u0131l\u0131mc\u0131lar\u0131n unutulmaz bir festivale tan\u0131kl\u0131k edeceklerini s\u00f6yledi.<\/p>\n\n\n\n<p class=\"wp-block-paragraph\">Nallar, konser sonunda \u00d6\u00e7al&#8217;a \u00e7i\u00e7ek ve kiraz sepeti verdi.<\/p>\n\n\n\n<p class=\"wp-block-paragraph\">\u00c7e\u015fitli etkinlikler ve konserlerle s\u00fcrecek festival, 14 Haziran&#8217;da sona erecek<\/p>\n","protected":false},"excerpt":{"rendered":"<p>Tekirda\u011f&#8217;da d\u00fczenlenen Kiraz Festivali&#8217;nde Burhan \u00d6\u00e7al sahne alarak unutulmaz bir performans sergiledi. Tekirda\u011f&#8216;da 60. Uluslararas\u0131&#8230;<\/p>\n","protected":false},"author":1,"featured_media":1925,"comment_status":"closed","ping_status":"closed","sticky":false,"template":"","format":"standard","meta":{"footnotes":""},"categories":[14,1],"tags":[],"ppma_author":[57],"class_list":["post-1924","post","type-post","status-publish","format-standard","has-post-thumbnail","hentry","category-suleymanpasa","category-tekirdag-gundemi"],"authors":[{"term_id":57,"user_id":1,"is_guest":0,"slug":"admin","display_name":"Alp Aslan","avatar_url":"https:\/\/secure.gravatar.com\/avatar\/07c18c5ad3350b025db8f3328450e071acb435c703e565899c880c63362f137a?s=96&d=mm&r=g","author_category":"1","first_name":"Alp Aslan","last_name":"ER\u0130N","user_url":"http:\/\/www.gundem59.com.tr","job_title":"","description":""}],"_links":{"self":[{"href":"https:\/\/gundem59.com.tr\/index.php?rest_route=\/wp\/v2\/posts\/1924","targetHints":{"allow":["GET"]}}],"collection":[{"href":"https:\/\/gundem59.com.tr\/index.php?rest_route=\/wp\/v2\/posts"}],"about":[{"href":"https:\/\/gundem59.com.tr\/index.php?rest_route=\/wp\/v2\/types\/post"}],"author":[{"embeddable":true,"href":"https:\/\/gundem59.com.tr\/index.php?rest_route=\/wp\/v2\/users\/1"}],"replies":[{"embeddable":true,"href":"https:\/\/gundem59.com.tr\/index.php?rest_route=%2Fwp%2Fv2%2Fcomments&post=1924"}],"version-history":[{"count":1,"href":"https:\/\/gundem59.com.tr\/index.php?rest_route=\/wp\/v2\/posts\/1924\/revisions"}],"predecessor-version":[{"id":1926,"href":"https:\/\/gundem59.com.tr\/index.php?rest_route=\/wp\/v2\/posts\/1924\/revisions\/1926"}],"wp:featuredmedia":[{"embeddable":true,"href":"https:\/\/gundem59.com.tr\/index.php?rest_route=\/wp\/v2\/media\/1925"}],"wp:attachment":[{"href":"https:\/\/gundem59.com.tr\/index.php?rest_route=%2Fwp%2Fv2%2Fmedia&parent=1924"}],"wp:term":[{"taxonomy":"category","embeddable":true,"href":"https:\/\/gundem59.com.tr\/index.php?rest_route=%2Fwp%2Fv2%2Fcategories&post=1924"},{"taxonomy":"post_tag","embeddable":true,"href":"https:\/\/gundem59.com.tr\/index.php?rest_route=%2Fwp%2Fv2%2Ftags&post=1924"},{"taxonomy":"author","embeddable":true,"href":"https:\/\/gundem59.com.tr\/index.php?rest_route=%2Fwp%2Fv2%2Fppma_author&post=1924"}],"curies":[{"name":"wp","href":"https:\/\/api.w.org\/{rel}","templated":true}]}}