{"id":1858,"date":"2026-06-10T15:53:22","date_gmt":"2026-06-10T15:53:22","guid":{"rendered":"https:\/\/gundem59.com.tr\/?p=1858"},"modified":"2026-06-10T15:53:22","modified_gmt":"2026-06-10T15:53:22","slug":"tekirdagda-festival-spor-ve-egitim-bulusmalari","status":"publish","type":"post","link":"https:\/\/gundem59.com.tr\/?p=1858","title":{"rendered":"Tekirda\u011f&#8217;da Festival, Spor ve E\u011fitim Bulu\u015fmalar\u0131"},"content":{"rendered":"\n<p class=\"wp-block-paragraph\">S\u00fcleymanpa\u015fa Belediye Ba\u015fkan\u0131 Volkan Nallar, Vali Recep Soyt\u00fcrk&#8217;\u00fc 60. Uluslararas\u0131 Tekirda\u011f Kiraz Festivali&#8217;ne davet etti.<\/p>\n\n\n\n<p class=\"wp-block-paragraph\">S\u00fcleymanpa\u015fa&nbsp;<a href=\"https:\/\/www.sondakika.com\/belediye\/\">Belediye<\/a>&nbsp;Ba\u015fkan\u0131&nbsp;<a href=\"https:\/\/www.sondakika.com\/volkan-nallar\/\">Volkan Nallar<\/a>, Vali Recep Soyt\u00fcrk&#8217;\u00fc 60. Uluslararas\u0131&nbsp;<a href=\"https:\/\/www.sondakika.com\/tekirdag\/\">Tekirda\u011f<\/a>&nbsp;Kiraz Festivali&#8217;ne davet etti.<\/p>\n\n\n\n<p class=\"wp-block-paragraph\">Nallar, 11-14 Haziran tarihlerinde d\u00fczenlenecek olan festival kapsam\u0131nda Soyt\u00fcrk&#8217;\u00fc ziyaret etti.<\/p>\n\n\n\n<p class=\"wp-block-paragraph\">Ziyaret s\u0131ras\u0131nda Ba\u015fkan Nallar, festival program\u0131 hakk\u0131nda Vali Soyt\u00fcrk&#8217;e bilgi vererek festivale davet etti.<\/p>\n\n\n\n<p class=\"wp-block-paragraph\">Soyt\u00fcrk, ziyaretten duydu\u011fu memnuniyeti ifade ederek, &#8220;\u0130limizin tan\u0131t\u0131m\u0131na, turizmine, ticaretine ve marka de\u011ferine katk\u0131 sa\u011flayacak 60. Uluslararas\u0131 Tekirda\u011f Kiraz Festivali&#8217;nin hay\u0131rlara vesile olmas\u0131n\u0131 temenni ediyorum.&#8221; dedi.<\/p>\n\n\n\n<p class=\"wp-block-paragraph\">-Vali Soyt\u00fcrk ba\u015far\u0131l\u0131 sporcuyu kabul etti<\/p>\n\n\n\n<p class=\"wp-block-paragraph\">Tekirda\u011f Valisi Recep Soyt\u00fcrk, ge\u00e7en ay Antalya&#8217;da d\u00fczenlenen K\u0131ck Boks D\u00fcnya Kupas\u0131&#8217;nda birinci olan Meyra Apayd\u0131n&#8217;\u0131 makam\u0131nda kabul etti.<\/p>\n\n\n\n<p class=\"wp-block-paragraph\">Kapakl\u0131 \u015eehit Kadir Dada\u015f Mesleki ve Teknik Anadolu Lisesi \u00f6\u011frencisi Apayd\u0131n&#8217;\u0131, m\u00fcsabakada Kick Light Y\u0131ld\u0131z K\u0131zlar kategorisinde 60 kiloda birincilik elde etti.<\/p>\n\n\n\n<p class=\"wp-block-paragraph\">Apayd\u0131n ve antren\u00f6r\u00fc Bilal G\u00fczel Vali Soyt\u00fcrk&#8217;\u00fc ziyaret ederek m\u00fcsabaka ile ilgili bir s\u00fcre sohbet etti.<\/p>\n\n\n\n<p class=\"wp-block-paragraph\">Vali Soyt\u00fcrk, Apayd\u0131n&#8217;\u0131 ba\u015far\u0131lar\u0131ndan dolay\u0131 tebrik etti.<\/p>\n\n\n\n<p class=\"wp-block-paragraph\">Ziyaretleri s\u0131ras\u0131nda sporcuya Gen\u00e7lik ve&nbsp;<a href=\"https:\/\/www.sondakika.com\/Spor\/\">Spor<\/a>&nbsp;\u0130l M\u00fcd\u00fcr\u00fc Ahmet \u00dczg\u00fcn de e\u015flik etti.<\/p>\n\n\n\n<p class=\"wp-block-paragraph\">Tekirda\u011f&#8217;da mesleki e\u011fitim sergisi a\u00e7\u0131ld\u0131<\/p>\n\n\n\n<p class=\"wp-block-paragraph\">Tekirda\u011f&#8217;da &#8220;Ben Her Yerde Var\u0131m: Maarifin Kalbinde Marifetli Gen\u00e7lik&#8221; projesi kapsam\u0131nda mesleki e\u011fitim alanlar\u0131n\u0131n tan\u0131t\u0131ld\u0131\u011f\u0131 sergi a\u00e7\u0131ld\u0131.<\/p>\n\n\n\n<p class=\"wp-block-paragraph\">Z\u00fcbeyde Han\u0131m Mesleki ve Teknik Anadolu Lisesi M\u00fcd\u00fcrl\u00fc\u011f\u00fcnce Yahya Kemal Beyatl\u0131&nbsp;<a href=\"https:\/\/www.sondakika.com\/kultur\/\">K\u00fclt\u00fcr<\/a>&nbsp;Merkezi&#8217;nde d\u00fczenlenen sergide, okulun e\u011fitim verdi\u011fi alanlara ili\u015fkin \u00f6\u011frenci \u00e7al\u0131\u015fmalar\u0131 ve uygulamal\u0131 projeler ziyaret\u00e7ilerin be\u011fenisine sunuldu.<\/p>\n\n\n\n<p class=\"wp-block-paragraph\">Protokol \u00fcyeleri, sergi alan\u0131n\u0131 gezerek \u00f6\u011frenciler ve \u00f6\u011fretmenlerden \u00e7al\u0131\u015fmalar hakk\u0131nda bilgi ald\u0131.<\/p>\n\n\n\n<p class=\"wp-block-paragraph\">Programa, S\u00fcleymanpa\u015fa Kaymakam\u0131 Mahmut Nedim Tun\u00e7er, \u0130l Milli E\u011fitim M\u00fcd\u00fcr Yard\u0131mc\u0131lar\u0131 Hasan Basri Kuzu ve \u00d6nder Atik, \u0130l\u00e7e Milli E\u011fitim M\u00fcd\u00fcr\u00fc Fahri K\u0131rm\u0131z\u0131, \u015fube m\u00fcd\u00fcrleri ve okul m\u00fcd\u00fcrleri kat\u0131ld\u0131.<\/p>\n","protected":false},"excerpt":{"rendered":"<p>S\u00fcleymanpa\u015fa Belediye Ba\u015fkan\u0131 Volkan Nallar, Vali Recep Soyt\u00fcrk&#8217;\u00fc 60. Uluslararas\u0131 Tekirda\u011f Kiraz Festivali&#8217;ne davet etti&#8230;.<\/p>\n","protected":false},"author":1,"featured_media":1859,"comment_status":"closed","ping_status":"closed","sticky":false,"template":"","format":"standard","meta":{"footnotes":""},"categories":[1],"tags":[],"ppma_author":[57],"class_list":["post-1858","post","type-post","status-publish","format-standard","has-post-thumbnail","hentry","category-tekirdag-gundemi"],"authors":[{"term_id":57,"user_id":1,"is_guest":0,"slug":"admin","display_name":"Alp Aslan","avatar_url":"https:\/\/secure.gravatar.com\/avatar\/07c18c5ad3350b025db8f3328450e071acb435c703e565899c880c63362f137a?s=96&d=mm&r=g","author_category":"1","first_name":"Alp Aslan","last_name":"ER\u0130N","user_url":"http:\/\/www.gundem59.com.tr","job_title":"","description":""}],"_links":{"self":[{"href":"https:\/\/gundem59.com.tr\/index.php?rest_route=\/wp\/v2\/posts\/1858","targetHints":{"allow":["GET"]}}],"collection":[{"href":"https:\/\/gundem59.com.tr\/index.php?rest_route=\/wp\/v2\/posts"}],"about":[{"href":"https:\/\/gundem59.com.tr\/index.php?rest_route=\/wp\/v2\/types\/post"}],"author":[{"embeddable":true,"href":"https:\/\/gundem59.com.tr\/index.php?rest_route=\/wp\/v2\/users\/1"}],"replies":[{"embeddable":true,"href":"https:\/\/gundem59.com.tr\/index.php?rest_route=%2Fwp%2Fv2%2Fcomments&post=1858"}],"version-history":[{"count":1,"href":"https:\/\/gundem59.com.tr\/index.php?rest_route=\/wp\/v2\/posts\/1858\/revisions"}],"predecessor-version":[{"id":1860,"href":"https:\/\/gundem59.com.tr\/index.php?rest_route=\/wp\/v2\/posts\/1858\/revisions\/1860"}],"wp:featuredmedia":[{"embeddable":true,"href":"https:\/\/gundem59.com.tr\/index.php?rest_route=\/wp\/v2\/media\/1859"}],"wp:attachment":[{"href":"https:\/\/gundem59.com.tr\/index.php?rest_route=%2Fwp%2Fv2%2Fmedia&parent=1858"}],"wp:term":[{"taxonomy":"category","embeddable":true,"href":"https:\/\/gundem59.com.tr\/index.php?rest_route=%2Fwp%2Fv2%2Fcategories&post=1858"},{"taxonomy":"post_tag","embeddable":true,"href":"https:\/\/gundem59.com.tr\/index.php?rest_route=%2Fwp%2Fv2%2Ftags&post=1858"},{"taxonomy":"author","embeddable":true,"href":"https:\/\/gundem59.com.tr\/index.php?rest_route=%2Fwp%2Fv2%2Fppma_author&post=1858"}],"curies":[{"name":"wp","href":"https:\/\/api.w.org\/{rel}","templated":true}]}}