{"id":1852,"date":"2026-06-10T15:49:11","date_gmt":"2026-06-10T15:49:11","guid":{"rendered":"https:\/\/gundem59.com.tr\/?p=1852"},"modified":"2026-06-10T15:49:12","modified_gmt":"2026-06-10T15:49:12","slug":"tekirdagda-trafik-kazasi-1-yaral","status":"publish","type":"post","link":"https:\/\/gundem59.com.tr\/?p=1852","title":{"rendered":"Tekirda\u011f&#8217;da Trafik Kazas\u0131: 1 Yaral"},"content":{"rendered":"\n<p class=\"wp-block-paragraph\">Tekirda\u011f&#8217;da motosiklet ile otomobil \u00e7arp\u0131\u015ft\u0131, s\u00fcr\u00fcc\u00fc yaralanarak hastaneye kald\u0131r\u0131ld\u0131<\/p>\n\n\n\n<p class=\"wp-block-paragraph\"><a href=\"https:\/\/www.sondakika.com\/tekirdag\/\">Tekirda\u011f<\/a>&#8216;da otomobil ile motosikletin \u00e7arp\u0131\u015ft\u0131\u011f\u0131 kazada 1 ki\u015fi yaraland\u0131. Kazada s\u00fcr\u00fcc\u00fcn\u00fcn motosikletten f\u0131rlad\u0131\u011f\u0131 anlar kameraya yans\u0131d\u0131.<\/p>\n\n\n\n<p class=\"wp-block-paragraph\">\u00c7orlu il\u00e7esi Re\u015fadiye Mahallesi&#8217;nde 8 Haziran Pazartesi g\u00fcn\u00fc 14.00 s\u0131ralar\u0131nda meydana gelen kazada Kadir Y.&#8217;nin kulland\u0131\u011f\u0131 motosiklet, bir otomobil ile \u00e7arp\u0131\u015ft\u0131. Kaza sonras\u0131 motosikletten f\u0131rlayan Kadir Y., yere savrularak yaraland\u0131. Yaral\u0131 motosiklet s\u00fcr\u00fcc\u00fcs\u00fc, olay yerine gelen sa\u011fl\u0131k ekiplerinin ilk m\u00fcdahalesinin ard\u0131ndan ambulansla \u00c7orlu Devlet Hastanesi&#8217;ne kald\u0131r\u0131larak tedavi alt\u0131na al\u0131nd\u0131.<\/p>\n\n\n\n<p class=\"wp-block-paragraph\">Re\u015fadiye Mahallesi sakinlerinden S\u00fcleyman \u00c7elik, &#8220;K\u00f6\u015fe ba\u015flar\u0131na b\u00fcy\u00fck arabalar\u0131n park edilmesi \u00c7orlu&#8217;da ciddi bir sorun. Yukar\u0131dan gelen de, yandan gelen de birbirini g\u00f6rm\u00fcyor. Gen\u00e7lere tavsiyem l\u00fctfen motosikletle biraz daha dikkat olun&#8221; dedi. &#8211; TEK\u0130RDA\u011e<\/p>\n","protected":false},"excerpt":{"rendered":"<p>Tekirda\u011f&#8217;da motosiklet ile otomobil \u00e7arp\u0131\u015ft\u0131, s\u00fcr\u00fcc\u00fc yaralanarak hastaneye kald\u0131r\u0131ld\u0131 Tekirda\u011f&#8216;da otomobil ile motosikletin \u00e7arp\u0131\u015ft\u0131\u011f\u0131 kazada&#8230;<\/p>\n","protected":false},"author":1,"featured_media":1853,"comment_status":"closed","ping_status":"closed","sticky":false,"template":"","format":"standard","meta":{"footnotes":""},"categories":[5],"tags":[],"ppma_author":[57],"class_list":["post-1852","post","type-post","status-publish","format-standard","has-post-thumbnail","hentry","category-corlu"],"authors":[{"term_id":57,"user_id":1,"is_guest":0,"slug":"admin","display_name":"Alp Aslan","avatar_url":"https:\/\/secure.gravatar.com\/avatar\/07c18c5ad3350b025db8f3328450e071acb435c703e565899c880c63362f137a?s=96&d=mm&r=g","author_category":"1","first_name":"Alp Aslan","last_name":"ER\u0130N","user_url":"http:\/\/www.gundem59.com.tr","job_title":"","description":""}],"_links":{"self":[{"href":"https:\/\/gundem59.com.tr\/index.php?rest_route=\/wp\/v2\/posts\/1852","targetHints":{"allow":["GET"]}}],"collection":[{"href":"https:\/\/gundem59.com.tr\/index.php?rest_route=\/wp\/v2\/posts"}],"about":[{"href":"https:\/\/gundem59.com.tr\/index.php?rest_route=\/wp\/v2\/types\/post"}],"author":[{"embeddable":true,"href":"https:\/\/gundem59.com.tr\/index.php?rest_route=\/wp\/v2\/users\/1"}],"replies":[{"embeddable":true,"href":"https:\/\/gundem59.com.tr\/index.php?rest_route=%2Fwp%2Fv2%2Fcomments&post=1852"}],"version-history":[{"count":1,"href":"https:\/\/gundem59.com.tr\/index.php?rest_route=\/wp\/v2\/posts\/1852\/revisions"}],"predecessor-version":[{"id":1854,"href":"https:\/\/gundem59.com.tr\/index.php?rest_route=\/wp\/v2\/posts\/1852\/revisions\/1854"}],"wp:featuredmedia":[{"embeddable":true,"href":"https:\/\/gundem59.com.tr\/index.php?rest_route=\/wp\/v2\/media\/1853"}],"wp:attachment":[{"href":"https:\/\/gundem59.com.tr\/index.php?rest_route=%2Fwp%2Fv2%2Fmedia&parent=1852"}],"wp:term":[{"taxonomy":"category","embeddable":true,"href":"https:\/\/gundem59.com.tr\/index.php?rest_route=%2Fwp%2Fv2%2Fcategories&post=1852"},{"taxonomy":"post_tag","embeddable":true,"href":"https:\/\/gundem59.com.tr\/index.php?rest_route=%2Fwp%2Fv2%2Ftags&post=1852"},{"taxonomy":"author","embeddable":true,"href":"https:\/\/gundem59.com.tr\/index.php?rest_route=%2Fwp%2Fv2%2Fppma_author&post=1852"}],"curies":[{"name":"wp","href":"https:\/\/api.w.org\/{rel}","templated":true}]}}