{"id":1832,"date":"2026-06-10T15:29:52","date_gmt":"2026-06-10T15:29:52","guid":{"rendered":"https:\/\/gundem59.com.tr\/?p=1832"},"modified":"2026-06-10T15:29:53","modified_gmt":"2026-06-10T15:29:53","slug":"tekirdagda-iklim-munazaralari-finalinde-sampiyon-okullar-belli-oldu","status":"publish","type":"post","link":"https:\/\/gundem59.com.tr\/?p=1832","title":{"rendered":"Tekirda\u011f&#8217;da \u0130klim M\u00fcnazaralar\u0131 finalinde \u015fampiyon okullar belli oldu"},"content":{"rendered":"\n<p class=\"wp-block-paragraph\">Tekirda\u011f \u0130l Milli E\u011fitim M\u00fcd\u00fcrl\u00fc\u011f\u00fc koordinesinde \u00f6\u011frencilerde \u00e7evre bilinci ve iklim fark\u0131ndal\u0131\u011f\u0131n\u0131 art\u0131rmak amac\u0131yla d\u00fczenlenen \u0130klim M\u00fcnazaralar\u0131&#8217;n\u0131n il finalleri tamamland\u0131. Ortaokulda B\u00fcy\u00fck\u015fehir Belediyesi Vali Enver Saliho\u011flu Ortaokulu, lisede ise Tekirda\u011f Anadolu Lisesi birinci oldu.<\/p>\n\n\n\n<p class=\"wp-block-paragraph\"><a href=\"https:\/\/www.sondakika.com\/tekirdag\/\">Tekirda\u011f<\/a>&nbsp;\u0130l&nbsp;<a href=\"https:\/\/www.sondakika.com\/milli-egitim-mudurlugu\/\">Milli E\u011fitim M\u00fcd\u00fcrl\u00fc\u011f\u00fc<\/a>&nbsp;koordinesinde \u00f6\u011frencilerde \u00e7evre bilinci ve iklim fark\u0131ndal\u0131\u011f\u0131n\u0131 art\u0131rmak amac\u0131yla d\u00fczenlenen \u0130klim M\u00fcnazaralar\u0131&#8217;n\u0131n il finalleri tamamland\u0131. Ortaokul ve lise kategorilerinde ger\u00e7ekle\u015ftirilen yar\u0131\u015fmalarda dereceye giren \u00f6\u011frencilere \u00f6d\u00fclleri d\u00fczenlenen t\u00f6renle verildi.<\/p>\n\n\n\n<p class=\"wp-block-paragraph\">Tekirda\u011f genelindeki okullardan \u00f6\u011frencilerin yo\u011fun kat\u0131l\u0131m g\u00f6sterdi\u011fi \u0130klim M\u00fcnazaralar\u0131, gen\u00e7lerin iklim de\u011fi\u015fikli\u011fi, \u00e7evre sorunlar\u0131, s\u00fcrd\u00fcr\u00fclebilirlik ve do\u011fal kaynaklar\u0131n korunmas\u0131 gibi g\u00fcncel konular \u00fczerinde fikir \u00fcretmelerine ve m\u00fcnazara k\u00fclt\u00fcr\u00fc kazanmalar\u0131na katk\u0131 sa\u011flad\u0131. \u0130l genelinde yap\u0131lan eleme ve de\u011ferlendirme s\u00fcre\u00e7lerinin ard\u0131ndan ba\u015far\u0131l\u0131 olan tak\u0131mlar finalde kar\u015f\u0131 kar\u015f\u0131ya geldi. Final m\u00fcsabakalar\u0131n\u0131n ard\u0131ndan d\u00fczenlenen \u00f6d\u00fcl t\u00f6renine \u0130l Milli E\u011fitim M\u00fcd\u00fcr Yard\u0131mc\u0131s\u0131 \u00d6nder Atik ile Tekirda\u011f&nbsp;<a href=\"https:\/\/www.sondakika.com\/cevre\/\">\u00c7evre<\/a>, E\u011fitim ve Koruma Derne\u011fi Ba\u015fkan\u0131 Meral Arsu kat\u0131ld\u0131. T\u00f6rende \u00f6\u011frenciler ve \u00f6\u011fretmenlerle bir araya gelen protokol \u00fcyeleri, yar\u0131\u015fmaya kat\u0131lan t\u00fcm \u00f6\u011frencileri g\u00f6sterdikleri ba\u015far\u0131 ve duyarl\u0131l\u0131ktan dolay\u0131 tebrik etti.<\/p>\n\n\n\n<p class=\"wp-block-paragraph\">Programda konu\u015fan \u0130l Milli E\u011fitim M\u00fcd\u00fcr Yard\u0131mc\u0131s\u0131 \u00d6nder Atik, iklim de\u011fi\u015fikli\u011fi ve \u00e7evre sorunlar\u0131n\u0131n g\u00fcn\u00fcm\u00fcz\u00fcn en \u00f6nemli k\u00fcresel meseleleri aras\u0131nda yer ald\u0131\u011f\u0131n\u0131 belirterek, gen\u00e7lerin bu konulara y\u00f6nelik fark\u0131ndal\u0131k geli\u015ftirmesinin b\u00fcy\u00fck \u00f6nem ta\u015f\u0131d\u0131\u011f\u0131n\u0131 s\u00f6yledi. Atik, \u00f6\u011frencilerin \u00e7evre ve iklim konular\u0131na ili\u015fkin duyarl\u0131l\u0131klar\u0131n\u0131n gelece\u011fin s\u00fcrd\u00fcr\u00fclebilir d\u00fcnyas\u0131n\u0131n in\u015fas\u0131nda \u00f6nemli bir rol oynayaca\u011f\u0131n\u0131 ifade ederek, yar\u0131\u015fmaya kat\u0131lan t\u00fcm \u00f6\u011frencileri kutlad\u0131.<\/p>\n\n\n\n<p class=\"wp-block-paragraph\">Yap\u0131lan de\u011ferlendirmeler sonucunda ortaokul kategorisinde B\u00fcy\u00fck\u015fehir Belediyesi Vali&nbsp;<a href=\"https:\/\/www.sondakika.com\/enver-salihoglu\/\">Enver Saliho\u011flu<\/a>&nbsp;Ortaokulu il birincisi olurken, lise kategorisinde Tekirda\u011f Anadolu Lisesi birincilik elde etti. Dereceye giren \u00f6\u011frencilere \u00f6d\u00fclleri \u0130l Milli E\u011fitim M\u00fcd\u00fcr Yard\u0131mc\u0131s\u0131 \u00d6nder Atik ile Tekirda\u011f \u00c7evre, E\u011fitim ve Koruma Derne\u011fi Ba\u015fkan\u0131 Meral Arsu taraf\u0131ndan takdim edildi. Program, g\u00fcn\u00fcn an\u0131s\u0131na hat\u0131ra foto\u011fraf\u0131 \u00e7ekilmesi ile sona erdi. &#8211; TEK\u0130RDA\u011e<\/p>\n","protected":false},"excerpt":{"rendered":"<p>Tekirda\u011f \u0130l Milli E\u011fitim M\u00fcd\u00fcrl\u00fc\u011f\u00fc koordinesinde \u00f6\u011frencilerde \u00e7evre bilinci ve iklim fark\u0131ndal\u0131\u011f\u0131n\u0131 art\u0131rmak amac\u0131yla d\u00fczenlenen&#8230;<\/p>\n","protected":false},"author":1,"featured_media":1833,"comment_status":"closed","ping_status":"closed","sticky":false,"template":"","format":"standard","meta":{"footnotes":""},"categories":[1],"tags":[],"ppma_author":[57],"class_list":["post-1832","post","type-post","status-publish","format-standard","has-post-thumbnail","hentry","category-tekirdag-gundemi"],"authors":[{"term_id":57,"user_id":1,"is_guest":0,"slug":"admin","display_name":"Alp Aslan","avatar_url":"https:\/\/secure.gravatar.com\/avatar\/07c18c5ad3350b025db8f3328450e071acb435c703e565899c880c63362f137a?s=96&d=mm&r=g","author_category":"1","first_name":"Alp Aslan","last_name":"ER\u0130N","user_url":"http:\/\/www.gundem59.com.tr","job_title":"","description":""}],"_links":{"self":[{"href":"https:\/\/gundem59.com.tr\/index.php?rest_route=\/wp\/v2\/posts\/1832","targetHints":{"allow":["GET"]}}],"collection":[{"href":"https:\/\/gundem59.com.tr\/index.php?rest_route=\/wp\/v2\/posts"}],"about":[{"href":"https:\/\/gundem59.com.tr\/index.php?rest_route=\/wp\/v2\/types\/post"}],"author":[{"embeddable":true,"href":"https:\/\/gundem59.com.tr\/index.php?rest_route=\/wp\/v2\/users\/1"}],"replies":[{"embeddable":true,"href":"https:\/\/gundem59.com.tr\/index.php?rest_route=%2Fwp%2Fv2%2Fcomments&post=1832"}],"version-history":[{"count":1,"href":"https:\/\/gundem59.com.tr\/index.php?rest_route=\/wp\/v2\/posts\/1832\/revisions"}],"predecessor-version":[{"id":1834,"href":"https:\/\/gundem59.com.tr\/index.php?rest_route=\/wp\/v2\/posts\/1832\/revisions\/1834"}],"wp:featuredmedia":[{"embeddable":true,"href":"https:\/\/gundem59.com.tr\/index.php?rest_route=\/wp\/v2\/media\/1833"}],"wp:attachment":[{"href":"https:\/\/gundem59.com.tr\/index.php?rest_route=%2Fwp%2Fv2%2Fmedia&parent=1832"}],"wp:term":[{"taxonomy":"category","embeddable":true,"href":"https:\/\/gundem59.com.tr\/index.php?rest_route=%2Fwp%2Fv2%2Fcategories&post=1832"},{"taxonomy":"post_tag","embeddable":true,"href":"https:\/\/gundem59.com.tr\/index.php?rest_route=%2Fwp%2Fv2%2Ftags&post=1832"},{"taxonomy":"author","embeddable":true,"href":"https:\/\/gundem59.com.tr\/index.php?rest_route=%2Fwp%2Fv2%2Fppma_author&post=1832"}],"curies":[{"name":"wp","href":"https:\/\/api.w.org\/{rel}","templated":true}]}}