{"id":183,"date":"2026-03-29T10:45:51","date_gmt":"2026-03-29T10:45:51","guid":{"rendered":"https:\/\/gundem59.com.tr\/?p=183"},"modified":"2026-03-29T10:45:51","modified_gmt":"2026-03-29T10:45:51","slug":"iyi-parti-tekirdag-milletvekili-sayin-selcan-tasci-corlu-ilce-baskani-sayin-mehmet-ilker-atasever-ve-ilce-teskilati-ile-birlikte-corlu-tso-meclis-baskani-erdim-noyana-ziyarette-bulundu","status":"publish","type":"post","link":"https:\/\/gundem59.com.tr\/?p=183","title":{"rendered":"\u0130yi Parti Tekirda\u011f Milletvekili Say\u0131n Selcan TA\u015eCI, \u00c7orlu \u0130l\u00e7e Ba\u015fkan\u0131 Say\u0131n Mehmet \u0130lker ATASEVER ve il\u00e7e te\u015fkilat\u0131 ile birlikte \u00c7orlu TSO Meclis Ba\u015fkan\u0131 Erdim NOYAN&#8217;a ziyarette bulundu."},"content":{"rendered":"\n<p class=\"wp-block-paragraph\">\u0130yi Parti Tekirda\u011f Milletvekili Say\u0131n Selcan TA\u015eCI, \u00c7orlu \u0130l\u00e7e Ba\u015fkan\u0131 Say\u0131n Mehmet \u0130lker ATASEVER ve il\u00e7e te\u015fkilat\u0131 ile birlikte \u00c7orlu TSO Meclis Ba\u015fkan\u0131 Erdim NOYAN&#8217;a ziyarette bulunuldu. B\u00f6lgemizdeki sanayi ve ticaret alan\u0131ndaki geli\u015fmeler g\u00f6r\u00fc\u015f\u00fcld\u00fc.<\/p>\n","protected":false},"excerpt":{"rendered":"<p>\u0130yi Parti Tekirda\u011f Milletvekili Say\u0131n Selcan TA\u015eCI, \u00c7orlu \u0130l\u00e7e Ba\u015fkan\u0131 Say\u0131n Mehmet \u0130lker ATASEVER ve&#8230;<\/p>\n","protected":false},"author":1,"featured_media":184,"comment_status":"open","ping_status":"open","sticky":false,"template":"","format":"standard","meta":{"footnotes":""},"categories":[1],"tags":[],"ppma_author":[57],"class_list":["post-183","post","type-post","status-publish","format-standard","has-post-thumbnail","hentry","category-tekirdag-gundemi"],"authors":[{"term_id":57,"user_id":1,"is_guest":0,"slug":"admin","display_name":"Alp Aslan","avatar_url":"https:\/\/secure.gravatar.com\/avatar\/07c18c5ad3350b025db8f3328450e071acb435c703e565899c880c63362f137a?s=96&d=mm&r=g","author_category":"1","first_name":"Alp Aslan","last_name":"ER\u0130N","user_url":"http:\/\/www.gundem59.com.tr","job_title":"","description":""}],"_links":{"self":[{"href":"https:\/\/gundem59.com.tr\/index.php?rest_route=\/wp\/v2\/posts\/183","targetHints":{"allow":["GET"]}}],"collection":[{"href":"https:\/\/gundem59.com.tr\/index.php?rest_route=\/wp\/v2\/posts"}],"about":[{"href":"https:\/\/gundem59.com.tr\/index.php?rest_route=\/wp\/v2\/types\/post"}],"author":[{"embeddable":true,"href":"https:\/\/gundem59.com.tr\/index.php?rest_route=\/wp\/v2\/users\/1"}],"replies":[{"embeddable":true,"href":"https:\/\/gundem59.com.tr\/index.php?rest_route=%2Fwp%2Fv2%2Fcomments&post=183"}],"version-history":[{"count":1,"href":"https:\/\/gundem59.com.tr\/index.php?rest_route=\/wp\/v2\/posts\/183\/revisions"}],"predecessor-version":[{"id":185,"href":"https:\/\/gundem59.com.tr\/index.php?rest_route=\/wp\/v2\/posts\/183\/revisions\/185"}],"wp:featuredmedia":[{"embeddable":true,"href":"https:\/\/gundem59.com.tr\/index.php?rest_route=\/wp\/v2\/media\/184"}],"wp:attachment":[{"href":"https:\/\/gundem59.com.tr\/index.php?rest_route=%2Fwp%2Fv2%2Fmedia&parent=183"}],"wp:term":[{"taxonomy":"category","embeddable":true,"href":"https:\/\/gundem59.com.tr\/index.php?rest_route=%2Fwp%2Fv2%2Fcategories&post=183"},{"taxonomy":"post_tag","embeddable":true,"href":"https:\/\/gundem59.com.tr\/index.php?rest_route=%2Fwp%2Fv2%2Ftags&post=183"},{"taxonomy":"author","embeddable":true,"href":"https:\/\/gundem59.com.tr\/index.php?rest_route=%2Fwp%2Fv2%2Fppma_author&post=183"}],"curies":[{"name":"wp","href":"https:\/\/api.w.org\/{rel}","templated":true}]}}