{"id":1829,"date":"2026-06-10T15:27:44","date_gmt":"2026-06-10T15:27:44","guid":{"rendered":"https:\/\/gundem59.com.tr\/?p=1829"},"modified":"2026-06-10T15:27:44","modified_gmt":"2026-06-10T15:27:44","slug":"gencler-kiraz-hasadi-yapti","status":"publish","type":"post","link":"https:\/\/gundem59.com.tr\/?p=1829","title":{"rendered":"Gen\u00e7ler Kiraz Hasad\u0131 Yapt\u0131"},"content":{"rendered":"\n<p class=\"wp-block-paragraph\">Tekirda\u011f Gen\u00e7lik Merkezi g\u00f6n\u00fcll\u00fcleri kiraz hasat ederek tar\u0131msal \u00fcretim konusunda bilgi ald\u0131.<\/p>\n\n\n\n<p class=\"wp-block-paragraph\"><a href=\"https:\/\/www.sondakika.com\/tekirdag\/\">Tekirda\u011f<\/a>&nbsp;<a href=\"https:\/\/www.sondakika.com\/genclik\/\">Gen\u00e7lik<\/a>&nbsp;Merkezi g\u00f6n\u00fcll\u00fcleri, Tekirda\u011f Ba\u011fc\u0131l\u0131k Ara\u015ft\u0131rma Enstit\u00fcs\u00fc M\u00fcd\u00fcrl\u00fc\u011f\u00fcne ait kiraz bah\u00e7esinde hasat yapt\u0131.<\/p>\n\n\n\n<p class=\"wp-block-paragraph\">Gen\u00e7lik ve&nbsp;<a href=\"https:\/\/www.sondakika.com\/Spor\/\">Spor<\/a>&nbsp;Bakanl\u0131\u011f\u0131n\u0131n &#8220;G\u00f6n\u00fcll\u00fc Hasat Etkinli\u011fi&#8221; \u00e7er\u00e7evesinde Tekirda\u011f Gen\u00e7lik Merkezi g\u00f6n\u00fcll\u00fcleri, kiraz toplama s\u00fcrecine kat\u0131larak tar\u0131msal \u00fcretim hakk\u0131nda bilgi ald\u0131.<\/p>\n\n\n\n<p class=\"wp-block-paragraph\">Hasat boyunca enstit\u00fc yetkilileri taraf\u0131ndan gen\u00e7lere kiraz yeti\u015ftiricili\u011fi ve \u00fcretim a\u015famalar\u0131 hakk\u0131nda bilgilendirme yap\u0131ld\u0131.<\/p>\n\n\n\n<p class=\"wp-block-paragraph\">Tekirda\u011f Gen\u00e7lik Merkezi Gen\u00e7lik Lideri \u00dcmit K\u00fchram, gazetecilere yapt\u0131\u011f\u0131 a\u00e7\u0131klamada, Gen\u00e7lik ve Spor Bakanl\u0131\u011f\u0131n\u0131n gen\u00e7leri tar\u0131m faaliyetleriyle bulu\u015fturmak amac\u0131yla \u00e7e\u015fitli projeler y\u00fcr\u00fctt\u00fc\u011f\u00fcn\u00fc s\u00f6yledi.<\/p>\n\n\n\n<p class=\"wp-block-paragraph\">&#8220;G\u00f6n\u00fcll\u00fc Hasat Etkinli\u011fi&#8221; ile gen\u00e7lerin \u00fcretim s\u00fcre\u00e7lerini yerinde g\u00f6zlemleme f\u0131rsat\u0131 buldu\u011funu belirten K\u00fchram, tar\u0131msal \u00fcretimin \u00f6nemine dikkati \u00e7ekmek ve gen\u00e7lerde fark\u0131ndal\u0131k olu\u015fturmak amac\u0131yla etkinli\u011fi ger\u00e7ekle\u015ftirdiklerini ifade etti.<\/p>\n\n\n\n<p class=\"wp-block-paragraph\">K\u00fchram, gen\u00e7lerin do\u011fayla i\u00e7 i\u00e7e vakit ge\u00e7irirken emek, \u00fcretim ve al\u0131n terinin de\u011ferini daha yak\u0131ndan g\u00f6rd\u00fcklerini dile getirerek, projeye destek veren kurum ve kat\u0131l\u0131mc\u0131lara te\u015fekk\u00fcr etti.<\/p>\n","protected":false},"excerpt":{"rendered":"<p>Tekirda\u011f Gen\u00e7lik Merkezi g\u00f6n\u00fcll\u00fcleri kiraz hasat ederek tar\u0131msal \u00fcretim konusunda bilgi ald\u0131. Tekirda\u011f&nbsp;Gen\u00e7lik&nbsp;Merkezi g\u00f6n\u00fcll\u00fcleri, Tekirda\u011f&#8230;<\/p>\n","protected":false},"author":1,"featured_media":1830,"comment_status":"closed","ping_status":"closed","sticky":false,"template":"","format":"standard","meta":{"footnotes":""},"categories":[1],"tags":[],"ppma_author":[57],"class_list":["post-1829","post","type-post","status-publish","format-standard","has-post-thumbnail","hentry","category-tekirdag-gundemi"],"authors":[{"term_id":57,"user_id":1,"is_guest":0,"slug":"admin","display_name":"Alp Aslan","avatar_url":"https:\/\/secure.gravatar.com\/avatar\/07c18c5ad3350b025db8f3328450e071acb435c703e565899c880c63362f137a?s=96&d=mm&r=g","author_category":"1","first_name":"Alp Aslan","last_name":"ER\u0130N","user_url":"http:\/\/www.gundem59.com.tr","job_title":"","description":""}],"_links":{"self":[{"href":"https:\/\/gundem59.com.tr\/index.php?rest_route=\/wp\/v2\/posts\/1829","targetHints":{"allow":["GET"]}}],"collection":[{"href":"https:\/\/gundem59.com.tr\/index.php?rest_route=\/wp\/v2\/posts"}],"about":[{"href":"https:\/\/gundem59.com.tr\/index.php?rest_route=\/wp\/v2\/types\/post"}],"author":[{"embeddable":true,"href":"https:\/\/gundem59.com.tr\/index.php?rest_route=\/wp\/v2\/users\/1"}],"replies":[{"embeddable":true,"href":"https:\/\/gundem59.com.tr\/index.php?rest_route=%2Fwp%2Fv2%2Fcomments&post=1829"}],"version-history":[{"count":1,"href":"https:\/\/gundem59.com.tr\/index.php?rest_route=\/wp\/v2\/posts\/1829\/revisions"}],"predecessor-version":[{"id":1831,"href":"https:\/\/gundem59.com.tr\/index.php?rest_route=\/wp\/v2\/posts\/1829\/revisions\/1831"}],"wp:featuredmedia":[{"embeddable":true,"href":"https:\/\/gundem59.com.tr\/index.php?rest_route=\/wp\/v2\/media\/1830"}],"wp:attachment":[{"href":"https:\/\/gundem59.com.tr\/index.php?rest_route=%2Fwp%2Fv2%2Fmedia&parent=1829"}],"wp:term":[{"taxonomy":"category","embeddable":true,"href":"https:\/\/gundem59.com.tr\/index.php?rest_route=%2Fwp%2Fv2%2Fcategories&post=1829"},{"taxonomy":"post_tag","embeddable":true,"href":"https:\/\/gundem59.com.tr\/index.php?rest_route=%2Fwp%2Fv2%2Ftags&post=1829"},{"taxonomy":"author","embeddable":true,"href":"https:\/\/gundem59.com.tr\/index.php?rest_route=%2Fwp%2Fv2%2Fppma_author&post=1829"}],"curies":[{"name":"wp","href":"https:\/\/api.w.org\/{rel}","templated":true}]}}