{"id":1826,"date":"2026-06-10T15:25:31","date_gmt":"2026-06-10T15:25:31","guid":{"rendered":"https:\/\/gundem59.com.tr\/?p=1826"},"modified":"2026-06-10T15:25:31","modified_gmt":"2026-06-10T15:25:31","slug":"tekirdag-meclisinde-ulasim-ucretleri-gorusuldu","status":"publish","type":"post","link":"https:\/\/gundem59.com.tr\/?p=1826","title":{"rendered":"Tekirda\u011f Meclisi&#8217;nde Ula\u015f\u0131m \u00dccretleri G\u00f6r\u00fc\u015f\u00fcld\u00fc"},"content":{"rendered":"\n<p class=\"wp-block-paragraph\">Tekirda\u011f B\u00fcy\u00fck\u015fehir Belediyesi Meclisi&#8217;nde ula\u015f\u0131m \u00fccretlerine zam teklifi de\u011ferlendirildi.<\/p>\n\n\n\n<p class=\"wp-block-paragraph\"><a href=\"https:\/\/www.sondakika.com\/tekirdag-buyuksehir-belediyesi\/\">Tekirda\u011f B\u00fcy\u00fck\u015fehir Belediyesi<\/a>&nbsp;Meclisi haziran ay\u0131 toplant\u0131s\u0131 ger\u00e7ekle\u015ftirildi.<\/p>\n\n\n\n<p class=\"wp-block-paragraph\">Toplant\u0131, Belediye Meclis Salonu&#8217;nda Ba\u015fkan Vekili H\u00fcseyin Vasfi G\u00fcner ba\u015fkanl\u0131\u011f\u0131nda yap\u0131ld\u0131.<\/p>\n\n\n\n<p class=\"wp-block-paragraph\">G\u00fcner, oturumu \u00f6nceki toplant\u0131n\u0131n tutanak \u00f6zetinin okunmas\u0131yla ba\u015flatt\u0131.<\/p>\n\n\n\n<p class=\"wp-block-paragraph\">G\u00fcndemin ilk b\u00f6l\u00fcm\u00fcnde meclis \u00fcyeleri taraf\u0131ndan verilen soru \u00f6nergeleri ele al\u0131nd\u0131.<\/p>\n\n\n\n<p class=\"wp-block-paragraph\">Toplu ula\u015f\u0131m \u00fccretlerine y\u00f6nelik zam teklifi g\u00f6r\u00fc\u015f\u00fcl\u00fcrken, meclis \u00fcyeleri aras\u0131nda de\u011ferlendirmeler yap\u0131ld\u0131.<\/p>\n\n\n\n<p class=\"wp-block-paragraph\">G\u00f6r\u00fc\u015fmeler s\u0131ras\u0131nda s\u00f6z alan \u00c7erkezk\u00f6y Belediye Ba\u015fkan\u0131 Vahap Akay, ula\u015f\u0131m \u00fccretlerine en son kas\u0131m ay\u0131nda zam yap\u0131ld\u0131\u011f\u0131n\u0131 hat\u0131rlatarak, haziran ay\u0131nda yeniden g\u00fcndeme gelen y\u00fczde 10&#8217;luk art\u0131\u015f\u0131n hangi kriterlere g\u00f6re belirlendi\u011fini sordu.<\/p>\n\n\n\n<p class=\"wp-block-paragraph\">Akay,&nbsp;<a href=\"https:\/\/www.sondakika.com\/ulasim\/\">Ula\u015f\u0131m<\/a>&nbsp;Komisyonu&#8217;ndan da konuyla ilgili a\u00e7\u0131klama talep etti.<\/p>\n\n\n\n<p class=\"wp-block-paragraph\">Ba\u015fkan Vekili G\u00fcner de Kas\u0131m ay\u0131nda ula\u015f\u0131m \u00fccretlerine y\u00fczde 30 zam yap\u0131ld\u0131\u011f\u0131, mevcut d\u00f6nemde ise y\u00fczde 10&#8217;luk art\u0131\u015f \u00f6ng\u00f6r\u00fcld\u00fc\u011f\u00fc belirtti.<\/p>\n\n\n\n<p class=\"wp-block-paragraph\">Tekirda\u011f&#8217;\u0131n, zam \u00f6ncesinde 30 b\u00fcy\u00fck\u015fehir aras\u0131nda ula\u015f\u0131m \u00fccretleri bak\u0131m\u0131ndan 12. s\u0131rada bulundu\u011fu, zam sonras\u0131nda ise 8 veya 9. s\u0131raya y\u00fckseldi\u011fi aktaran G\u00fcner, karar al\u0131n\u0131rken enflasyon ve di\u011fer b\u00fcy\u00fck\u015fehirlerdeki uygulamalar\u0131n da dikkate al\u0131nd\u0131\u011f\u0131 dile getirdi.<\/p>\n\n\n\n<p class=\"wp-block-paragraph\">Konu\u015fmalar\u0131n ard\u0131ndan ula\u015f\u0131m \u00fccretlerine ili\u015fkin g\u00fcndem maddesi meclis ba\u015fkan\u0131 taraf\u0131ndan oylamaya sunuldu.<\/p>\n\n\n\n<p class=\"wp-block-paragraph\"><a href=\"https:\/\/www.sondakika.com\/zam\/\">Zam<\/a>&nbsp;teklifi konusunda yeniden \u00e7al\u0131\u015fma yap\u0131lmas\u0131na ve gelecek mecliste yeniden g\u00f6r\u00fc\u015f\u00fclmesine karar verildi.<\/p>\n\n\n\n<p class=\"wp-block-paragraph\">Ard\u0131ndan, g\u00fcndem maddeleri g\u00f6r\u00fc\u015f\u00fclerek karara ba\u011fland\u0131.<\/p>\n\n\n\n<p class=\"wp-block-paragraph\">Komisyon kararlar\u0131na ili\u015fkin dosyalar meclise sunulurken, baz\u0131 g\u00fcndem maddeleri de\u011ferlendirilmek \u00fczere ilgili ihtisas komisyonlar\u0131na havale edildi.<\/p>\n","protected":false},"excerpt":{"rendered":"<p>Tekirda\u011f B\u00fcy\u00fck\u015fehir Belediyesi Meclisi&#8217;nde ula\u015f\u0131m \u00fccretlerine zam teklifi de\u011ferlendirildi. Tekirda\u011f B\u00fcy\u00fck\u015fehir Belediyesi&nbsp;Meclisi haziran ay\u0131 toplant\u0131s\u0131&#8230;<\/p>\n","protected":false},"author":1,"featured_media":1827,"comment_status":"closed","ping_status":"closed","sticky":false,"template":"","format":"standard","meta":{"footnotes":""},"categories":[1],"tags":[],"ppma_author":[57],"class_list":["post-1826","post","type-post","status-publish","format-standard","has-post-thumbnail","hentry","category-tekirdag-gundemi"],"authors":[{"term_id":57,"user_id":1,"is_guest":0,"slug":"admin","display_name":"Alp Aslan","avatar_url":"https:\/\/secure.gravatar.com\/avatar\/07c18c5ad3350b025db8f3328450e071acb435c703e565899c880c63362f137a?s=96&d=mm&r=g","author_category":"1","first_name":"Alp Aslan","last_name":"ER\u0130N","user_url":"http:\/\/www.gundem59.com.tr","job_title":"","description":""}],"_links":{"self":[{"href":"https:\/\/gundem59.com.tr\/index.php?rest_route=\/wp\/v2\/posts\/1826","targetHints":{"allow":["GET"]}}],"collection":[{"href":"https:\/\/gundem59.com.tr\/index.php?rest_route=\/wp\/v2\/posts"}],"about":[{"href":"https:\/\/gundem59.com.tr\/index.php?rest_route=\/wp\/v2\/types\/post"}],"author":[{"embeddable":true,"href":"https:\/\/gundem59.com.tr\/index.php?rest_route=\/wp\/v2\/users\/1"}],"replies":[{"embeddable":true,"href":"https:\/\/gundem59.com.tr\/index.php?rest_route=%2Fwp%2Fv2%2Fcomments&post=1826"}],"version-history":[{"count":1,"href":"https:\/\/gundem59.com.tr\/index.php?rest_route=\/wp\/v2\/posts\/1826\/revisions"}],"predecessor-version":[{"id":1828,"href":"https:\/\/gundem59.com.tr\/index.php?rest_route=\/wp\/v2\/posts\/1826\/revisions\/1828"}],"wp:featuredmedia":[{"embeddable":true,"href":"https:\/\/gundem59.com.tr\/index.php?rest_route=\/wp\/v2\/media\/1827"}],"wp:attachment":[{"href":"https:\/\/gundem59.com.tr\/index.php?rest_route=%2Fwp%2Fv2%2Fmedia&parent=1826"}],"wp:term":[{"taxonomy":"category","embeddable":true,"href":"https:\/\/gundem59.com.tr\/index.php?rest_route=%2Fwp%2Fv2%2Fcategories&post=1826"},{"taxonomy":"post_tag","embeddable":true,"href":"https:\/\/gundem59.com.tr\/index.php?rest_route=%2Fwp%2Fv2%2Ftags&post=1826"},{"taxonomy":"author","embeddable":true,"href":"https:\/\/gundem59.com.tr\/index.php?rest_route=%2Fwp%2Fv2%2Fppma_author&post=1826"}],"curies":[{"name":"wp","href":"https:\/\/api.w.org\/{rel}","templated":true}]}}