{"id":1823,"date":"2026-06-10T15:23:23","date_gmt":"2026-06-10T15:23:23","guid":{"rendered":"https:\/\/gundem59.com.tr\/?p=1823"},"modified":"2026-06-10T15:23:24","modified_gmt":"2026-06-10T15:23:24","slug":"tekirdagda-ormanlik-alanlara-giris-yasagi","status":"publish","type":"post","link":"https:\/\/gundem59.com.tr\/?p=1823","title":{"rendered":"Tekirda\u011f&#8217;da Ormanl\u0131k Alanlara Giri\u015f Yasa\u011f\u0131"},"content":{"rendered":"\n<p class=\"wp-block-paragraph\">Tekirda\u011f&#8217;da orman yang\u0131nlar\u0131 riskine kar\u015f\u0131 12 Haziran-15 Ekim 2026 tarihleri aras\u0131nda giri\u015f yasa\u011f\u0131.<\/p>\n\n\n\n<p class=\"wp-block-paragraph\"><a href=\"https:\/\/www.sondakika.com\/tekirdag\/\">Tekirda\u011f<\/a>&nbsp;Valili\u011fi, yaz mevsimiyle birlikte artan s\u0131cakl\u0131klar ve y\u00fckselen orman yang\u0131n\u0131 riski nedeniyle il genelinde bir dizi ek tedbir karar\u0131 ald\u0131. Vali Recep Soyt\u00fcrk imzas\u0131yla yay\u0131mlanan karara g\u00f6re, 12 Haziran-15 Ekim 2026 tarihleri aras\u0131nda il genelindeki ormanl\u0131k alanlara giri\u015fler yasakland\u0131.<\/p>\n\n\n\n<p class=\"wp-block-paragraph\">T\u00fcrkiye&#8217;nin farkl\u0131 b\u00f6lgelerinde ya\u015fanan orman yang\u0131nlar\u0131, hava s\u0131cakl\u0131klar\u0131n\u0131n mevsim normallerinin \u00fczerine \u00e7\u0131kmas\u0131 ve ormanl\u0131k alanlar ile tar\u0131m arazilerindeki insan hareketlili\u011finin artmas\u0131 nedeniyle al\u0131nan karar \u00e7er\u00e7evesinde yang\u0131n riskini azaltmaya y\u00f6nelik ilave \u00f6nlemler uygulamaya konuldu.<\/p>\n\n\n\n<p class=\"wp-block-paragraph\">Tekirda\u011f \u0130li&nbsp;<a href=\"https:\/\/www.sondakika.com\/orman-yanginlari\/\">Orman Yang\u0131nlar\u0131<\/a>&nbsp;ile M\u00fccadele Komisyonu&#8217;nun 27 Nisan 2026 tarihli karar\u0131 do\u011frultusunda al\u0131nan tedbirler \u00e7er\u00e7evesinde, 6831 say\u0131l\u0131 Orman Kanunu&#8217;nun 74. maddesi gere\u011fince vatanda\u015flar\u0131n ormanl\u0131k alanlara giri\u015fleri ge\u00e7ici s\u00fcreyle yasakland\u0131.<\/p>\n\n\n\n<p class=\"wp-block-paragraph\">Valilik a\u00e7\u0131klamas\u0131nda, belirlenen orman parklar\u0131 ve tabiat parklar\u0131nda yaln\u0131zca izin verilen ocak alanlar\u0131nda ate\u015f yak\u0131labilece\u011fi belirtilirken, bu alanlar d\u0131\u015f\u0131nda ate\u015f yakman\u0131n ve yak\u0131lan ate\u015fi s\u00f6nd\u00fcrmeden b\u00f6lgeden ayr\u0131lman\u0131n yasak oldu\u011fu vurguland\u0131. \u0130\u015fletmecilerin gerekli g\u00fcvenlik \u00f6nlemlerini almakla y\u00fck\u00fcml\u00fc oldu\u011fu ifade edildi.<\/p>\n\n\n\n<p class=\"wp-block-paragraph\">Karar kapsam\u0131nda S\u00fcleymanpa\u015fa&#8217;da Atat\u00fcrk Kent Orman\u0131, Kartaltepe Tabiat Park\u0131, Kumba\u011f ve S\u00fctl\u00fcce Orman Parklar\u0131; \u00c7erkezk\u00f6y&#8217;de Kartaltepe, Karatepe ve \u00c7erkezk\u00f6y Orman Parklar\u0131; Kapakl\u0131&#8217;da Kazakg\u00f6l\u00fc, \u0130kizg\u00f6ller ve Kapakl\u0131 Orman Parklar\u0131, \u00c7orlu&#8217;da Eset\u00e7e Orman Park\u0131, Saray&#8217;da Safaalan, Laladere ve Bah\u00e7ek\u00f6y Orman Parklar\u0131, Hayrabolu&#8217;da \u00d6rey Korusu Orman Park\u0131 ile \u015eark\u00f6y&#8217;de Ard\u0131\u00e7l\u0131tepe Orman Park\u0131 kontroll\u00fc kullan\u0131m alanlar\u0131 aras\u0131nda yer ald\u0131.<\/p>\n\n\n\n<p class=\"wp-block-paragraph\">\u00d6te yandan ormanlara d\u00f6rt kilometre mesafedeki alanlarda ve orman i\u00e7i ile orman biti\u015fi\u011fi mahallelerde an\u0131z yak\u0131lmas\u0131, ba\u011f-bah\u00e7e ve tarla temizli\u011fi amac\u0131yla dal, ot ve bitki \u00f6rt\u00fcs\u00fcn\u00fcn yak\u0131lmas\u0131 da yasakland\u0131.<\/p>\n\n\n\n<p class=\"wp-block-paragraph\">A\u00e7\u0131klamada ayr\u0131ca ormanl\u0131k alanlara yak\u0131n b\u00f6lgelerde ger\u00e7ekle\u015ftirilecek d\u00fc\u011f\u00fcn, e\u011flence ve benzeri organizasyonlarda havai fi\u015fek, dilek balonu gibi yang\u0131na neden olabilecek yan\u0131c\u0131 materyallerin kullan\u0131m\u0131na da izin verilmeyece\u011fini duyurdu.<\/p>\n\n\n\n<p class=\"wp-block-paragraph\">Yang\u0131nlar\u0131n \u00f6zellikle hafta sonlar\u0131 ve yerle\u015fim yerlerine yak\u0131n b\u00f6lgelerde yo\u011funla\u015ft\u0131\u011f\u0131na dikkat \u00e7ekilen a\u00e7\u0131klamada, jandarma ve orman muhafaza ekiplerinin yang\u0131na hassas b\u00f6lgelerde devriye faaliyetlerini art\u0131raca\u011f\u0131, orman yollar\u0131nda ara\u00e7 ve \u015fah\u0131s kontrollerinin s\u0131kla\u015ft\u0131r\u0131laca\u011f\u0131 belirtildi.<\/p>\n\n\n\n<p class=\"wp-block-paragraph\">Mahalle muhtarlar\u0131 ve bek\u00e7ilerin de orman giri\u015f-\u00e7\u0131k\u0131\u015flar\u0131n\u0131 takip ederek \u015f\u00fcpheli durumlar\u0131 112 Acil \u00c7a\u011fr\u0131 Merkezi ile ilgili birimlere bildirece\u011fi kaydedildi.<\/p>\n\n\n\n<p class=\"wp-block-paragraph\">Al\u0131nan kararlara ayk\u0131r\u0131 hareket edenler hakk\u0131nda 6831 say\u0131l\u0131 Orman Kanunu, 5326 say\u0131l\u0131 Kabahatler Kanunu, 2872 say\u0131l\u0131&nbsp;<a href=\"https:\/\/www.sondakika.com\/cevre\/\">\u00c7evre<\/a>&nbsp;Kanunu ve T\u00fcrk Ceza Kanunu h\u00fck\u00fcmleri kapsam\u0131nda idari ve adli i\u015flem uygulanaca\u011f\u0131n\u0131 bildirdi.<\/p>\n\n\n\n<p class=\"wp-block-paragraph\">Karar\u0131n 12 Haziran 2026 ile 15 Ekim 2026 tarihleri aras\u0131nda y\u00fcr\u00fcrl\u00fckte olaca\u011f\u0131 belirtildi. &#8211; TEK\u0130RDA\u011e<\/p>\n","protected":false},"excerpt":{"rendered":"<p>Tekirda\u011f&#8217;da orman yang\u0131nlar\u0131 riskine kar\u015f\u0131 12 Haziran-15 Ekim 2026 tarihleri aras\u0131nda giri\u015f yasa\u011f\u0131. Tekirda\u011f&nbsp;Valili\u011fi, yaz&#8230;<\/p>\n","protected":false},"author":1,"featured_media":1824,"comment_status":"closed","ping_status":"closed","sticky":false,"template":"","format":"standard","meta":{"footnotes":""},"categories":[1],"tags":[],"ppma_author":[57],"class_list":["post-1823","post","type-post","status-publish","format-standard","has-post-thumbnail","hentry","category-tekirdag-gundemi"],"authors":[{"term_id":57,"user_id":1,"is_guest":0,"slug":"admin","display_name":"Alp Aslan","avatar_url":"https:\/\/secure.gravatar.com\/avatar\/07c18c5ad3350b025db8f3328450e071acb435c703e565899c880c63362f137a?s=96&d=mm&r=g","author_category":"1","first_name":"Alp Aslan","last_name":"ER\u0130N","user_url":"http:\/\/www.gundem59.com.tr","job_title":"","description":""}],"_links":{"self":[{"href":"https:\/\/gundem59.com.tr\/index.php?rest_route=\/wp\/v2\/posts\/1823","targetHints":{"allow":["GET"]}}],"collection":[{"href":"https:\/\/gundem59.com.tr\/index.php?rest_route=\/wp\/v2\/posts"}],"about":[{"href":"https:\/\/gundem59.com.tr\/index.php?rest_route=\/wp\/v2\/types\/post"}],"author":[{"embeddable":true,"href":"https:\/\/gundem59.com.tr\/index.php?rest_route=\/wp\/v2\/users\/1"}],"replies":[{"embeddable":true,"href":"https:\/\/gundem59.com.tr\/index.php?rest_route=%2Fwp%2Fv2%2Fcomments&post=1823"}],"version-history":[{"count":1,"href":"https:\/\/gundem59.com.tr\/index.php?rest_route=\/wp\/v2\/posts\/1823\/revisions"}],"predecessor-version":[{"id":1825,"href":"https:\/\/gundem59.com.tr\/index.php?rest_route=\/wp\/v2\/posts\/1823\/revisions\/1825"}],"wp:featuredmedia":[{"embeddable":true,"href":"https:\/\/gundem59.com.tr\/index.php?rest_route=\/wp\/v2\/media\/1824"}],"wp:attachment":[{"href":"https:\/\/gundem59.com.tr\/index.php?rest_route=%2Fwp%2Fv2%2Fmedia&parent=1823"}],"wp:term":[{"taxonomy":"category","embeddable":true,"href":"https:\/\/gundem59.com.tr\/index.php?rest_route=%2Fwp%2Fv2%2Fcategories&post=1823"},{"taxonomy":"post_tag","embeddable":true,"href":"https:\/\/gundem59.com.tr\/index.php?rest_route=%2Fwp%2Fv2%2Ftags&post=1823"},{"taxonomy":"author","embeddable":true,"href":"https:\/\/gundem59.com.tr\/index.php?rest_route=%2Fwp%2Fv2%2Fppma_author&post=1823"}],"curies":[{"name":"wp","href":"https:\/\/api.w.org\/{rel}","templated":true}]}}