{"id":1769,"date":"2026-06-09T11:04:49","date_gmt":"2026-06-09T11:04:49","guid":{"rendered":"https:\/\/gundem59.com.tr\/?p=1769"},"modified":"2026-06-09T11:04:50","modified_gmt":"2026-06-09T11:04:50","slug":"hukumlulerin-uretimleri-sergilendi","status":"publish","type":"post","link":"https:\/\/gundem59.com.tr\/?p=1769","title":{"rendered":"H\u00fck\u00fcml\u00fclerin \u00dcretimleri Sergilendi"},"content":{"rendered":"\n<p class=\"wp-block-paragraph\">Tekirda\u011f&#8217;da h\u00fck\u00fcml\u00fclerin haz\u0131rlad\u0131\u011f\u0131 el sanatlar\u0131 ve k\u0131yafetler sergide g\u00f6r\u00fcc\u00fcye \u00e7\u0131kt\u0131.<\/p>\n\n\n\n<p class=\"wp-block-paragraph\"><a href=\"https:\/\/www.sondakika.com\/tekirdag\/\">Tekirda\u011f<\/a>&#8216;da el sanatlar\u0131, k\u0131yafet dikimi ve resim e\u011fitimi alan h\u00fck\u00fcml\u00fclerin haz\u0131rlad\u0131\u011f\u0131 \u00fcr\u00fcnler sergide davetlilerle bulu\u015ftu.<\/p>\n\n\n\n<p class=\"wp-block-paragraph\">S\u00fcleymanpa\u015fa Halk&nbsp;<a href=\"https:\/\/www.sondakika.com\/egitim\/\">E\u011fitim<\/a>&nbsp;Merkezi ile Tekirda\u011f Ceza \u0130nfaz Kurumu i\u015fbirli\u011finde h\u00fck\u00fcml\u00fclere y\u00f6nelik d\u00fczenlenen kurslar\u0131n y\u0131l sonu sergisi a\u00e7\u0131ld\u0131.<\/p>\n\n\n\n<p class=\"wp-block-paragraph\">S\u00fcleymanpa\u015fa Halk E\u011fitim Merkezi Ek Hizmet Binas\u0131&#8217;nda ger\u00e7ekle\u015ftirilen programda konu\u015fan S\u00fcleymanpa\u015fa Halk E\u011fitim Merkezi M\u00fcd\u00fcr\u00fc Erdem Zeray, h\u00fck\u00fcml\u00fclerin topluma kazand\u0131r\u0131lmas\u0131 amac\u0131yla \u00e7e\u015fitli e\u011fitim faaliyetleri y\u00fcr\u00fctt\u00fcklerini s\u00f6yledi.<\/p>\n\n\n\n<p class=\"wp-block-paragraph\">Kurslar sonunda ortaya nitelikli \u00e7al\u0131\u015fmalar \u00e7\u0131kt\u0131\u011f\u0131n\u0131 belirten Zeray, y\u0131l boyunca y\u00fczlerce h\u00fck\u00fcml\u00fcn\u00fcn e\u011fitimlere kat\u0131ld\u0131\u011f\u0131n\u0131 ifade etti.<\/p>\n\n\n\n<p class=\"wp-block-paragraph\">Tekirda\u011f 1 Nolu T Tipi Kapal\u0131 Ceza \u0130nfaz Kurumu M\u00fcd\u00fcr\u00fc Yusuf Kaplan da kurslar sayesinde h\u00fck\u00fcml\u00fclerin meslek edindi\u011fini, \u00fcrettikleri \u00fcr\u00fcnlerin ekonomik kazan\u00e7 sa\u011flamalar\u0131na katk\u0131 sundu\u011funu dile getirdi.<\/p>\n\n\n\n<p class=\"wp-block-paragraph\">Konu\u015fmalar\u0131n ard\u0131ndan a\u00e7\u0131l\u0131\u015f\u0131 yap\u0131lan sergi, davetliler taraf\u0131ndan gezildi.<\/p>\n\n\n\n<p class=\"wp-block-paragraph\">Programa, S\u00fcleymanpa\u015fa Kaymakam\u0131 Mahmut Nedim Tun\u00e7er, Tekirda\u011f Cumhuriyet Ba\u015fsavc\u0131vekili Mustafa Deren \u00d6zkol, kurum m\u00fcd\u00fcrleri ve adliye personeli kat\u0131ld\u0131.<\/p>\n","protected":false},"excerpt":{"rendered":"<p>Tekirda\u011f&#8217;da h\u00fck\u00fcml\u00fclerin haz\u0131rlad\u0131\u011f\u0131 el sanatlar\u0131 ve k\u0131yafetler sergide g\u00f6r\u00fcc\u00fcye \u00e7\u0131kt\u0131. Tekirda\u011f&#8216;da el sanatlar\u0131, k\u0131yafet dikimi&#8230;<\/p>\n","protected":false},"author":1,"featured_media":1770,"comment_status":"closed","ping_status":"closed","sticky":false,"template":"","format":"standard","meta":{"footnotes":""},"categories":[1],"tags":[],"ppma_author":[57],"class_list":["post-1769","post","type-post","status-publish","format-standard","has-post-thumbnail","hentry","category-tekirdag-gundemi"],"authors":[{"term_id":57,"user_id":1,"is_guest":0,"slug":"admin","display_name":"Alp Aslan","avatar_url":"https:\/\/secure.gravatar.com\/avatar\/07c18c5ad3350b025db8f3328450e071acb435c703e565899c880c63362f137a?s=96&d=mm&r=g","author_category":"1","first_name":"Alp Aslan","last_name":"ER\u0130N","user_url":"http:\/\/www.gundem59.com.tr","job_title":"","description":""}],"_links":{"self":[{"href":"https:\/\/gundem59.com.tr\/index.php?rest_route=\/wp\/v2\/posts\/1769","targetHints":{"allow":["GET"]}}],"collection":[{"href":"https:\/\/gundem59.com.tr\/index.php?rest_route=\/wp\/v2\/posts"}],"about":[{"href":"https:\/\/gundem59.com.tr\/index.php?rest_route=\/wp\/v2\/types\/post"}],"author":[{"embeddable":true,"href":"https:\/\/gundem59.com.tr\/index.php?rest_route=\/wp\/v2\/users\/1"}],"replies":[{"embeddable":true,"href":"https:\/\/gundem59.com.tr\/index.php?rest_route=%2Fwp%2Fv2%2Fcomments&post=1769"}],"version-history":[{"count":1,"href":"https:\/\/gundem59.com.tr\/index.php?rest_route=\/wp\/v2\/posts\/1769\/revisions"}],"predecessor-version":[{"id":1771,"href":"https:\/\/gundem59.com.tr\/index.php?rest_route=\/wp\/v2\/posts\/1769\/revisions\/1771"}],"wp:featuredmedia":[{"embeddable":true,"href":"https:\/\/gundem59.com.tr\/index.php?rest_route=\/wp\/v2\/media\/1770"}],"wp:attachment":[{"href":"https:\/\/gundem59.com.tr\/index.php?rest_route=%2Fwp%2Fv2%2Fmedia&parent=1769"}],"wp:term":[{"taxonomy":"category","embeddable":true,"href":"https:\/\/gundem59.com.tr\/index.php?rest_route=%2Fwp%2Fv2%2Fcategories&post=1769"},{"taxonomy":"post_tag","embeddable":true,"href":"https:\/\/gundem59.com.tr\/index.php?rest_route=%2Fwp%2Fv2%2Ftags&post=1769"},{"taxonomy":"author","embeddable":true,"href":"https:\/\/gundem59.com.tr\/index.php?rest_route=%2Fwp%2Fv2%2Fppma_author&post=1769"}],"curies":[{"name":"wp","href":"https:\/\/api.w.org\/{rel}","templated":true}]}}