{"id":1766,"date":"2026-06-09T11:02:30","date_gmt":"2026-06-09T11:02:30","guid":{"rendered":"https:\/\/gundem59.com.tr\/?p=1766"},"modified":"2026-06-09T11:02:31","modified_gmt":"2026-06-09T11:02:31","slug":"chp-tekirdagda-gerilim-tirmaniyor-cerkezkoy-belediye-baskani-akay-disipline-sevk-edildi","status":"publish","type":"post","link":"https:\/\/gundem59.com.tr\/?p=1766","title":{"rendered":"CHP Tekirda\u011f&#8217;da gerilim t\u0131rman\u0131yor: \u00c7erkezk\u00f6y Belediye Ba\u015fkan\u0131 Akay disipline sevk edildi"},"content":{"rendered":"\n<p class=\"wp-block-paragraph\">CHP&#8217;de kurultay s\u00fcreci ve mutlak butlan tart\u0131\u015fmalar\u0131yla alevlenen i\u00e7 \u00e7eki\u015fmeler, Tekirda\u011f te\u015fkilat\u0131nda yeni bir boyut kazand\u0131. \u00c7erkezk\u00f6y Belediye Ba\u015fkan\u0131 Vahap Akay, \u0130l Ba\u015fkan\u0131 Cenk Bodu\u00e7&#8217;a y\u00f6nelik sert ele\u015ftirileri nedeniyle disipline sevk edildi ve ihrac\u0131 talep edildi.<\/p>\n\n\n\n<p class=\"wp-block-paragraph\">CHP&#8217;de kurultay s\u00fcreci ve &#8220;mutlak butlan&#8221; tart\u0131\u015fmalar\u0131yla birlikte ya\u015fanan i\u00e7 \u00e7eki\u015fmeler,&nbsp;<a href=\"https:\/\/www.sondakika.com\/tekirdag\/\">Tekirda\u011f<\/a>&nbsp;te\u015fkilat\u0131nda yeni bir boyut kazand\u0131. CHP&#8217;li&nbsp;<a href=\"https:\/\/www.sondakika.com\/cerkezkoy-2\/\">\u00c7erkezk\u00f6y<\/a>&nbsp;Belediye Ba\u015fkan\u0131&nbsp;<a href=\"https:\/\/www.sondakika.com\/vahap-akay\/\">Vahap Akay<\/a>&#8216;\u0131n CHP Tekirda\u011f \u0130l Ba\u015fkan\u0131 Cenk Bodu\u00e7&#8217;a y\u00f6nelik sert ele\u015ftirilerinin ard\u0131ndan, Akay&#8217;\u0131n disipline sevk edildi\u011fi \u00f6\u011frenildi.<\/p>\n\n\n\n<p class=\"wp-block-paragraph\">Edinilen bilgilere g\u00f6re CHP Tekirda\u011f \u0130l Ba\u015fkan\u0131 Cenk Bodu\u00e7, kamuoyunda geni\u015f yank\u0131 uyand\u0131ran a\u00e7\u0131klamalar\u0131 nedeniyle \u00c7erkezk\u00f6y Belediye Ba\u015fkan\u0131 Vahap Akay hakk\u0131nda disiplin s\u00fcreci ba\u015flatt\u0131. Akay&#8217;\u0131n parti \u00fcyeli\u011finden ihrac\u0131n\u0131n talep edildi\u011fi ve dosyan\u0131n ilgili disiplin kurullar\u0131na sevk edildi\u011fi belirtildi.<\/p>\n\n\n\n<p class=\"wp-block-paragraph\">Bir programda konu\u015fan Vahap Akay, CHP Tekirda\u011f \u0130l Ba\u015fkan\u0131 Cenk Bodu\u00e7&#8217;u hedef alarak a\u011f\u0131r ifadeler kullanm\u0131\u015ft\u0131. Akay, &#8220;\u00d6zel kalemden bozma il ba\u015fkan\u0131 benim muhatab\u0131m de\u011fil. \u0130\u015fine baks\u0131n&#8221; s\u00f6zleriyle ba\u015flad\u0131\u011f\u0131 ele\u015ftirilerinde, il ba\u015fkan\u0131n\u0131n parti \u00e7al\u0131\u015fmalar\u0131ndan uzak kald\u0131\u011f\u0131n\u0131 ileri s\u00fcrm\u00fc\u015ft\u00fc. &#8211; TEK\u0130RDA\u011e<\/p>\n","protected":false},"excerpt":{"rendered":"<p>CHP&#8217;de kurultay s\u00fcreci ve mutlak butlan tart\u0131\u015fmalar\u0131yla alevlenen i\u00e7 \u00e7eki\u015fmeler, Tekirda\u011f te\u015fkilat\u0131nda yeni bir boyut&#8230;<\/p>\n","protected":false},"author":1,"featured_media":1767,"comment_status":"closed","ping_status":"closed","sticky":false,"template":"","format":"standard","meta":{"footnotes":""},"categories":[52],"tags":[],"ppma_author":[57],"class_list":["post-1766","post","type-post","status-publish","format-standard","has-post-thumbnail","hentry","category-politika"],"authors":[{"term_id":57,"user_id":1,"is_guest":0,"slug":"admin","display_name":"Alp Aslan","avatar_url":"https:\/\/secure.gravatar.com\/avatar\/07c18c5ad3350b025db8f3328450e071acb435c703e565899c880c63362f137a?s=96&d=mm&r=g","author_category":"1","first_name":"Alp Aslan","last_name":"ER\u0130N","user_url":"http:\/\/www.gundem59.com.tr","job_title":"","description":""}],"_links":{"self":[{"href":"https:\/\/gundem59.com.tr\/index.php?rest_route=\/wp\/v2\/posts\/1766","targetHints":{"allow":["GET"]}}],"collection":[{"href":"https:\/\/gundem59.com.tr\/index.php?rest_route=\/wp\/v2\/posts"}],"about":[{"href":"https:\/\/gundem59.com.tr\/index.php?rest_route=\/wp\/v2\/types\/post"}],"author":[{"embeddable":true,"href":"https:\/\/gundem59.com.tr\/index.php?rest_route=\/wp\/v2\/users\/1"}],"replies":[{"embeddable":true,"href":"https:\/\/gundem59.com.tr\/index.php?rest_route=%2Fwp%2Fv2%2Fcomments&post=1766"}],"version-history":[{"count":1,"href":"https:\/\/gundem59.com.tr\/index.php?rest_route=\/wp\/v2\/posts\/1766\/revisions"}],"predecessor-version":[{"id":1768,"href":"https:\/\/gundem59.com.tr\/index.php?rest_route=\/wp\/v2\/posts\/1766\/revisions\/1768"}],"wp:featuredmedia":[{"embeddable":true,"href":"https:\/\/gundem59.com.tr\/index.php?rest_route=\/wp\/v2\/media\/1767"}],"wp:attachment":[{"href":"https:\/\/gundem59.com.tr\/index.php?rest_route=%2Fwp%2Fv2%2Fmedia&parent=1766"}],"wp:term":[{"taxonomy":"category","embeddable":true,"href":"https:\/\/gundem59.com.tr\/index.php?rest_route=%2Fwp%2Fv2%2Fcategories&post=1766"},{"taxonomy":"post_tag","embeddable":true,"href":"https:\/\/gundem59.com.tr\/index.php?rest_route=%2Fwp%2Fv2%2Ftags&post=1766"},{"taxonomy":"author","embeddable":true,"href":"https:\/\/gundem59.com.tr\/index.php?rest_route=%2Fwp%2Fv2%2Fppma_author&post=1766"}],"curies":[{"name":"wp","href":"https:\/\/api.w.org\/{rel}","templated":true}]}}