{"id":1763,"date":"2026-06-09T11:00:16","date_gmt":"2026-06-09T11:00:16","guid":{"rendered":"https:\/\/gundem59.com.tr\/?p=1763"},"modified":"2026-06-09T11:00:16","modified_gmt":"2026-06-09T11:00:16","slug":"oztrak-chpyi-sirtindan-atanlar-basarisiz-olacak","status":"publish","type":"post","link":"https:\/\/gundem59.com.tr\/?p=1763","title":{"rendered":"\u00d6ztrak: CHP&#8217;yi S\u0131rt\u0131ndan Atanlar Ba\u015far\u0131s\u0131z Olacak"},"content":{"rendered":"\n<p class=\"wp-block-paragraph\">Faik \u00d6ztrak, CHP y\u00f6netimini ele\u015ftirerek, partinin Atat\u00fcrk&#8217;\u00fcn emaneti oldu\u011funu vurgulad\u0131.<\/p>\n\n\n\n<p class=\"wp-block-paragraph\">CHP&nbsp;<a href=\"https:\/\/www.sondakika.com\/tekirdag\/\">Tekirda\u011f<\/a>&nbsp;<a href=\"https:\/\/www.sondakika.com\/milletvekili\/\">Milletvekili<\/a>&nbsp;<a href=\"https:\/\/www.sondakika.com\/faik-oztrak\/\">Faik \u00d6ztrak<\/a>, &#8220;Hi\u00e7bir CHP&#8217;li, Atat\u00fcrk&#8217;\u00fcn emaneti olan partimizi s\u0131rt\u0131ndan at\u0131lmas\u0131 gereken bir bagaj olarak g\u00f6rmez, alternatif parti kurmay\u0131 i\u00e7ine sindiremez. Ma\u011fduriyete s\u0131\u011f\u0131narak CHP&#8217;den ka\u00e7\u0131\u015f planlar\u0131 yapanlar\u0131 milletimiz er ge\u00e7 g\u00f6r\u00fcr, bunlara asla itibar etmez&#8221; dedi.<\/p>\n\n\n\n<p class=\"wp-block-paragraph\">CHP Tekirda\u011f Milletvekili Faik \u00d6ztrak, TBMM&#8217;de bas\u0131n toplant\u0131s\u0131 d\u00fczenledi. \u00d6ztrak, partinin daha fazla yarg\u0131 m\u00fcdahalesine u\u011framamas\u0131 ve iktidar y\u00fcr\u00fcy\u00fc\u015f\u00fcn\u00fcn ba\u015flat\u0131lmas\u0131 i\u00e7in Kemal K\u0131l\u0131\u00e7daro\u011flu y\u00f6netiminde sorunlar\u0131n isti\u015fare edilerek \u00e7\u00f6z\u00fclmesi gerekti\u011fini s\u00f6yledi. Halihaz\u0131rda partisinin ya\u015fad\u0131\u011f\u0131 s\u0131k\u0131nt\u0131l\u0131 s\u00fcrece \u00d6zg\u00fcr \u00d6zel y\u00f6netiminin 2024 y\u0131l\u0131 sonras\u0131nda yapt\u0131\u011f\u0131 hatalar\u0131n neden oldu\u011funu s\u00f6yleyen \u00d6ztrak, &#8220;Ancak partimizin o d\u00f6nemdeki y\u00f6neticileri hemen se\u00e7im istemek yerine milletin ekme\u011fine kan do\u011frayan tek ki\u015filik rejimin m\u00fcellifi, rakip partinin Genel Ba\u015fkan\u0131 Erdo\u011fan&#8217;la normalle\u015fmeyi tercih ettiler. Aya\u011f\u0131na k\u0131rm\u0131z\u0131 hal\u0131 serdiler, partimizin g\u00f6nderine saray\u0131n forsunu \u00e7ektiler, Meclis&#8217;te milletvekillerimizin kendisini ayakta selamlamas\u0131n\u0131 istediler. Bunlar\u0131 yaparken de milletvekili grubumuza hi\u00e7 dan\u0131\u015fmad\u0131lar. Delegenin iradesinin fesada u\u011frat\u0131ld\u0131\u011f\u0131 iddias\u0131yla yarg\u0131n\u0131n, &#8216;Yok h\u00fckm\u00fcnde&#8217; dedi\u011fi 38&#8217;inci Ola\u011fan Kurultay&#8217;da i\u015f ba\u015f\u0131na gelen parti y\u00f6netimi; t\u00fcm partilileri kucaklamak yerine, &#8216;Kurultayda bana oy verenler, oy vermeyenler&#8217; diye b\u00f6lmeyi, kutupla\u015ft\u0131rmay\u0131 tercih etti. Milletvekili grubumuz hep d\u0131\u015fland\u0131&#8221; ifadelerini kulland\u0131.<\/p>\n\n\n\n<p class=\"wp-block-paragraph\">&#8216;KEND\u0130N\u0130 MAHKEME KARARIYLA G\u00d6REVDEN ALDIRMAYI BECERD\u0130&#8217;<\/p>\n\n\n\n<p class=\"wp-block-paragraph\">\u00d6zg\u00fcr \u00d6zel y\u00f6netiminde partinin k\u00f6t\u00fc y\u00f6netildi\u011fini ve k\u0131r\u0131lgan hale geldi\u011fini s\u00f6yleyen \u00d6ztrak, &#8220;Bu y\u00f6netim sonunda kendini mahkeme karar\u0131yla g\u00f6revden ald\u0131rmay\u0131 da becerdi. Hukuku \u00e7i\u011fneyenlerin, halk\u0131n sofras\u0131ndaki ekme\u011fe g\u00f6z dikenlerin bir elini b\u0131rak\u0131p \u015fimdi de \u00f6b\u00fcr eline sar\u0131l\u0131yorlar. Ancak daha \u00f6nce y\u00f6netiminde birlikte \u00e7al\u0131\u015ft\u0131klar\u0131 genel ba\u015fkanlar\u0131n\u0131 pervas\u0131zca su\u00e7luyor ve yuhalat\u0131yorlar. \u00d6nceki y\u00f6netimin yapt\u0131\u011f\u0131 hatalar saray\u0131n ekme\u011fine ya\u011f s\u00fcrd\u00fc. Art\u0131k rekabet\u00e7i bir se\u00e7imde kazanma imkan\u0131n\u0131n kalmad\u0131\u011f\u0131n\u0131 g\u00f6ren saray, g\u00fcc\u00fcn\u00fc toplar toplamaz genel se\u00e7imlerde en g\u00fc\u00e7l\u00fc vitrinimiz olacak yerel y\u00f6netimlerimizi itibars\u0131zla\u015ft\u0131rma operasyonlar\u0131n\u0131 ba\u015flatt\u0131. Saray\u0131n bu hamlesine kar\u015f\u0131 d\u00f6nemin y\u00f6netimi mutlak inkar ve siyasalla\u015ft\u0131rma stratejisiyle cevap vermeye \u00e7al\u0131\u015ft\u0131. Mazisi asr\u0131 a\u015fan bir partinin laf oyunlar\u0131yla de\u011fil, \u015feffafl\u0131kla hesap vererek ve gerekti\u011finde, &#8216;\u0130ddia budur, cevab\u0131m budur, belgesi de budur&#8217; denilerek y\u00f6netilece\u011fini unuttu. Bunu yapmaman\u0131n sonu\u00e7lar\u0131n\u0131 Manavgat&#8217;ta, U\u015fak&#8217;ta g\u00f6rd\u00fck. Belediye ba\u015fkanlar\u0131na \u00f6nce sahip \u00e7\u0131k\u0131ld\u0131 sonra da kesin ihra\u00e7 talebiyle disipline sevk edilmek zorunda kald\u0131&#8221; diye konu\u015ftu.<\/p>\n\n\n\n<p class=\"wp-block-paragraph\">&#8216;GER\u0130L\u0130M\u0130N K\u0130ME NE YARARI VAR&#8217;<\/p>\n\n\n\n<p class=\"wp-block-paragraph\">\u00d6ztrak, kurultay ile ilgili iddialar\u0131n do\u011fru bi\u00e7imde ele al\u0131nmad\u0131\u011f\u0131n\u0131 ve \u00d6zg\u00fcr \u00d6zel&#8217;in, TBMM&#8217;de paralel genel merkez olu\u015fturarak partiyi tahrip etti\u011fini ifade etti. \u00d6zg\u00fcr \u00d6zel&#8217;in mutlak butlan karar\u0131n\u0131n ard\u0131ndan kapal\u0131 grup toplant\u0131s\u0131yla Grup Ba\u015fkan\u0131 se\u00e7ilmesinin butlan karar\u0131n\u0131 tan\u0131mak anlam\u0131na geldi\u011fini vurgulayan \u00d6ztrak, &#8220;CHP Grup \u0130\u00e7 Y\u00f6netmeli\u011fi&#8217;nin 6&#8217;nc\u0131 maddesin 2&#8217;nci f\u0131kras\u0131, &#8216;Grup ba\u015fkan\u0131 genel ba\u015fkana ba\u011fl\u0131 olarak \u00e7al\u0131\u015f\u0131r&#8217; diyor. O halde, &#8216;Genel ba\u015fkana grup toplant\u0131s\u0131 yapt\u0131rmam. Grubu ben toplar\u0131m, ben konu\u015furum&#8217; demek de ne oluyor? Bu karma\u015fan\u0131n, parti i\u00e7indeki bu gerilimin saray y\u00f6netiminin d\u0131\u015f\u0131nda kime, ne yarar\u0131 var? AK Parti Genel Ba\u015fkan\u0131n\u0131n aya\u011f\u0131na k\u0131rm\u0131z\u0131 hal\u0131 serenlerin kendi partilerinin genel ba\u015fkan\u0131n\u0131n, partisinin milletvekili grubuna hitab\u0131n\u0131 engellemeye kalkmas\u0131 da ne oluyor, bu hangi vicdand\u0131r&#8221; dedi.<\/p>\n\n\n\n<p class=\"wp-block-paragraph\">&#8216;PART\u0130Y\u0130 SORGULANIR HALE GET\u0130RD\u0130&#8217;<\/p>\n\n\n\n<p class=\"wp-block-paragraph\">\u00d6ztrak, \u00d6zg\u00fcr \u00d6zel&#8217;in belediye ba\u015fkanlar\u0131ndan para ald\u0131\u011f\u0131, makam arac\u0131n\u0131n belediye paras\u0131yla dizayn edildi\u011fi, adayl\u0131k i\u00e7in r\u00fc\u015fvet al\u0131n\u0131p verildi\u011fi ve se\u00e7ilmi\u015flerin \u00f6zel hayat\u0131na dair g\u00f6r\u00fcnt\u00fclerin, partiyi kamuoyunda sorgulan\u0131r hale getirdi\u011fini s\u00f6yledi. \u00d6zel y\u00f6netiminin, mutlak butlan davas\u0131 s\u00fcrerken AK Parti&#8217;lilerle g\u00f6r\u00fc\u015fmeler yapt\u0131\u011f\u0131n\u0131 ve Cumhurba\u015fkanl\u0131\u011f\u0131 K\u00fclliyesi&#8217;nden garantiler alarak s\u00f6ylemde bulundu\u011funu \u00f6ne s\u00fcren \u00d6ztrak, &#8220;Hi\u00e7bir CHP&#8217;li Atat\u00fcrk&#8217;\u00fcn emaneti olan partimizi, s\u0131rt\u0131ndan at\u0131lmas\u0131 gereken bir bagaj olarak g\u00f6rmez, alternatif parti kurmay\u0131 i\u00e7ine sindiremez. Ma\u011fduriyete s\u0131\u011f\u0131narak CHP&#8217;den ka\u00e7\u0131\u015f planlar\u0131 yapanlar\u0131 milletimiz er ge\u00e7 g\u00f6r\u00fcr, bunlara asla itibar etmez&#8221; de\u011ferlendirmesinde bulundu.<\/p>\n\n\n\n<p class=\"wp-block-paragraph\">&#8216;PART\u0130Y\u0130 MAHKEMELER\u0130N EL\u0130NDEN KURTARMAMIZ LAZIM&#8217;<\/p>\n\n\n\n<p class=\"wp-block-paragraph\">\u00d6ztrak, grup ba\u015fkan\u0131n\u0131n parti mevzuat\u0131na g\u00f6re genel ba\u015fkan\u0131n s\u00f6ylemlerine uymas\u0131 gerektirdi\u011fini dile getirdi. \u00d6ztrak, grup toplant\u0131s\u0131 i\u00e7in en az 46 milletvekili gereklili\u011fiyle ilgili soruya, &#8220;Bu a\u00e7\u0131k grup toplant\u0131s\u0131 dimi, kapal\u0131 grup toplant\u0131s\u0131 de\u011fil. A\u00e7\u0131k grup toplant\u0131lar\u0131nda milletvekilleri say\u0131lm\u0131yor ama 46&#8217;dan fazla olacak. CHP Genel Ba\u015fkan\u0131 Kemal K\u0131l\u0131\u00e7daro\u011flu&#8217;nun grup toplant\u0131s\u0131na kat\u0131lmamas\u0131 ne demek? B\u00f6yle bir \u015fey olmaz. Mahkeme, &#8216;Kurultay yok h\u00fckm\u00fcnde&#8217; diyor ve &#8216;Kemal Bey&#8217;in aynen g\u00f6revine iadesine&#8217; diyor. Burada atanm\u0131\u015fl\u0131k veya se\u00e7ilmemi\u015f diye de bir \u015fey yok. Sonu\u00e7ta o d\u00f6nemin mazbata alarak se\u00e7ilen Genel Ba\u015fkan\u0131 Kemal K\u0131l\u0131\u00e7daro\u011flu. Bundan sonraki b\u00fct\u00fcn d\u00f6nemleri yok sayarak, biz kendi i\u00e7imizde, &#8216;O se\u00e7ilmi\u015f, bu atanm\u0131\u015f&#8217; tart\u0131\u015fmas\u0131 yapaca\u011f\u0131m\u0131za, bir an \u00f6nce partiyi mahkemelerin elinden kurtarmam\u0131z laz\u0131m&#8221; ifadelerini kulland\u0131.<\/p>\n","protected":false},"excerpt":{"rendered":"<p>Faik \u00d6ztrak, CHP y\u00f6netimini ele\u015ftirerek, partinin Atat\u00fcrk&#8217;\u00fcn emaneti oldu\u011funu vurgulad\u0131. CHP&nbsp;Tekirda\u011f&nbsp;Milletvekili&nbsp;Faik \u00d6ztrak, &#8220;Hi\u00e7bir CHP&#8217;li, Atat\u00fcrk&#8217;\u00fcn&#8230;<\/p>\n","protected":false},"author":1,"featured_media":1764,"comment_status":"closed","ping_status":"closed","sticky":false,"template":"","format":"standard","meta":{"footnotes":""},"categories":[52],"tags":[],"ppma_author":[57],"class_list":["post-1763","post","type-post","status-publish","format-standard","has-post-thumbnail","hentry","category-politika"],"authors":[{"term_id":57,"user_id":1,"is_guest":0,"slug":"admin","display_name":"Alp Aslan","avatar_url":"https:\/\/secure.gravatar.com\/avatar\/07c18c5ad3350b025db8f3328450e071acb435c703e565899c880c63362f137a?s=96&d=mm&r=g","author_category":"1","first_name":"Alp Aslan","last_name":"ER\u0130N","user_url":"http:\/\/www.gundem59.com.tr","job_title":"","description":""}],"_links":{"self":[{"href":"https:\/\/gundem59.com.tr\/index.php?rest_route=\/wp\/v2\/posts\/1763","targetHints":{"allow":["GET"]}}],"collection":[{"href":"https:\/\/gundem59.com.tr\/index.php?rest_route=\/wp\/v2\/posts"}],"about":[{"href":"https:\/\/gundem59.com.tr\/index.php?rest_route=\/wp\/v2\/types\/post"}],"author":[{"embeddable":true,"href":"https:\/\/gundem59.com.tr\/index.php?rest_route=\/wp\/v2\/users\/1"}],"replies":[{"embeddable":true,"href":"https:\/\/gundem59.com.tr\/index.php?rest_route=%2Fwp%2Fv2%2Fcomments&post=1763"}],"version-history":[{"count":1,"href":"https:\/\/gundem59.com.tr\/index.php?rest_route=\/wp\/v2\/posts\/1763\/revisions"}],"predecessor-version":[{"id":1765,"href":"https:\/\/gundem59.com.tr\/index.php?rest_route=\/wp\/v2\/posts\/1763\/revisions\/1765"}],"wp:featuredmedia":[{"embeddable":true,"href":"https:\/\/gundem59.com.tr\/index.php?rest_route=\/wp\/v2\/media\/1764"}],"wp:attachment":[{"href":"https:\/\/gundem59.com.tr\/index.php?rest_route=%2Fwp%2Fv2%2Fmedia&parent=1763"}],"wp:term":[{"taxonomy":"category","embeddable":true,"href":"https:\/\/gundem59.com.tr\/index.php?rest_route=%2Fwp%2Fv2%2Fcategories&post=1763"},{"taxonomy":"post_tag","embeddable":true,"href":"https:\/\/gundem59.com.tr\/index.php?rest_route=%2Fwp%2Fv2%2Ftags&post=1763"},{"taxonomy":"author","embeddable":true,"href":"https:\/\/gundem59.com.tr\/index.php?rest_route=%2Fwp%2Fv2%2Fppma_author&post=1763"}],"curies":[{"name":"wp","href":"https:\/\/api.w.org\/{rel}","templated":true}]}}