{"id":1760,"date":"2026-06-09T10:58:10","date_gmt":"2026-06-09T10:58:10","guid":{"rendered":"https:\/\/gundem59.com.tr\/?p=1760"},"modified":"2026-06-09T10:58:10","modified_gmt":"2026-06-09T10:58:10","slug":"tekirdagda-isitme-engelli-ailelere-coda-guvende-destegi","status":"publish","type":"post","link":"https:\/\/gundem59.com.tr\/?p=1760","title":{"rendered":"Tekirda\u011f&#8217;da i\u015fitme engelli ailelere &#8220;CODA g\u00fcvende&#8221; deste\u011fi"},"content":{"rendered":"\n<p class=\"wp-block-paragraph\">Tekirda\u011f B\u00fcy\u00fck\u015fehir Belediyesi, 7 Haziran T\u00fcrk \u0130\u015faret Dili Bayram\u0131 kapsam\u0131nda i\u015fitme engelli ve sa\u011f\u0131r ebeveynler i\u00e7in &#8216;CODA G\u00fcvende&#8217; projesini ba\u015flatt\u0131. Proje kapsam\u0131nda 0-3 ya\u015f aras\u0131 \u00e7ocu\u011fu olan ailelere titre\u015fimli ve \u0131\u015f\u0131kl\u0131 bebek telsizi deste\u011fi sa\u011flanacak.<\/p>\n\n\n\n<p class=\"wp-block-paragraph\"><a href=\"https:\/\/www.sondakika.com\/tekirdag-buyuksehir-belediyesi\/\">Tekirda\u011f B\u00fcy\u00fck\u015fehir Belediyesi<\/a>, 7 Haziran T\u00fcrk \u0130\u015faret Dili Bayram\u0131 kapsam\u0131nda eri\u015filebilir ve kapsay\u0131c\u0131 sosyal belediyecilik anlay\u0131\u015f\u0131 do\u011frultusunda yeni bir sosyal destek uygulamas\u0131n\u0131 hayata ge\u00e7irdi. \u0130\u015fitme engelli ve sa\u011f\u0131r ebeveynlerin g\u00fcnl\u00fck ya\u015famlar\u0131n\u0131 kolayla\u015ft\u0131rmay\u0131 hedefleyen &#8220;CODA G\u00fcvende&#8221; projesiyle titre\u015fimli ve \u0131\u015f\u0131kl\u0131 bebek telsizi deste\u011fi sa\u011flanacak.<\/p>\n\n\n\n<p class=\"wp-block-paragraph\">Tekirda\u011f B\u00fcy\u00fck\u015fehir Belediyesi&nbsp;<a href=\"https:\/\/www.sondakika.com\/saglik\/\">Sa\u011fl\u0131k<\/a>&nbsp;ve Sosyal Hizmetler Dairesi Ba\u015fkanl\u0131\u011f\u0131 taraf\u0131ndan y\u00fcr\u00fct\u00fclen proje, \u00f6zellikle bebekli ailelerde kritik \u00f6neme sahip ileti\u015fim ihtiyac\u0131n\u0131 farkl\u0131 bir teknolojiyle kar\u015f\u0131lamay\u0131 ama\u00e7l\u0131yor. \u0130\u015fitme engelli ve sa\u011f\u0131r ebeveynlerin, bebeklerinin a\u011flama, hareket ya da uyar\u0131 seslerini duyamama kaynakl\u0131 ya\u015fayabilecekleri endi\u015feleri azaltmay\u0131 hedefleyen uygulama ile ebeveynlere titre\u015fim ve \u0131\u015f\u0131k sistemi \u00fczerinden anl\u0131k bildirim imkan\u0131 sunulacak. B\u00f6ylece bebeklerin ihtiya\u00e7lar\u0131na daha h\u0131zl\u0131 ve g\u00fcvenli \u015fekilde m\u00fcdahale edilmesi sa\u011flanacak.<\/p>\n\n\n\n<p class=\"wp-block-paragraph\">Projeyle sa\u011flanacak \u00f6zel bebek telsizleri, sesli uyar\u0131lar\u0131 yaln\u0131zca i\u015fitmeyle ilgili olarak de\u011fil, ayn\u0131 zamanda g\u00f6rsel ve dokunma bildirimlerle ileterek ebeveynlerin g\u00fcnl\u00fck ya\u015famda kar\u015f\u0131la\u015ft\u0131\u011f\u0131 ileti\u015fim engelini azaltacak. Uygulaman\u0131n sadece teknik bir destek de\u011fil, ayn\u0131 zamanda ebeveynlik s\u00fcrecinde e\u015fitlik ve eri\u015filebilirlik sa\u011flayan sosyal bir ad\u0131m oldu\u011fu belirtildi.<\/p>\n\n\n\n<p class=\"wp-block-paragraph\">&#8220;CODA&#8221; ifadesi ise \u0130ngilizce &#8220;Child of Deaf Adults&#8221; kelimelerinin k\u0131saltmas\u0131 olarak kullan\u0131l\u0131yor ve i\u015fitme engelli veya sa\u011f\u0131r ebeveynlerin \u00e7ocuklar\u0131n\u0131 tan\u0131ml\u0131yor. Proje de bu kavramdan yola \u00e7\u0131karak, \u00f6zellikle CODA aile yap\u0131s\u0131na sahip ebeveynlerin ya\u015fam\u0131n\u0131 kolayla\u015ft\u0131rmay\u0131 hedefliyor.<\/p>\n\n\n\n<p class=\"wp-block-paragraph\">Destekten, 0-3 ya\u015f aral\u0131\u011f\u0131nda \u00e7ocu\u011fu bulunan i\u015fitme engelli ve sa\u011f\u0131r ebeveynler yararlanabilecek. Ba\u015fvurular, Tekirda\u011f B\u00fcy\u00fck\u015fehir Belediyesi \u0130\u015fitme Engelliler WhatsApp G\u00f6r\u00fcnt\u00fcl\u00fc \u00c7a\u011fr\u0131 Merkezi&#8217;nin 0850 459 06 07 numaral\u0131 hatt\u0131 \u00fczerinden al\u0131nacak. Ba\u015fvuru s\u00fcrecinde ailelerin durumlar\u0131n\u0131n de\u011ferlendirilmesinin ard\u0131ndan uygun bulunan hanelere cihaz deste\u011fi sa\u011flanacak.<\/p>\n\n\n\n<p class=\"wp-block-paragraph\">Tekirda\u011f B\u00fcy\u00fck\u015fehir Belediye Ba\u015fkan\u0131 Dr. Candan Y\u00fcceer, projeye ili\u015fkin yapt\u0131\u011f\u0131 a\u00e7\u0131klamada, sosyal belediyecilik anlay\u0131\u015f\u0131n\u0131 eri\u015filebilirlik temeli \u00fczerine in\u015fa ettiklerini vurgulad\u0131. Y\u00fcceer, i\u015fitme engelli ebeveynlerin \u00e7ocuklar\u0131n\u0131n ihtiya\u00e7lar\u0131n\u0131 daha g\u00fcvenli \u015fekilde takip edebilmelerinin \u00f6nemli bir ihtiya\u00e7 oldu\u011funu belirterek, &#8220;CODA G\u00fcvende projesiyle \u00f6nemli bir ihtiyaca yan\u0131t veriyoruz. Vatanda\u015flar\u0131m\u0131z\u0131n ya\u015fam\u0131n\u0131 kolayla\u015ft\u0131racak her alanda \u00e7al\u0131\u015fmalar\u0131m\u0131z\u0131 s\u00fcrd\u00fcr\u00fcyoruz. Kimsenin geride kalmad\u0131\u011f\u0131, herkes i\u00e7in eri\u015filebilir bir Tekirda\u011f hedefiyle hizmet \u00fcretmeye devam edece\u011fiz&#8221; ifadelerini kulland\u0131.<\/p>\n\n\n\n<p class=\"wp-block-paragraph\">Projenin ilerleyen s\u00fcre\u00e7te daha fazla aileye ula\u015fmas\u0131 ve eri\u015filebilirlik odakl\u0131 sosyal hizmetlerin kapsam\u0131n\u0131n geni\u015fletilmesi hedefleniyor. &#8211; TEK\u0130RDA\u011e<\/p>\n","protected":false},"excerpt":{"rendered":"<p>Tekirda\u011f B\u00fcy\u00fck\u015fehir Belediyesi, 7 Haziran T\u00fcrk \u0130\u015faret Dili Bayram\u0131 kapsam\u0131nda i\u015fitme engelli ve sa\u011f\u0131r ebeveynler&#8230;<\/p>\n","protected":false},"author":1,"featured_media":1761,"comment_status":"closed","ping_status":"closed","sticky":false,"template":"","format":"standard","meta":{"footnotes":""},"categories":[1],"tags":[],"ppma_author":[57],"class_list":["post-1760","post","type-post","status-publish","format-standard","has-post-thumbnail","hentry","category-tekirdag-gundemi"],"authors":[{"term_id":57,"user_id":1,"is_guest":0,"slug":"admin","display_name":"Alp Aslan","avatar_url":"https:\/\/secure.gravatar.com\/avatar\/07c18c5ad3350b025db8f3328450e071acb435c703e565899c880c63362f137a?s=96&d=mm&r=g","author_category":"1","first_name":"Alp Aslan","last_name":"ER\u0130N","user_url":"http:\/\/www.gundem59.com.tr","job_title":"","description":""}],"_links":{"self":[{"href":"https:\/\/gundem59.com.tr\/index.php?rest_route=\/wp\/v2\/posts\/1760","targetHints":{"allow":["GET"]}}],"collection":[{"href":"https:\/\/gundem59.com.tr\/index.php?rest_route=\/wp\/v2\/posts"}],"about":[{"href":"https:\/\/gundem59.com.tr\/index.php?rest_route=\/wp\/v2\/types\/post"}],"author":[{"embeddable":true,"href":"https:\/\/gundem59.com.tr\/index.php?rest_route=\/wp\/v2\/users\/1"}],"replies":[{"embeddable":true,"href":"https:\/\/gundem59.com.tr\/index.php?rest_route=%2Fwp%2Fv2%2Fcomments&post=1760"}],"version-history":[{"count":1,"href":"https:\/\/gundem59.com.tr\/index.php?rest_route=\/wp\/v2\/posts\/1760\/revisions"}],"predecessor-version":[{"id":1762,"href":"https:\/\/gundem59.com.tr\/index.php?rest_route=\/wp\/v2\/posts\/1760\/revisions\/1762"}],"wp:featuredmedia":[{"embeddable":true,"href":"https:\/\/gundem59.com.tr\/index.php?rest_route=\/wp\/v2\/media\/1761"}],"wp:attachment":[{"href":"https:\/\/gundem59.com.tr\/index.php?rest_route=%2Fwp%2Fv2%2Fmedia&parent=1760"}],"wp:term":[{"taxonomy":"category","embeddable":true,"href":"https:\/\/gundem59.com.tr\/index.php?rest_route=%2Fwp%2Fv2%2Fcategories&post=1760"},{"taxonomy":"post_tag","embeddable":true,"href":"https:\/\/gundem59.com.tr\/index.php?rest_route=%2Fwp%2Fv2%2Ftags&post=1760"},{"taxonomy":"author","embeddable":true,"href":"https:\/\/gundem59.com.tr\/index.php?rest_route=%2Fwp%2Fv2%2Fppma_author&post=1760"}],"curies":[{"name":"wp","href":"https:\/\/api.w.org\/{rel}","templated":true}]}}