{"id":1754,"date":"2026-06-09T10:52:45","date_gmt":"2026-06-09T10:52:45","guid":{"rendered":"https:\/\/gundem59.com.tr\/?p=1754"},"modified":"2026-06-09T10:52:45","modified_gmt":"2026-06-09T10:52:45","slug":"tekirdagda-hayat-boyu-ogrenme-haftasi-etkinligi","status":"publish","type":"post","link":"https:\/\/gundem59.com.tr\/?p=1754","title":{"rendered":"Tekirda\u011f&#8217;da Hayat Boyu \u00d6\u011frenme Haftas\u0131 Etkinli\u011fi"},"content":{"rendered":"\n<p class=\"wp-block-paragraph\">Tekirda\u011f&#8217;da d\u00fczenlenen etkinlikte el eme\u011fi \u00fcr\u00fcnler sergilendi, 61 alanda 2.793 kurs a\u00e7\u0131ld\u0131.<\/p>\n\n\n\n<p class=\"wp-block-paragraph\"><a href=\"https:\/\/www.sondakika.com\/tekirdag\/\">Tekirda\u011f<\/a>&#8216;da Hayat Boyu \u00d6\u011frenme Haftas\u0131 kapsam\u0131nda etkinlik d\u00fczenlendi.<\/p>\n\n\n\n<p class=\"wp-block-paragraph\">Cumhuriyet Park\u0131&#8217;nda ger\u00e7ekle\u015ftirilen etkinlikte, halk e\u011fitim merkezlerinde g\u00f6rev yapan e\u011fitmenler ve kursiyerlerin haz\u0131rlad\u0131\u011f\u0131 el eme\u011fi \u00fcr\u00fcnler ile at\u00f6lye \u00e7al\u0131\u015fmalar\u0131 sergilendi.<\/p>\n\n\n\n<p class=\"wp-block-paragraph\">\u0130l Milli&nbsp;<a href=\"https:\/\/www.sondakika.com\/egitim\/\">E\u011fitim<\/a>&nbsp;M\u00fcd\u00fcr\u00fc Abd\u00fclaziz Yeniyol, burada yapt\u0131\u011f\u0131 konu\u015fmada, hayat boyu \u00f6\u011frenmenin bireysel ve toplumsal geli\u015fimin temel unsurlar\u0131ndan biri oldu\u011funu s\u00f6yledi.<\/p>\n\n\n\n<p class=\"wp-block-paragraph\">Tekirda\u011f genelinde faaliyet g\u00f6steren 11 halk e\u011fitimi merkezi arac\u0131l\u0131\u011f\u0131yla vatanda\u015flara geni\u015f \u00f6\u011frenme imkanlar\u0131 sunduklar\u0131n\u0131 belirten Yeniyol, el sanatlar\u0131ndan yabanc\u0131 dillere, geleneksel k\u00fclt\u00fcr\u00fcn ya\u015fat\u0131lmas\u0131na y\u00f6nelik kurslardan \u00e7evre e\u011fitimlerine kadar bir\u00e7ok alanda e\u011fitim verdiklerini ifade etti.<\/p>\n\n\n\n<p class=\"wp-block-paragraph\">Yeniyol, May\u0131s ay\u0131 sonu itibar\u0131yla il genelinde 61 alanda 2 bin 793 kurs a\u00e7\u0131ld\u0131\u011f\u0131n\u0131, bu kurslardan 58 bin 230 ki\u015finin yararland\u0131\u011f\u0131n\u0131 kaydetti.<\/p>\n\n\n\n<p class=\"wp-block-paragraph\">Konu\u015fman\u0131n ard\u0131ndan halk e\u011fitim merkezlerinde okuma yazma e\u011fitimi alan kursiyerlere belgeleri verildi.<\/p>\n\n\n\n<p class=\"wp-block-paragraph\">Daha sonra Tekirda\u011f Valisi Recep Soyt\u00fcrk ve beraberindekiler serginin a\u00e7\u0131l\u0131\u015f\u0131n\u0131 ger\u00e7ekle\u015ftirerek stantlar\u0131 gezdi.<\/p>\n\n\n\n<p class=\"wp-block-paragraph\">Programa, \u00c7orlu Kaymakam\u0131 Niyazi Erten, \u0130l Jandarma Komutan\u0131 Jandarma Albay Ali G\u00fcng\u00f6r, \u0130l Emniyet M\u00fcd\u00fcr\u00fc Ahmet Metin Turanl\u0131, MHP Tekirda\u011f \u0130l Ba\u015fkan\u0131 S\u00fcleyman Fethi \u015eirin, milli e\u011fitim personeli ve vatanda\u015flar kat\u0131ld\u0131.<\/p>\n","protected":false},"excerpt":{"rendered":"<p>Tekirda\u011f&#8217;da d\u00fczenlenen etkinlikte el eme\u011fi \u00fcr\u00fcnler sergilendi, 61 alanda 2.793 kurs a\u00e7\u0131ld\u0131. Tekirda\u011f&#8216;da Hayat Boyu&#8230;<\/p>\n","protected":false},"author":1,"featured_media":1755,"comment_status":"closed","ping_status":"closed","sticky":false,"template":"","format":"standard","meta":{"footnotes":""},"categories":[1],"tags":[],"ppma_author":[57],"class_list":["post-1754","post","type-post","status-publish","format-standard","has-post-thumbnail","hentry","category-tekirdag-gundemi"],"authors":[{"term_id":57,"user_id":1,"is_guest":0,"slug":"admin","display_name":"Alp Aslan","avatar_url":"https:\/\/secure.gravatar.com\/avatar\/07c18c5ad3350b025db8f3328450e071acb435c703e565899c880c63362f137a?s=96&d=mm&r=g","author_category":"1","first_name":"Alp Aslan","last_name":"ER\u0130N","user_url":"http:\/\/www.gundem59.com.tr","job_title":"","description":""}],"_links":{"self":[{"href":"https:\/\/gundem59.com.tr\/index.php?rest_route=\/wp\/v2\/posts\/1754","targetHints":{"allow":["GET"]}}],"collection":[{"href":"https:\/\/gundem59.com.tr\/index.php?rest_route=\/wp\/v2\/posts"}],"about":[{"href":"https:\/\/gundem59.com.tr\/index.php?rest_route=\/wp\/v2\/types\/post"}],"author":[{"embeddable":true,"href":"https:\/\/gundem59.com.tr\/index.php?rest_route=\/wp\/v2\/users\/1"}],"replies":[{"embeddable":true,"href":"https:\/\/gundem59.com.tr\/index.php?rest_route=%2Fwp%2Fv2%2Fcomments&post=1754"}],"version-history":[{"count":1,"href":"https:\/\/gundem59.com.tr\/index.php?rest_route=\/wp\/v2\/posts\/1754\/revisions"}],"predecessor-version":[{"id":1756,"href":"https:\/\/gundem59.com.tr\/index.php?rest_route=\/wp\/v2\/posts\/1754\/revisions\/1756"}],"wp:featuredmedia":[{"embeddable":true,"href":"https:\/\/gundem59.com.tr\/index.php?rest_route=\/wp\/v2\/media\/1755"}],"wp:attachment":[{"href":"https:\/\/gundem59.com.tr\/index.php?rest_route=%2Fwp%2Fv2%2Fmedia&parent=1754"}],"wp:term":[{"taxonomy":"category","embeddable":true,"href":"https:\/\/gundem59.com.tr\/index.php?rest_route=%2Fwp%2Fv2%2Fcategories&post=1754"},{"taxonomy":"post_tag","embeddable":true,"href":"https:\/\/gundem59.com.tr\/index.php?rest_route=%2Fwp%2Fv2%2Ftags&post=1754"},{"taxonomy":"author","embeddable":true,"href":"https:\/\/gundem59.com.tr\/index.php?rest_route=%2Fwp%2Fv2%2Fppma_author&post=1754"}],"curies":[{"name":"wp","href":"https:\/\/api.w.org\/{rel}","templated":true}]}}