{"id":1751,"date":"2026-06-09T10:50:30","date_gmt":"2026-06-09T10:50:30","guid":{"rendered":"https:\/\/gundem59.com.tr\/?p=1751"},"modified":"2026-06-09T10:50:31","modified_gmt":"2026-06-09T10:50:31","slug":"tekirdagda-lgs-hazirliklari-tamamlandi","status":"publish","type":"post","link":"https:\/\/gundem59.com.tr\/?p=1751","title":{"rendered":"Tekirda\u011f&#8217;da LGS Haz\u0131rl\u0131klar\u0131 Tamamland\u0131"},"content":{"rendered":"\n<p class=\"wp-block-paragraph\">\u0130l Milli E\u011fitim M\u00fcd\u00fcrl\u00fc\u011f\u00fc, LGS&#8217;nin g\u00fcvenli ve sorunsuz ge\u00e7i\u015fi i\u00e7in koordinasyon toplant\u0131s\u0131 d\u00fczenledi.<\/p>\n\n\n\n<p class=\"wp-block-paragraph\"><a href=\"https:\/\/www.sondakika.com\/tekirdag\/\">Tekirda\u011f<\/a>&nbsp;\u0130l&nbsp;<a href=\"https:\/\/www.sondakika.com\/milli-egitim-mudurlugu\/\">Milli E\u011fitim M\u00fcd\u00fcrl\u00fc\u011f\u00fc<\/a>&nbsp;taraf\u0131ndan, Liselere Ge\u00e7i\u015f Sistemi (<a href=\"https:\/\/www.sondakika.com\/lgs\/\">LGS<\/a>) kapsam\u0131ndaki merkezi s\u0131nav\u0131n il genelinde sorunsuz ve g\u00fcvenli bir \u015fekilde ger\u00e7ekle\u015ftirilmesi amac\u0131yla koordinasyon toplant\u0131s\u0131 d\u00fczenlendi.<\/p>\n\n\n\n<p class=\"wp-block-paragraph\">\u0130l Milli E\u011fitim M\u00fcd\u00fcr\u00fc Dr. Aziz Yeniyol ba\u015fkanl\u0131\u011f\u0131nda ger\u00e7ekle\u015ftirilen toplant\u0131ya \u0130l Milli E\u011fitim M\u00fcd\u00fcr Yard\u0131mc\u0131s\u0131 Abdullah Nair, \u0130l Milli E\u011fitim \u015eube M\u00fcd\u00fcr\u00fc Ebubekir Atilla ile Tekirda\u011f&#8217;\u0131n 11 il\u00e7esinde g\u00f6rev yapan \u015fube m\u00fcd\u00fcrleri kat\u0131ld\u0131.<\/p>\n\n\n\n<p class=\"wp-block-paragraph\">Toplant\u0131da, LGS kapsam\u0131nda y\u00fcr\u00fct\u00fclen haz\u0131rl\u0131k \u00e7al\u0131\u015fmalar\u0131 detayl\u0131 \u015fekilde ele al\u0131n\u0131rken, s\u0131nav g\u00fcn\u00fc uygulanacak i\u015f ve i\u015flemler, s\u0131nav g\u00fcvenli\u011fine y\u00f6nelik tedbirler, \u00f6\u011frenciler ve velilere y\u00f6nelik bilgilendirme faaliyetleri ile kurumlar aras\u0131 koordinasyon konular\u0131 de\u011ferlendirildi. Ayr\u0131ca s\u0131nav merkezlerinde al\u0131nacak \u00f6nlemler, g\u00f6revlendirmeler, ula\u015f\u0131m ve ileti\u015fim s\u00fcre\u00e7leri gibi ba\u015fl\u0131klar \u00fczerinde durularak il genelindeki haz\u0131rl\u0131klar\u0131n son durumu g\u00f6zden ge\u00e7irildi.<\/p>\n\n\n\n<p class=\"wp-block-paragraph\">\u0130l genelinde s\u0131nav\u0131n sa\u011fl\u0131kl\u0131, g\u00fcvenli ve d\u00fczenli bir ortamda ger\u00e7ekle\u015ftirilmesi amac\u0131yla yap\u0131lan \u00e7al\u0131\u015fmalar\u0131n de\u011ferlendirildi\u011fi toplant\u0131da, il\u00e7elerden gelen bilgiler do\u011frultusunda gerekli planlamalar yeniden ele al\u0131nd\u0131. \u00d6\u011frencilerin s\u0131nav s\u00fcrecini herhangi bir aksakl\u0131k ya\u015famadan tamamlayabilmeleri i\u00e7in t\u00fcm kurumlar\u0131n e\u015fg\u00fcd\u00fcm i\u00e7erisinde hareket etmesinin \u00f6nemine dikkat \u00e7ekildi.<\/p>\n\n\n\n<p class=\"wp-block-paragraph\">Toplant\u0131da konu\u015fan \u0130l Milli E\u011fitim M\u00fcd\u00fcr\u00fc Dr. Aziz Yeniyol, \u00f6\u011frencilerin uzun s\u00fcredir b\u00fcy\u00fck bir emek ve \u00f6zveriyle s\u0131nava haz\u0131rland\u0131\u011f\u0131n\u0131 belirterek, bu eme\u011fin kar\u015f\u0131l\u0131\u011f\u0131n\u0131 alabilecekleri huzurlu ve g\u00fcvenli bir s\u0131nav ortam\u0131n\u0131n sa\u011flanmas\u0131n\u0131n \u00f6ncelikli hedef oldu\u011funu ifade etti. Yeniyol, s\u0131nav s\u00fcrecinde g\u00f6rev alacak t\u00fcm personelin \u00f6zverili \u00e7al\u0131\u015fmalar\u0131n\u0131n b\u00fcy\u00fck \u00f6nem ta\u015f\u0131d\u0131\u011f\u0131n\u0131 vurgulayarak g\u00f6revli personele ba\u015far\u0131lar diledi.<\/p>\n\n\n\n<p class=\"wp-block-paragraph\">Tekirda\u011f \u0130l Milli E\u011fitim M\u00fcd\u00fcrl\u00fc\u011f\u00fc, LGS&#8217;nin il genelinde planlanan takvim do\u011frultusunda g\u00fcvenli ve sorunsuz \u015fekilde ger\u00e7ekle\u015ftirilmesi i\u00e7in haz\u0131rl\u0131klar\u0131n titizlikle s\u00fcrd\u00fcr\u00fcld\u00fc\u011f\u00fcn\u00fc bildirdi. &#8211; TEK\u0130RDA\u011e<\/p>\n","protected":false},"excerpt":{"rendered":"<p>\u0130l Milli E\u011fitim M\u00fcd\u00fcrl\u00fc\u011f\u00fc, LGS&#8217;nin g\u00fcvenli ve sorunsuz ge\u00e7i\u015fi i\u00e7in koordinasyon toplant\u0131s\u0131 d\u00fczenledi. Tekirda\u011f&nbsp;\u0130l&nbsp;Milli E\u011fitim&#8230;<\/p>\n","protected":false},"author":1,"featured_media":1752,"comment_status":"closed","ping_status":"closed","sticky":false,"template":"","format":"standard","meta":{"footnotes":""},"categories":[1],"tags":[],"ppma_author":[57],"class_list":["post-1751","post","type-post","status-publish","format-standard","has-post-thumbnail","hentry","category-tekirdag-gundemi"],"authors":[{"term_id":57,"user_id":1,"is_guest":0,"slug":"admin","display_name":"Alp Aslan","avatar_url":"https:\/\/secure.gravatar.com\/avatar\/07c18c5ad3350b025db8f3328450e071acb435c703e565899c880c63362f137a?s=96&d=mm&r=g","author_category":"1","first_name":"Alp Aslan","last_name":"ER\u0130N","user_url":"http:\/\/www.gundem59.com.tr","job_title":"","description":""}],"_links":{"self":[{"href":"https:\/\/gundem59.com.tr\/index.php?rest_route=\/wp\/v2\/posts\/1751","targetHints":{"allow":["GET"]}}],"collection":[{"href":"https:\/\/gundem59.com.tr\/index.php?rest_route=\/wp\/v2\/posts"}],"about":[{"href":"https:\/\/gundem59.com.tr\/index.php?rest_route=\/wp\/v2\/types\/post"}],"author":[{"embeddable":true,"href":"https:\/\/gundem59.com.tr\/index.php?rest_route=\/wp\/v2\/users\/1"}],"replies":[{"embeddable":true,"href":"https:\/\/gundem59.com.tr\/index.php?rest_route=%2Fwp%2Fv2%2Fcomments&post=1751"}],"version-history":[{"count":1,"href":"https:\/\/gundem59.com.tr\/index.php?rest_route=\/wp\/v2\/posts\/1751\/revisions"}],"predecessor-version":[{"id":1753,"href":"https:\/\/gundem59.com.tr\/index.php?rest_route=\/wp\/v2\/posts\/1751\/revisions\/1753"}],"wp:featuredmedia":[{"embeddable":true,"href":"https:\/\/gundem59.com.tr\/index.php?rest_route=\/wp\/v2\/media\/1752"}],"wp:attachment":[{"href":"https:\/\/gundem59.com.tr\/index.php?rest_route=%2Fwp%2Fv2%2Fmedia&parent=1751"}],"wp:term":[{"taxonomy":"category","embeddable":true,"href":"https:\/\/gundem59.com.tr\/index.php?rest_route=%2Fwp%2Fv2%2Fcategories&post=1751"},{"taxonomy":"post_tag","embeddable":true,"href":"https:\/\/gundem59.com.tr\/index.php?rest_route=%2Fwp%2Fv2%2Ftags&post=1751"},{"taxonomy":"author","embeddable":true,"href":"https:\/\/gundem59.com.tr\/index.php?rest_route=%2Fwp%2Fv2%2Fppma_author&post=1751"}],"curies":[{"name":"wp","href":"https:\/\/api.w.org\/{rel}","templated":true}]}}