{"id":1745,"date":"2026-06-09T10:41:34","date_gmt":"2026-06-09T10:41:34","guid":{"rendered":"https:\/\/gundem59.com.tr\/?p=1745"},"modified":"2026-06-09T10:41:34","modified_gmt":"2026-06-09T10:41:34","slug":"balkona-sikisan-kargayi-itfaiye-kurtardi","status":"publish","type":"post","link":"https:\/\/gundem59.com.tr\/?p=1745","title":{"rendered":"Balkona s\u0131k\u0131\u015fan kargay\u0131 itfaiye kurtard\u0131"},"content":{"rendered":"\n<p class=\"wp-block-paragraph\">Tekirda\u011f&#8217;\u0131n Marmaraere\u011flisi il\u00e7esinde bir evin 3. kat balkonunda s\u0131k\u0131\u015fan karga, itfaiye ekiplerince kurtar\u0131larak do\u011faya sal\u0131nd\u0131.<\/p>\n\n\n\n<p class=\"wp-block-paragraph\"><a href=\"https:\/\/www.sondakika.com\/tekirdag\/\">Tekirda\u011f<\/a>&#8216;\u0131n&nbsp;<a href=\"https:\/\/www.sondakika.com\/marmaraereglisi\/\">Marmaraere\u011flisi<\/a>&nbsp;il\u00e7esinde bir evin 3&#8217;\u00fcnc\u00fc kat balkonuna s\u0131k\u0131\u015fan karga, itfaiye ekiplerince kurtar\u0131larak yeniden \u00f6zg\u00fcrl\u00fc\u011f\u00fcne kavu\u015ftu.<\/p>\n\n\n\n<p class=\"wp-block-paragraph\">Olay, Marmaraere\u011flisi il\u00e7esine ba\u011fl\u0131 Yeni\u00e7iftlik Mahallesi&#8217;nde meydana geldi. Bir evin 3&#8217;\u00fcnc\u00fc kat balkonunda s\u0131k\u0131\u015fan kargay\u0131 fark eden vatanda\u015flar durumu Tekirda\u011f B\u00fcy\u00fck\u015fehir Belediyesi&nbsp;<a href=\"https:\/\/www.sondakika.com\/itfaiye\/\">\u0130tfaiye<\/a>&nbsp;Dairesi Ba\u015fkanl\u0131\u011f\u0131 ekiplerine bildirdi. \u0130hbar \u00fczerine olay yerine gelen itfaiye ekipleri, merdivenli ara\u00e7 yard\u0131m\u0131yla balkona ula\u015ft\u0131. Ekiplerin dikkatli \u00e7al\u0131\u015fmas\u0131 sonucu bulundu\u011fu yerden \u00e7\u0131kar\u0131lan karga, herhangi bir zarar g\u00f6rmedi\u011fi belirlenmesinin ard\u0131ndan serbest b\u0131rak\u0131ld\u0131. Kurtar\u0131lan karga, k\u0131sa s\u00fcre bekledikten sonra kanat \u00e7\u0131rparak u\u00e7up g\u00f6zden kayboldu.<\/p>\n\n\n\n<p class=\"wp-block-paragraph\">Vatanda\u015flar, duyarl\u0131 \u00e7al\u0131\u015fmalar\u0131 nedeniyle itfaiye ekiplerine te\u015fekk\u00fcr etti. &#8211; TEK\u0130RDA\u011e<\/p>\n","protected":false},"excerpt":{"rendered":"<p>Tekirda\u011f&#8217;\u0131n Marmaraere\u011flisi il\u00e7esinde bir evin 3. kat balkonunda s\u0131k\u0131\u015fan karga, itfaiye ekiplerince kurtar\u0131larak do\u011faya sal\u0131nd\u0131&#8230;.<\/p>\n","protected":false},"author":1,"featured_media":1746,"comment_status":"closed","ping_status":"closed","sticky":false,"template":"","format":"standard","meta":{"footnotes":""},"categories":[8],"tags":[],"ppma_author":[57],"class_list":["post-1745","post","type-post","status-publish","format-standard","has-post-thumbnail","hentry","category-marmara-eregilisi"],"authors":[{"term_id":57,"user_id":1,"is_guest":0,"slug":"admin","display_name":"Alp Aslan","avatar_url":"https:\/\/secure.gravatar.com\/avatar\/07c18c5ad3350b025db8f3328450e071acb435c703e565899c880c63362f137a?s=96&d=mm&r=g","author_category":"1","first_name":"Alp Aslan","last_name":"ER\u0130N","user_url":"http:\/\/www.gundem59.com.tr","job_title":"","description":""}],"_links":{"self":[{"href":"https:\/\/gundem59.com.tr\/index.php?rest_route=\/wp\/v2\/posts\/1745","targetHints":{"allow":["GET"]}}],"collection":[{"href":"https:\/\/gundem59.com.tr\/index.php?rest_route=\/wp\/v2\/posts"}],"about":[{"href":"https:\/\/gundem59.com.tr\/index.php?rest_route=\/wp\/v2\/types\/post"}],"author":[{"embeddable":true,"href":"https:\/\/gundem59.com.tr\/index.php?rest_route=\/wp\/v2\/users\/1"}],"replies":[{"embeddable":true,"href":"https:\/\/gundem59.com.tr\/index.php?rest_route=%2Fwp%2Fv2%2Fcomments&post=1745"}],"version-history":[{"count":1,"href":"https:\/\/gundem59.com.tr\/index.php?rest_route=\/wp\/v2\/posts\/1745\/revisions"}],"predecessor-version":[{"id":1747,"href":"https:\/\/gundem59.com.tr\/index.php?rest_route=\/wp\/v2\/posts\/1745\/revisions\/1747"}],"wp:featuredmedia":[{"embeddable":true,"href":"https:\/\/gundem59.com.tr\/index.php?rest_route=\/wp\/v2\/media\/1746"}],"wp:attachment":[{"href":"https:\/\/gundem59.com.tr\/index.php?rest_route=%2Fwp%2Fv2%2Fmedia&parent=1745"}],"wp:term":[{"taxonomy":"category","embeddable":true,"href":"https:\/\/gundem59.com.tr\/index.php?rest_route=%2Fwp%2Fv2%2Fcategories&post=1745"},{"taxonomy":"post_tag","embeddable":true,"href":"https:\/\/gundem59.com.tr\/index.php?rest_route=%2Fwp%2Fv2%2Ftags&post=1745"},{"taxonomy":"author","embeddable":true,"href":"https:\/\/gundem59.com.tr\/index.php?rest_route=%2Fwp%2Fv2%2Fppma_author&post=1745"}],"curies":[{"name":"wp","href":"https:\/\/api.w.org\/{rel}","templated":true}]}}