{"id":1692,"date":"2026-06-07T11:51:06","date_gmt":"2026-06-07T11:51:06","guid":{"rendered":"https:\/\/gundem59.com.tr\/?p=1692"},"modified":"2026-06-07T11:51:06","modified_gmt":"2026-06-07T11:51:06","slug":"kapaklida-otomobil-motosiklet-kazasi-2-yarali","status":"publish","type":"post","link":"https:\/\/gundem59.com.tr\/?p=1692","title":{"rendered":"Kapakl\u0131&#8217;da otomobil-motosiklet kazas\u0131: 2 yaral\u0131"},"content":{"rendered":"\n<p class=\"wp-block-paragraph\">Tekirda\u011f Kapakl\u0131&#8217;da otomobil ile motosiklet \u00e7arp\u0131\u015ft\u0131, 2 ki\u015fi yaraland\u0131, hastaneye kald\u0131r\u0131ld\u0131.<\/p>\n\n\n\n<p class=\"wp-block-paragraph\"><a href=\"https:\/\/www.sondakika.com\/tekirdag\/\">Tekirda\u011f<\/a>&#8216;\u0131n Kapakl\u0131 il\u00e7esinde otomobil ile motosikletin \u00e7arp\u0131\u015fmas\u0131 sonucu meydana gelen trafik kazas\u0131nda motosiklet s\u00fcr\u00fcc\u00fcs\u00fc ve motosiklette yolcu olarak bulunan bir ki\u015fi yaraland\u0131.<\/p>\n\n\n\n<p class=\"wp-block-paragraph\">Ya\u015fanan kaza, \u00c7erkezk\u00f6y Organize Sanayi B\u00f6lgesi (\u00c7OSB) \u00fcst ge\u00e7itinde meydana geldi. \u00c7OSB istikametinde ilerleyen A.M. idaresindeki otomobil ile A.\u0130. idaresindeki motosiklet \u00e7arp\u0131\u015ft\u0131. Kazada motosiklet devrilerek bariyerlere \u00e7arpt\u0131.<\/p>\n\n\n\n<p class=\"wp-block-paragraph\">Kazay\u0131 g\u00f6renlerin ihbar\u0131 \u00fczerine b\u00f6lgeye 112 ekipleri sevk edildi. Olay yerine gelen sa\u011fl\u0131k ekipleri, kazada yaralanan motosiklette yolcu olarak bulunan N.\u0130.&#8217;yi ambulans ile Kapakl\u0131 Devlet Hastanesi&#8217;ne kald\u0131r\u0131rken A.\u0130.&#8217;ye olay yerinde m\u00fcdahale etti.<\/p>\n\n\n\n<p class=\"wp-block-paragraph\">Polis ekipleri ya\u015fanan kazayla ilgili inceleme ba\u015flatt\u0131. &#8211; TEK\u0130RDA\u011e<\/p>\n","protected":false},"excerpt":{"rendered":"<p>Tekirda\u011f Kapakl\u0131&#8217;da otomobil ile motosiklet \u00e7arp\u0131\u015ft\u0131, 2 ki\u015fi yaraland\u0131, hastaneye kald\u0131r\u0131ld\u0131. Tekirda\u011f&#8216;\u0131n Kapakl\u0131 il\u00e7esinde otomobil&#8230;<\/p>\n","protected":false},"author":1,"featured_media":1693,"comment_status":"closed","ping_status":"closed","sticky":false,"template":"","format":"standard","meta":{"footnotes":""},"categories":[7],"tags":[],"ppma_author":[57],"class_list":["post-1692","post","type-post","status-publish","format-standard","has-post-thumbnail","hentry","category-kapakli"],"authors":[{"term_id":57,"user_id":1,"is_guest":0,"slug":"admin","display_name":"Alp Aslan","avatar_url":"https:\/\/secure.gravatar.com\/avatar\/07c18c5ad3350b025db8f3328450e071acb435c703e565899c880c63362f137a?s=96&d=mm&r=g","author_category":"1","first_name":"Alp Aslan","last_name":"ER\u0130N","user_url":"http:\/\/www.gundem59.com.tr","job_title":"","description":""}],"_links":{"self":[{"href":"https:\/\/gundem59.com.tr\/index.php?rest_route=\/wp\/v2\/posts\/1692","targetHints":{"allow":["GET"]}}],"collection":[{"href":"https:\/\/gundem59.com.tr\/index.php?rest_route=\/wp\/v2\/posts"}],"about":[{"href":"https:\/\/gundem59.com.tr\/index.php?rest_route=\/wp\/v2\/types\/post"}],"author":[{"embeddable":true,"href":"https:\/\/gundem59.com.tr\/index.php?rest_route=\/wp\/v2\/users\/1"}],"replies":[{"embeddable":true,"href":"https:\/\/gundem59.com.tr\/index.php?rest_route=%2Fwp%2Fv2%2Fcomments&post=1692"}],"version-history":[{"count":1,"href":"https:\/\/gundem59.com.tr\/index.php?rest_route=\/wp\/v2\/posts\/1692\/revisions"}],"predecessor-version":[{"id":1694,"href":"https:\/\/gundem59.com.tr\/index.php?rest_route=\/wp\/v2\/posts\/1692\/revisions\/1694"}],"wp:featuredmedia":[{"embeddable":true,"href":"https:\/\/gundem59.com.tr\/index.php?rest_route=\/wp\/v2\/media\/1693"}],"wp:attachment":[{"href":"https:\/\/gundem59.com.tr\/index.php?rest_route=%2Fwp%2Fv2%2Fmedia&parent=1692"}],"wp:term":[{"taxonomy":"category","embeddable":true,"href":"https:\/\/gundem59.com.tr\/index.php?rest_route=%2Fwp%2Fv2%2Fcategories&post=1692"},{"taxonomy":"post_tag","embeddable":true,"href":"https:\/\/gundem59.com.tr\/index.php?rest_route=%2Fwp%2Fv2%2Ftags&post=1692"},{"taxonomy":"author","embeddable":true,"href":"https:\/\/gundem59.com.tr\/index.php?rest_route=%2Fwp%2Fv2%2Fppma_author&post=1692"}],"curies":[{"name":"wp","href":"https:\/\/api.w.org\/{rel}","templated":true}]}}