{"id":1689,"date":"2026-06-07T11:49:06","date_gmt":"2026-06-07T11:49:06","guid":{"rendered":"https:\/\/gundem59.com.tr\/?p=1689"},"modified":"2026-06-07T11:49:07","modified_gmt":"2026-06-07T11:49:07","slug":"hayvancilikta-destekleme-ziyareti","status":"publish","type":"post","link":"https:\/\/gundem59.com.tr\/?p=1689","title":{"rendered":"Hayvanc\u0131l\u0131kta Destekleme Ziyareti"},"content":{"rendered":"\n<p class=\"wp-block-paragraph\">Mehmet Aksoy, Tekirda\u011f&#8217;da hayvanc\u0131l\u0131k i\u015fletmesini ziyaret ederek sekt\u00f6r sorunlar\u0131n\u0131 dinledi.<\/p>\n\n\n\n<p class=\"wp-block-paragraph\"><a href=\"https:\/\/www.sondakika.com\/tekirdag\/\">Tekirda\u011f<\/a>&nbsp;\u0130l Tar\u0131m ve Orman M\u00fcd\u00fcr\u00fc&nbsp;<a href=\"https:\/\/www.sondakika.com\/mehmet-aksoy\/\">Mehmet Aksoy<\/a>, Malkara il\u00e7esine ba\u011fl\u0131 Karacahalil Mahallesi&#8217;nde faaliyet g\u00f6steren bir hayvanc\u0131l\u0131k i\u015fletmesini ziyaret ederek \u00fcretim faaliyetlerini yerinde inceledi.<\/p>\n\n\n\n<p class=\"wp-block-paragraph\">\u0130l Tar\u0131m ve Orman M\u00fcd\u00fcrl\u00fc\u011f\u00fc taraf\u0131ndan s\u00fcrd\u00fcr\u00fclen saha \u00e7al\u0131\u015fmalar\u0131 kapsam\u0131nda ger\u00e7ekle\u015ftirilen ziyarette, i\u015fletmenin mevcut durumu, \u00fcretim kapasitesi, hayvan varl\u0131\u011f\u0131 ve y\u00fcr\u00fct\u00fclen hayvanc\u0131l\u0131k faaliyetleri hakk\u0131nda bilgi al\u0131nd\u0131. \u0130\u015fletme yetkilileriyle bir araya gelen Aksoy, \u00fcreticilerin talep ve beklentilerini dinleyerek sekt\u00f6rde kar\u015f\u0131la\u015f\u0131lan sorunlar \u00fczerine de\u011ferlendirmelerde bulundu.<\/p>\n\n\n\n<p class=\"wp-block-paragraph\">Ziyaret s\u0131ras\u0131nda Tar\u0131m ve Orman Bakanl\u0131\u011f\u0131 taraf\u0131ndan uygulanan hayvanc\u0131l\u0131k desteklemeleri, \u00fcretim maliyetlerinin azalt\u0131lmas\u0131na y\u00f6nelik \u00e7al\u0131\u015fmalar, hayvan sa\u011fl\u0131\u011f\u0131 hizmetleri ve verimlili\u011fin art\u0131r\u0131lmas\u0131na ili\u015fkin projeler hakk\u0131nda bilgi veren Aksoy, s\u00fcrd\u00fcr\u00fclebilir \u00fcretimin \u00f6nemine dikkat \u00e7ekti.<\/p>\n\n\n\n<p class=\"wp-block-paragraph\">Hayvanc\u0131l\u0131k sekt\u00f6r\u00fcn\u00fcn hem g\u0131da arz g\u00fcvenli\u011fi hem de k\u0131rsal kalk\u0131nma a\u00e7\u0131s\u0131ndan stratejik bir \u00f6neme sahip oldu\u011funu belirten Aksoy, \u00fcreticilerin daha g\u00fc\u00e7l\u00fc ve rekabet\u00e7i bir yap\u0131ya kavu\u015fmas\u0131 i\u00e7in bakanl\u0131k desteklerinin devam etti\u011fini ifade etti.<\/p>\n\n\n\n<p class=\"wp-block-paragraph\">\u0130l Tar\u0131m ve Orman M\u00fcd\u00fcrl\u00fc\u011f\u00fc ekiplerinin sahada \u00fcreticilerle s\u00fcrekli ileti\u015fim halinde oldu\u011funu vurgulayan Aksoy, \u00fcretimin devaml\u0131l\u0131\u011f\u0131n\u0131n sa\u011flanmas\u0131, hayvansal \u00fcretimde verim ve kalite standartlar\u0131n\u0131n y\u00fckseltilmesi amac\u0131yla teknik destek ve bilgilendirme \u00e7al\u0131\u015fmalar\u0131n\u0131 s\u00fcrd\u00fcrd\u00fcklerini kaydetti. &#8211; TEK\u0130RDA\u011e<\/p>\n","protected":false},"excerpt":{"rendered":"<p>Mehmet Aksoy, Tekirda\u011f&#8217;da hayvanc\u0131l\u0131k i\u015fletmesini ziyaret ederek sekt\u00f6r sorunlar\u0131n\u0131 dinledi. Tekirda\u011f&nbsp;\u0130l Tar\u0131m ve Orman M\u00fcd\u00fcr\u00fc&nbsp;Mehmet&#8230;<\/p>\n","protected":false},"author":1,"featured_media":1690,"comment_status":"closed","ping_status":"closed","sticky":false,"template":"","format":"standard","meta":{"footnotes":""},"categories":[9,1],"tags":[],"ppma_author":[57],"class_list":["post-1689","post","type-post","status-publish","format-standard","has-post-thumbnail","hentry","category-malkara","category-tekirdag-gundemi"],"authors":[{"term_id":57,"user_id":1,"is_guest":0,"slug":"admin","display_name":"Alp Aslan","avatar_url":"https:\/\/secure.gravatar.com\/avatar\/07c18c5ad3350b025db8f3328450e071acb435c703e565899c880c63362f137a?s=96&d=mm&r=g","author_category":"1","first_name":"Alp Aslan","last_name":"ER\u0130N","user_url":"http:\/\/www.gundem59.com.tr","job_title":"","description":""}],"_links":{"self":[{"href":"https:\/\/gundem59.com.tr\/index.php?rest_route=\/wp\/v2\/posts\/1689","targetHints":{"allow":["GET"]}}],"collection":[{"href":"https:\/\/gundem59.com.tr\/index.php?rest_route=\/wp\/v2\/posts"}],"about":[{"href":"https:\/\/gundem59.com.tr\/index.php?rest_route=\/wp\/v2\/types\/post"}],"author":[{"embeddable":true,"href":"https:\/\/gundem59.com.tr\/index.php?rest_route=\/wp\/v2\/users\/1"}],"replies":[{"embeddable":true,"href":"https:\/\/gundem59.com.tr\/index.php?rest_route=%2Fwp%2Fv2%2Fcomments&post=1689"}],"version-history":[{"count":1,"href":"https:\/\/gundem59.com.tr\/index.php?rest_route=\/wp\/v2\/posts\/1689\/revisions"}],"predecessor-version":[{"id":1691,"href":"https:\/\/gundem59.com.tr\/index.php?rest_route=\/wp\/v2\/posts\/1689\/revisions\/1691"}],"wp:featuredmedia":[{"embeddable":true,"href":"https:\/\/gundem59.com.tr\/index.php?rest_route=\/wp\/v2\/media\/1690"}],"wp:attachment":[{"href":"https:\/\/gundem59.com.tr\/index.php?rest_route=%2Fwp%2Fv2%2Fmedia&parent=1689"}],"wp:term":[{"taxonomy":"category","embeddable":true,"href":"https:\/\/gundem59.com.tr\/index.php?rest_route=%2Fwp%2Fv2%2Fcategories&post=1689"},{"taxonomy":"post_tag","embeddable":true,"href":"https:\/\/gundem59.com.tr\/index.php?rest_route=%2Fwp%2Fv2%2Ftags&post=1689"},{"taxonomy":"author","embeddable":true,"href":"https:\/\/gundem59.com.tr\/index.php?rest_route=%2Fwp%2Fv2%2Fppma_author&post=1689"}],"curies":[{"name":"wp","href":"https:\/\/api.w.org\/{rel}","templated":true}]}}