{"id":1686,"date":"2026-06-07T11:46:54","date_gmt":"2026-06-07T11:46:54","guid":{"rendered":"https:\/\/gundem59.com.tr\/?p=1686"},"modified":"2026-06-07T11:46:54","modified_gmt":"2026-06-07T11:46:54","slug":"tekirdagda-adliye-ve-egitim-ziyaretleri","status":"publish","type":"post","link":"https:\/\/gundem59.com.tr\/?p=1686","title":{"rendered":"Tekirda\u011f&#8217;da Adliye ve E\u011fitim Ziyaretleri"},"content":{"rendered":"\n<p class=\"wp-block-paragraph\">HSK \u00dcyesi Yurtsever Tekirda\u011f Adliyesi&#8217;ni ziyaret etti, Y\u00fcceer \u00f6\u011frencilerle bir araya geldi.<\/p>\n\n\n\n<p class=\"wp-block-paragraph\">Hakimler ve Savc\u0131lar Kurulu (HSK) 1. Daire \u00dcyesi Havvanur Yurtsever,&nbsp;<a href=\"https:\/\/www.sondakika.com\/tekirdag-adliyesi\/\">Tekirda\u011f Adliyesi<\/a>&#8216;ni ziyaret etti.<\/p>\n\n\n\n<p class=\"wp-block-paragraph\">Yurtsever, Tekirda\u011f Cumhuriyet Ba\u015fsavc\u0131s\u0131 Erdal \u015eenol, Tekirda\u011f Adalet Komisyonu Ba\u015fkan\u0131 Kadriye Atalay Kahraman ve Tekirda\u011f \u0130dare Mahkemesi Ba\u015fkan\u0131 Ahmet Eray P\u0131nar ile bir araya geldi.<\/p>\n\n\n\n<p class=\"wp-block-paragraph\">Adliyedeki ziyaret kapsam\u0131nda g\u00f6r\u00fc\u015f al\u0131\u015fveri\u015finde bulunuldu.<\/p>\n\n\n\n<p class=\"wp-block-paragraph\">Y\u00fcceer, TEK Gen\u00e7 Akademi&#8217;de \u00f6\u011frencilerle bir araya geldi<\/p>\n\n\n\n<p class=\"wp-block-paragraph\">Tekirda\u011f B\u00fcy\u00fck\u015fehir&nbsp;<a href=\"https:\/\/www.sondakika.com\/belediye\/\">Belediye<\/a>&nbsp;Ba\u015fkan\u0131 Candan Y\u00fcceer, TEK Gen\u00e7 Akademi&#8217;de \u00f6\u011frenciler ve e\u011fitmenlerle bir araya geldi.<\/p>\n\n\n\n<p class=\"wp-block-paragraph\">Programda \u00f6\u011frenciler ve e\u011fitmenlerle g\u00f6r\u00fc\u015fen Y\u00fcceer, e\u011fitim faaliyetlerine ili\u015fkin de\u011ferlendirmelerde bulundu.<\/p>\n\n\n\n<p class=\"wp-block-paragraph\">Y\u00fcceer, s\u0131nav s\u00fcrecine girecek \u00f6\u011frencilere ba\u015far\u0131 diledi.<\/p>\n\n\n\n<p class=\"wp-block-paragraph\">S\u00fcleymanpa\u015fa Belediyesi seralar\u0131nda ilk hasat yap\u0131ld\u0131<\/p>\n\n\n\n<p class=\"wp-block-paragraph\">S\u00fcleymanpa\u015fa Belediyesine ait seralarda yeti\u015ftirilen sebzelerde sezonun ilk hasad\u0131 yap\u0131ld\u0131.<\/p>\n\n\n\n<p class=\"wp-block-paragraph\">Belediyeden yap\u0131lan a\u00e7\u0131klamaya g\u00f6re, ihtiya\u00e7 sahibi ailelere ula\u015ft\u0131r\u0131lan yemeklerde kullan\u0131lan sebzelerin bir b\u00f6l\u00fcm\u00fc belediyeye ait 45 serada \u00fcretiliyor.<\/p>\n\n\n\n<p class=\"wp-block-paragraph\">Seralarda belediye personeli taraf\u0131ndan yeti\u015ftirilen salatal\u0131k, patates, marul, domates, so\u011fan, maydanoz, patl\u0131can ve biber gibi \u00fcr\u00fcnler, belediye a\u015fevinde haz\u0131rlanan yemeklerde de\u011ferlendiriliyor.<\/p>\n\n\n\n<p class=\"wp-block-paragraph\">\u00dcretilen sebzeler, a\u015fevi arac\u0131l\u0131\u011f\u0131yla ihtiya\u00e7 sahibi ailelere ula\u015ft\u0131r\u0131lan yemeklerin haz\u0131rlanmas\u0131nda kullan\u0131l\u0131yor.<\/p>\n","protected":false},"excerpt":{"rendered":"<p>HSK \u00dcyesi Yurtsever Tekirda\u011f Adliyesi&#8217;ni ziyaret etti, Y\u00fcceer \u00f6\u011frencilerle bir araya geldi. Hakimler ve Savc\u0131lar&#8230;<\/p>\n","protected":false},"author":1,"featured_media":1687,"comment_status":"closed","ping_status":"closed","sticky":false,"template":"","format":"standard","meta":{"footnotes":""},"categories":[1],"tags":[],"ppma_author":[57],"class_list":["post-1686","post","type-post","status-publish","format-standard","has-post-thumbnail","hentry","category-tekirdag-gundemi"],"authors":[{"term_id":57,"user_id":1,"is_guest":0,"slug":"admin","display_name":"Alp Aslan","avatar_url":"https:\/\/secure.gravatar.com\/avatar\/07c18c5ad3350b025db8f3328450e071acb435c703e565899c880c63362f137a?s=96&d=mm&r=g","author_category":"1","first_name":"Alp Aslan","last_name":"ER\u0130N","user_url":"http:\/\/www.gundem59.com.tr","job_title":"","description":""}],"_links":{"self":[{"href":"https:\/\/gundem59.com.tr\/index.php?rest_route=\/wp\/v2\/posts\/1686","targetHints":{"allow":["GET"]}}],"collection":[{"href":"https:\/\/gundem59.com.tr\/index.php?rest_route=\/wp\/v2\/posts"}],"about":[{"href":"https:\/\/gundem59.com.tr\/index.php?rest_route=\/wp\/v2\/types\/post"}],"author":[{"embeddable":true,"href":"https:\/\/gundem59.com.tr\/index.php?rest_route=\/wp\/v2\/users\/1"}],"replies":[{"embeddable":true,"href":"https:\/\/gundem59.com.tr\/index.php?rest_route=%2Fwp%2Fv2%2Fcomments&post=1686"}],"version-history":[{"count":1,"href":"https:\/\/gundem59.com.tr\/index.php?rest_route=\/wp\/v2\/posts\/1686\/revisions"}],"predecessor-version":[{"id":1688,"href":"https:\/\/gundem59.com.tr\/index.php?rest_route=\/wp\/v2\/posts\/1686\/revisions\/1688"}],"wp:featuredmedia":[{"embeddable":true,"href":"https:\/\/gundem59.com.tr\/index.php?rest_route=\/wp\/v2\/media\/1687"}],"wp:attachment":[{"href":"https:\/\/gundem59.com.tr\/index.php?rest_route=%2Fwp%2Fv2%2Fmedia&parent=1686"}],"wp:term":[{"taxonomy":"category","embeddable":true,"href":"https:\/\/gundem59.com.tr\/index.php?rest_route=%2Fwp%2Fv2%2Fcategories&post=1686"},{"taxonomy":"post_tag","embeddable":true,"href":"https:\/\/gundem59.com.tr\/index.php?rest_route=%2Fwp%2Fv2%2Ftags&post=1686"},{"taxonomy":"author","embeddable":true,"href":"https:\/\/gundem59.com.tr\/index.php?rest_route=%2Fwp%2Fv2%2Fppma_author&post=1686"}],"curies":[{"name":"wp","href":"https:\/\/api.w.org\/{rel}","templated":true}]}}