{"id":1683,"date":"2026-06-07T11:44:46","date_gmt":"2026-06-07T11:44:46","guid":{"rendered":"https:\/\/gundem59.com.tr\/?p=1683"},"modified":"2026-06-07T11:44:47","modified_gmt":"2026-06-07T11:44:47","slug":"175-cift-06-06-2026da-evlendi","status":"publish","type":"post","link":"https:\/\/gundem59.com.tr\/?p=1683","title":{"rendered":"175 \u00c7ift 06.06.2026&#8217;da Evlendi"},"content":{"rendered":"\n<p class=\"wp-block-paragraph\">Edirne, Tekirda\u011f ve K\u0131rklareli&#8217;nde 175 \u00e7ift, 06.06.2026 tarihini se\u00e7erek nikah masas\u0131na oturdu.<\/p>\n\n\n\n<p class=\"wp-block-paragraph\"><a href=\"https:\/\/www.sondakika.com\/edirne\/\">Edirne<\/a>,&nbsp;<a href=\"https:\/\/www.sondakika.com\/tekirdag\/\">Tekirda\u011f<\/a>&nbsp;ve&nbsp;<a href=\"https:\/\/www.sondakika.com\/kirklareli\/\">K\u0131rklareli<\/a>&#8216;nde &#8220;06.06.2026&#8221;da nikah k\u0131ymak isteyen 175 \u00e7ift, d\u00fczenlenen t\u00f6renlerle hayatlar\u0131n\u0131 birle\u015ftirmenin mutlulu\u011funu ya\u015fad\u0131.<\/p>\n\n\n\n<p class=\"wp-block-paragraph\">Edirne ve il\u00e7elerinde nikah tarihlerinin \u00f6zel bir g\u00fcn olmas\u0131n\u0131 talep eden 50 \u00e7ift, belediyenin evlendirme birimine m\u00fcracaat etti.<\/p>\n\n\n\n<p class=\"wp-block-paragraph\">Ald\u0131klar\u0131 randevu sonras\u0131 bug\u00fcn nikah masas\u0131na oturan \u00e7iftler, &#8220;evet&#8221; diyerek hayatlar\u0131n\u0131 birle\u015ftirdi.<\/p>\n\n\n\n<p class=\"wp-block-paragraph\">Nikah t\u00f6renlerine kat\u0131lan aileler de \u00e7iftlerin bu \u00f6zel g\u00fcnde ya\u015fad\u0131klar\u0131 mutlulu\u011fa ortak oldu.<\/p>\n\n\n\n<p class=\"wp-block-paragraph\">\u00c7iftlerin &#8220;06.06.2026&#8221;y\u0131 tercih etmesi nikah salonlar\u0131nda yo\u011funlu\u011fa yol a\u00e7t\u0131.<\/p>\n\n\n\n<p class=\"wp-block-paragraph\">Edirne evlenen \u00e7iftlerden Elife Onursal AA muhabirine, bu tarihte evlenmeyi \u00e7ok istediklerini s\u00f6yledi.<\/p>\n\n\n\n<p class=\"wp-block-paragraph\">Rakamsal olarak uyumlu bir g\u00fcnde nikahlar\u0131n\u0131n k\u0131y\u0131ld\u0131\u011f\u0131n\u0131 belirten Onursal, &#8220;E\u015fime kolayl\u0131k olsun diye bu tarihi istemi\u015ftim, evlilik y\u0131l d\u00f6n\u00fcm\u00fcm\u00fcz\u00fc hi\u00e7bir zaman unutmaz.&nbsp;<a href=\"https:\/\/www.sondakika.com\/evlilik\/\">Evlilik<\/a>&nbsp;g\u00fczel ve stresli bir s\u00fcre\u00e7, umar\u0131m herkes \u00e7ok mutlu olur umar\u0131m herkes hayat\u0131n\u0131n a\u015fk\u0131yla evleniyordur. Ben \u00f6yle yapt\u0131m. Herkese mutluluklar diliyoruz.&#8221; dedi.<\/p>\n\n\n\n<p class=\"wp-block-paragraph\">Damat Onur Y\u0131ld\u0131z da \u00f6zel bir g\u00fcnde evlendikleri i\u00e7in \u00e7ok mutlu ve heyecanl\u0131 olduklar\u0131n\u0131 belirterek, &#8220;Zor yollar\u0131 ge\u00e7erek bunu ba\u015fard\u0131k, bir hayat boyu da ba\u015faraca\u011f\u0131z. T\u00fcm \u00e7iftlere mutluluklar diliyoruz. Bug\u00fcn\u00fcn tarihi \u00f6nemli bunun i\u00e7in \u00e7ok u\u011fra\u015ft\u0131k, \u015fans\u0131m\u0131z g\u00fczel gitti, in\u015fallah bir \u00f6m\u00fcr boyu da b\u00f6yle s\u00fcrecek.&#8221; \u015feklinde konu\u015ftu.<\/p>\n\n\n\n<p class=\"wp-block-paragraph\">Tekirda\u011f ve K\u0131rklareli<\/p>\n\n\n\n<p class=\"wp-block-paragraph\">Tekirda\u011f&#8217;da ise 105 \u00e7iftin nikah\u0131 k\u0131y\u0131ld\u0131.<\/p>\n\n\n\n<p class=\"wp-block-paragraph\">S\u00fcleymanpa\u015fa Belediye Ba\u015fkan\u0131 Volkan Nallar, nikah dairelerinde yo\u011fun bir g\u00fcn ya\u015fand\u0131\u011f\u0131n\u0131 s\u00f6yledi.<\/p>\n\n\n\n<p class=\"wp-block-paragraph\">Bug\u00fcn\u00fcn \u00e7iftler i\u00e7in ayr\u0131 bir anlam ta\u015f\u0131d\u0131\u011f\u0131n\u0131 ifade eden Nallar, g\u00fcn boyunca \u00e7ok say\u0131da nikah t\u00f6reni ger\u00e7ekle\u015ftirdiklerini kaydetti.<\/p>\n\n\n\n<p class=\"wp-block-paragraph\">Nalllar, konu\u015fmas\u0131n\u0131n ard\u0131ndan K\u0131ras ve Arabul \u00e7iftlerinin nikahlar\u0131n\u0131 k\u0131yd\u0131.<\/p>\n\n\n\n<p class=\"wp-block-paragraph\">K\u0131rklareli&#8217;nde de 20 \u00e7ift nikah t\u00f6reni i\u00e7in bu \u00f6zel g\u00fcn\u00fc tercih etti.<\/p>\n","protected":false},"excerpt":{"rendered":"<p>Edirne, Tekirda\u011f ve K\u0131rklareli&#8217;nde 175 \u00e7ift, 06.06.2026 tarihini se\u00e7erek nikah masas\u0131na oturdu. Edirne,&nbsp;Tekirda\u011f&nbsp;ve&nbsp;K\u0131rklareli&#8216;nde &#8220;06.06.2026&#8221;da nikah&#8230;<\/p>\n","protected":false},"author":1,"featured_media":1684,"comment_status":"closed","ping_status":"closed","sticky":false,"template":"","format":"standard","meta":{"footnotes":""},"categories":[1],"tags":[],"ppma_author":[57],"class_list":["post-1683","post","type-post","status-publish","format-standard","has-post-thumbnail","hentry","category-tekirdag-gundemi"],"authors":[{"term_id":57,"user_id":1,"is_guest":0,"slug":"admin","display_name":"Alp Aslan","avatar_url":"https:\/\/secure.gravatar.com\/avatar\/07c18c5ad3350b025db8f3328450e071acb435c703e565899c880c63362f137a?s=96&d=mm&r=g","author_category":"1","first_name":"Alp Aslan","last_name":"ER\u0130N","user_url":"http:\/\/www.gundem59.com.tr","job_title":"","description":""}],"_links":{"self":[{"href":"https:\/\/gundem59.com.tr\/index.php?rest_route=\/wp\/v2\/posts\/1683","targetHints":{"allow":["GET"]}}],"collection":[{"href":"https:\/\/gundem59.com.tr\/index.php?rest_route=\/wp\/v2\/posts"}],"about":[{"href":"https:\/\/gundem59.com.tr\/index.php?rest_route=\/wp\/v2\/types\/post"}],"author":[{"embeddable":true,"href":"https:\/\/gundem59.com.tr\/index.php?rest_route=\/wp\/v2\/users\/1"}],"replies":[{"embeddable":true,"href":"https:\/\/gundem59.com.tr\/index.php?rest_route=%2Fwp%2Fv2%2Fcomments&post=1683"}],"version-history":[{"count":1,"href":"https:\/\/gundem59.com.tr\/index.php?rest_route=\/wp\/v2\/posts\/1683\/revisions"}],"predecessor-version":[{"id":1685,"href":"https:\/\/gundem59.com.tr\/index.php?rest_route=\/wp\/v2\/posts\/1683\/revisions\/1685"}],"wp:featuredmedia":[{"embeddable":true,"href":"https:\/\/gundem59.com.tr\/index.php?rest_route=\/wp\/v2\/media\/1684"}],"wp:attachment":[{"href":"https:\/\/gundem59.com.tr\/index.php?rest_route=%2Fwp%2Fv2%2Fmedia&parent=1683"}],"wp:term":[{"taxonomy":"category","embeddable":true,"href":"https:\/\/gundem59.com.tr\/index.php?rest_route=%2Fwp%2Fv2%2Fcategories&post=1683"},{"taxonomy":"post_tag","embeddable":true,"href":"https:\/\/gundem59.com.tr\/index.php?rest_route=%2Fwp%2Fv2%2Ftags&post=1683"},{"taxonomy":"author","embeddable":true,"href":"https:\/\/gundem59.com.tr\/index.php?rest_route=%2Fwp%2Fv2%2Fppma_author&post=1683"}],"curies":[{"name":"wp","href":"https:\/\/api.w.org\/{rel}","templated":true}]}}