{"id":1677,"date":"2026-06-07T11:40:18","date_gmt":"2026-06-07T11:40:18","guid":{"rendered":"https:\/\/gundem59.com.tr\/?p=1677"},"modified":"2026-06-07T11:40:18","modified_gmt":"2026-06-07T11:40:18","slug":"bakan-uraloglu-kinali-malkara-otoyolu-ile-istanbul-canakkale-2-saate-dusecek","status":"publish","type":"post","link":"https:\/\/gundem59.com.tr\/?p=1677","title":{"rendered":"Bakan Uralo\u011flu: K\u0131nal\u0131-Malkara Otoyolu ile \u0130stanbul-\u00c7anakkale 2 saate d\u00fc\u015fecek"},"content":{"rendered":"\n<p class=\"wp-block-paragraph\">Ula\u015ft\u0131rma ve Altyap\u0131 Bakan\u0131 Abdulkadir Uralo\u011flu, \u0130stanbul ile \u00c7anakkale aras\u0131n\u0131 2 saate d\u00fc\u015f\u00fcrecek projenin detaylar\u0131n\u0131 a\u00e7\u0131klad\u0131. Uralo\u011flu, &#8220;Ge\u00e7en y\u0131l da 1915 \u00c7anakkale K\u00f6pr\u00fcs\u00fc ve Malkara-\u00c7anakkale Otoyolu&#8217;nun \u0130stanbul&#8217;a kadar ula\u015fmas\u0131n\u0131 sa\u011flayacak K\u0131nal\u0131-Malkara Otoyolu yap\u0131m \u00e7al\u0131\u015fmalar\u0131n\u0131 ba\u015flatt\u0131k. Bu yol sayesinde \u0130stanbul-Tekirda\u011f aras\u0131ndaki ula\u015f\u0131m 1 saatin alt\u0131na, \u0130stanbul-\u00c7anakkale aras\u0131 ula\u015f\u0131m s\u00fcresi ise 3,5 saatten 2 saate d\u00fc\u015fecek.&#8221; ifadelerini kulland\u0131.<\/p>\n\n\n\n<p class=\"wp-block-paragraph\"><a href=\"https:\/\/www.sondakika.com\/ulastirma-ve-altyapi-bakani\/\">Ula\u015ft\u0131rma ve Altyap\u0131 Bakan\u0131<\/a>&nbsp;Abdulkadir Uralo\u011flu, &#8220;Ge\u00e7en y\u0131l da&nbsp;<a href=\"https:\/\/www.sondakika.com\/1915-canakkale-koprusu\/\">1915 \u00c7anakkale K\u00f6pr\u00fcs\u00fc<\/a>&nbsp;ve Malkara-\u00c7anakkale Otoyolu&#8217;nun&nbsp;<a href=\"https:\/\/www.sondakika.com\/istanbul\/\">\u0130stanbul<\/a>&#8216;a kadar ula\u015fmas\u0131n\u0131 sa\u011flayacak K\u0131nal\u0131-Malkara Otoyolu yap\u0131m \u00e7al\u0131\u015fmalar\u0131n\u0131 ba\u015flatt\u0131k. Bu yol sayesinde \u0130stanbul-&nbsp;<a href=\"https:\/\/www.sondakika.com\/tekirdag\/\">Tekirda\u011f<\/a>&nbsp;aras\u0131ndaki ula\u015f\u0131m 1 saatin alt\u0131na, \u0130stanbul-\u00c7anakkale aras\u0131 ula\u015f\u0131m s\u00fcresi ise 3,5 saatten 2 saate d\u00fc\u015fecek.&#8221; dedi.<\/p>\n\n\n\n<h3 class=\"wp-block-heading\">URALO\u011eLU, SON ULA\u015eIM PROJELER\u0130N\u0130 ANLATTI<\/h3>\n\n\n\n<p class=\"wp-block-paragraph\">Ula\u015ft\u0131rma ve Altyap\u0131 Bakan\u0131 Abdulkadir Uralo\u011flu, \u00c7anakkale&#8217;nin Gelibolu il\u00e7esinde yap\u0131m\u0131 tamamlanan 115 TIR ve 340 otomobil kapasiteli ara\u00e7 istif alan\u0131 bulunan, toplam 43 bin 63 metrekare alana sahip yeni feribot iskelesinin a\u00e7\u0131l\u0131\u015f\u0131na kat\u0131ld\u0131. Bakan Uralo\u011flu&#8217;na, \u00c7anakkale Valisi \u00d6mer Toraman, AK Parti \u00c7anakkale Milletvekili Ayhan Gider e\u015flik etti.<\/p>\n\n\n\n<p class=\"wp-block-paragraph\">Program, sayg\u0131 duru\u015funda bulunulmas\u0131n\u0131n ard\u0131ndan \u0130stiklal Mar\u015f\u0131&#8217;n\u0131n okunmas\u0131yla ba\u015flad\u0131. \u00c7erkezk\u00f6y&#8217;de Halkal\u0131-Kap\u0131kule H\u0131zl\u0131 Tren Hatt\u0131&#8217;n\u0131n yap\u0131m \u00e7al\u0131\u015fmalar\u0131ndaki son durumu yerinde de\u011ferlendirip, ba\u015far\u0131l\u0131 bir test s\u00fcr\u00fc\u015f\u00fc ger\u00e7ekle\u015ftirdiklerini s\u00f6yleyen Bakan Uralo\u011flu \u015funlar\u0131 s\u00f6yledi: &#8220;Avrupa&#8217;ya a\u00e7\u0131lan kap\u0131m\u0131z\u0131n demir a\u011flar\u0131n\u0131 daha da g\u00fc\u00e7lendiren bu hatt\u0131n testlerinde ya\u015fad\u0131\u011f\u0131m\u0131z heyecanla, \u015fimdi \u015fehitler diyar\u0131 Gelibolu&#8217;ya, \u00c7anakkale&#8217;nin kadim topraklar\u0131na geldik. Bir yandan demir yoluyla Avrupa&#8217;y\u0131 birbirine ba\u011flarken, di\u011fer yandan deniz ula\u015f\u0131m\u0131m\u0131z\u0131 modernize ederek tarihimizin en \u015fanl\u0131 sayfalar\u0131n\u0131n yaz\u0131ld\u0131\u011f\u0131 bu yar\u0131madaya yara\u015f\u0131r eserler kazand\u0131rman\u0131n gururunu ya\u015f\u0131yoruz.&#8221;<\/p>\n\n\n\n<h3 class=\"wp-block-heading\">\u0130STANBUL&#8217;DAN \u00c7ANAKKALE&#8217;YE 2 SAATTE G\u0130D\u0130LECEK<\/h3>\n\n\n\n<p class=\"wp-block-paragraph\">Sar\u0131caeli-Teknopark Farkl\u0131 Seviyeli Kav\u015fa\u011f\u0131 ile \u00c7anakkale Onsekiz Mart \u00dcniversitesi Teknopark Yerle\u015fkesi&#8217;ne ve Sar\u0131caeli k\u00f6y\u00fcne h\u0131zl\u0131 ve y\u00fcksek standartl\u0131 eri\u015fim sa\u011flad\u0131klar\u0131n\u0131 belirten Bakan Uralo\u011flu, \u015fu ifadeleri kulland\u0131: &#8220;Ge\u00e7en y\u0131l da 1915 \u00c7anakkale K\u00f6pr\u00fcs\u00fc ve Malkara-\u00c7anakkale Otoyolu&#8217;nun \u0130stanbul&#8217;a kadar ula\u015fmas\u0131n\u0131 sa\u011flayacak K\u0131nal\u0131-Malkara Otoyolu yap\u0131m \u00e7al\u0131\u015fmalar\u0131n\u0131 ba\u015flatt\u0131k. Bu yol sayesinde \u0130stanbul-Tekirda\u011f aras\u0131ndaki ula\u015f\u0131m 1 saatin alt\u0131na, \u0130stanbul-\u00c7anakkale aras\u0131 ula\u015f\u0131m s\u00fcresi ise 3,5 saatten 2 saate d\u00fc\u015fecek.<\/p>\n\n\n\n<p class=\"wp-block-paragraph\">Daha da \u00f6nemlisi K\u0131nal\u0131-Malkara Otoyolu&#8217;nun tamamlanmas\u0131yla Marmara Otoyol Ringi&#8217;nin kuzey cephesi tamamen birle\u015fmi\u015f olacak ve Osmangazi K\u00f6pr\u00fcs\u00fc, Yavuz Sultan Selim K\u00f6pr\u00fcs\u00fc ve 1915 \u00c7anakkale K\u00f6pr\u00fcs\u00fc aras\u0131nda kesintisiz otoyol ba\u011flant\u0131s\u0131 sa\u011flanacak. Bildi\u011finiz \u00fczere T\u00fcrkiye ekonomisinin en geli\u015fmi\u015f b\u00f6lgesi olan ve n\u00fcfusun \u00f6nemli bir b\u00f6l\u00fcm\u00fcn\u00fcn ya\u015fad\u0131\u011f\u0131 Marmara ve Ege b\u00f6lgelerindeki limanlar, demir yolu ve hava ula\u015f\u0131m sistemlerinin kara yolu ula\u015f\u0131m projeleri ile entegrasyonunu g\u00fc\u00e7lendirmek i\u00e7in Marmara Otoyol Ringi kapsam\u0131nda Marmara Denizi&#8217;nin \u00e7evresinde toplam 1255 kilometre uzunlu\u011funda bir otoyol a\u011f\u0131 planlad\u0131k ve Marmara Otoyol Ringi&#8217;nin 925 kilometrelik kesimi ise halen trafi\u011fe hizmet ediyor.<\/p>\n\n\n\n<p class=\"wp-block-paragraph\">Hi\u00e7 \u015f\u00fcphesiz Marmara Ringi, T\u00fcrkiye&#8217;nin kalk\u0131nma hamlesinde de \u00f6nemli bir rol oynuyor. Ama bir \u00f6nemli faydas\u0131 daha olacak ki Marmara Otoyol Ringi&#8217;nin tamamlanmas\u0131yla sadece ula\u015f\u0131m s\u00fcreleri dramatik \u015fekilde k\u0131salmayacak, ayn\u0131 zamanda olas\u0131 bir \u0130stanbul depremi senaryosunda \u0130stanbul&#8217;un bat\u0131 yakas\u0131n\u0131n tahliyesinde 1915 \u00c7anakkale K\u00f6pr\u00fcs\u00fc \u00e7ok daha etkin ve kritik bir rol \u00fcstlenecek. B\u00f6ylece insan\u0131m\u0131z\u0131n can ve mal g\u00fcvenli\u011fi ad\u0131na da stratejik bir sigorta olu\u015fturmu\u015f olaca\u011f\u0131z.&#8221;<\/p>\n","protected":false},"excerpt":{"rendered":"<p>Ula\u015ft\u0131rma ve Altyap\u0131 Bakan\u0131 Abdulkadir Uralo\u011flu, \u0130stanbul ile \u00c7anakkale aras\u0131n\u0131 2 saate d\u00fc\u015f\u00fcrecek projenin detaylar\u0131n\u0131&#8230;<\/p>\n","protected":false},"author":1,"featured_media":1678,"comment_status":"closed","ping_status":"closed","sticky":false,"template":"","format":"standard","meta":{"footnotes":""},"categories":[1],"tags":[],"ppma_author":[57],"class_list":["post-1677","post","type-post","status-publish","format-standard","has-post-thumbnail","hentry","category-tekirdag-gundemi"],"authors":[{"term_id":57,"user_id":1,"is_guest":0,"slug":"admin","display_name":"Alp Aslan","avatar_url":"https:\/\/secure.gravatar.com\/avatar\/07c18c5ad3350b025db8f3328450e071acb435c703e565899c880c63362f137a?s=96&d=mm&r=g","author_category":"1","first_name":"Alp Aslan","last_name":"ER\u0130N","user_url":"http:\/\/www.gundem59.com.tr","job_title":"","description":""}],"_links":{"self":[{"href":"https:\/\/gundem59.com.tr\/index.php?rest_route=\/wp\/v2\/posts\/1677","targetHints":{"allow":["GET"]}}],"collection":[{"href":"https:\/\/gundem59.com.tr\/index.php?rest_route=\/wp\/v2\/posts"}],"about":[{"href":"https:\/\/gundem59.com.tr\/index.php?rest_route=\/wp\/v2\/types\/post"}],"author":[{"embeddable":true,"href":"https:\/\/gundem59.com.tr\/index.php?rest_route=\/wp\/v2\/users\/1"}],"replies":[{"embeddable":true,"href":"https:\/\/gundem59.com.tr\/index.php?rest_route=%2Fwp%2Fv2%2Fcomments&post=1677"}],"version-history":[{"count":1,"href":"https:\/\/gundem59.com.tr\/index.php?rest_route=\/wp\/v2\/posts\/1677\/revisions"}],"predecessor-version":[{"id":1679,"href":"https:\/\/gundem59.com.tr\/index.php?rest_route=\/wp\/v2\/posts\/1677\/revisions\/1679"}],"wp:featuredmedia":[{"embeddable":true,"href":"https:\/\/gundem59.com.tr\/index.php?rest_route=\/wp\/v2\/media\/1678"}],"wp:attachment":[{"href":"https:\/\/gundem59.com.tr\/index.php?rest_route=%2Fwp%2Fv2%2Fmedia&parent=1677"}],"wp:term":[{"taxonomy":"category","embeddable":true,"href":"https:\/\/gundem59.com.tr\/index.php?rest_route=%2Fwp%2Fv2%2Fcategories&post=1677"},{"taxonomy":"post_tag","embeddable":true,"href":"https:\/\/gundem59.com.tr\/index.php?rest_route=%2Fwp%2Fv2%2Ftags&post=1677"},{"taxonomy":"author","embeddable":true,"href":"https:\/\/gundem59.com.tr\/index.php?rest_route=%2Fwp%2Fv2%2Fppma_author&post=1677"}],"curies":[{"name":"wp","href":"https:\/\/api.w.org\/{rel}","templated":true}]}}