{"id":1674,"date":"2026-06-07T11:37:09","date_gmt":"2026-06-07T11:37:09","guid":{"rendered":"https:\/\/gundem59.com.tr\/?p=1674"},"modified":"2026-06-07T11:37:10","modified_gmt":"2026-06-07T11:37:10","slug":"tekirdagda-ziyaretler-devam-ediyor","status":"publish","type":"post","link":"https:\/\/gundem59.com.tr\/?p=1674","title":{"rendered":"Tekirda\u011f&#8217;da Ziyaretler Devam Ediyor"},"content":{"rendered":"\n<p class=\"wp-block-paragraph\">Ahmet Kapano\u011flu Valilikte, Candan Y\u00fcceer esnafla bulu\u015ftu, Mehmet Aksoy hayvanc\u0131l\u0131k i\u015fletmesini ziyaret etti.<\/p>\n\n\n\n<p class=\"wp-block-paragraph\"><a href=\"https:\/\/www.sondakika.com\/turkiye\/\">T\u00fcrkiye<\/a>&nbsp;Kent Konseyleri Birli\u011fi D\u00f6nem Ba\u015fkan\u0131 Ahmet Kapano\u011flu ve y\u00f6netim kurulu \u00fcyeleri,&nbsp;<a href=\"https:\/\/www.sondakika.com\/tekirdag\/\">Tekirda\u011f<\/a>&nbsp;Valisi&nbsp;<a href=\"https:\/\/www.sondakika.com\/recep-soyturk\/\">Recep Soyt\u00fcrk<\/a>&#8216;\u00fc makam\u0131nda ziyaret etti.<\/p>\n\n\n\n<p class=\"wp-block-paragraph\">Valilikten yap\u0131lan a\u00e7\u0131klamaya g\u00f6re, ziyarette Kapano\u011flu ve beraberindeki heyet, Vali Soyt\u00fcrk ile bir s\u00fcre g\u00f6r\u00fc\u015ft\u00fc.<\/p>\n\n\n\n<p class=\"wp-block-paragraph\">Kapano\u011flu, g\u00f6r\u00fc\u015fmede T\u00fcrkiye Kent Konseyleri Birli\u011finin y\u00fcr\u00fctt\u00fc\u011f\u00fc \u00e7al\u0131\u015fmalar ve faaliyetler hakk\u0131nda Soyt\u00fcrk&#8217;e bilgi verdi.<\/p>\n\n\n\n<p class=\"wp-block-paragraph\">Ziyaret, kar\u015f\u0131l\u0131kl\u0131 g\u00f6r\u00fc\u015f al\u0131\u015fveri\u015finin ard\u0131ndan sona erdi.<\/p>\n\n\n\n<p class=\"wp-block-paragraph\">Y\u00fcceer, S\u00fcleymanpa\u015fa&#8217;da esnaf ve vatanda\u015flar\u0131 ziyaret etti<\/p>\n\n\n\n<p class=\"wp-block-paragraph\">Tekirda\u011f B\u00fcy\u00fck\u015fehir Belediye Ba\u015fkan\u0131&nbsp;<a href=\"https:\/\/www.sondakika.com\/candan-yuceer\/\">Candan Y\u00fcceer<\/a>, S\u00fcleymanpa\u015fa il\u00e7esinde esnaf ve vatanda\u015flar\u0131 ziyaret etti.<\/p>\n\n\n\n<p class=\"wp-block-paragraph\">Belediyeden yap\u0131lan a\u00e7\u0131klamaya g\u00f6re, Y\u00fcceer il\u00e7e merkezindeki ziyaretlerinde esnaf ve vatanda\u015flarla bir araya geldi.<\/p>\n\n\n\n<p class=\"wp-block-paragraph\">Vatanda\u015flar\u0131n talep, \u00f6neri ve beklentilerini dinleyen Y\u00fcceer, kentin ihtiya\u00e7lar\u0131na y\u00f6nelik de\u011ferlendirmelerde bulundu.<\/p>\n\n\n\n<p class=\"wp-block-paragraph\">Y\u00fcceer, Tekirda\u011f i\u00e7in \u00e7al\u0131\u015fmaya devam edeceklerini belirtti.<\/p>\n\n\n\n<p class=\"wp-block-paragraph\">Aksoy, Malkara&#8217;da hayvanc\u0131l\u0131k i\u015fletmesini ziyaret etti<\/p>\n\n\n\n<p class=\"wp-block-paragraph\">Tekirda\u011f \u0130l&nbsp;<a href=\"https:\/\/www.sondakika.com\/tarim\/\">Tar\u0131m<\/a>&nbsp;ve Orman M\u00fcd\u00fcr\u00fc&nbsp;<a href=\"https:\/\/www.sondakika.com\/mehmet-aksoy\/\">Mehmet Aksoy<\/a>, Malkara il\u00e7esinde hayvanc\u0131l\u0131k i\u015fletmesini ziyaret etti.<\/p>\n\n\n\n<p class=\"wp-block-paragraph\">\u0130l Tar\u0131m ve Orman M\u00fcd\u00fcrl\u00fc\u011f\u00fcnden yap\u0131lan a\u00e7\u0131klamaya g\u00f6re, Aksoy Karacahalil Mahallesi&#8217;nde faaliyet g\u00f6steren hayvanc\u0131l\u0131k i\u015fletmesinde incelemelerde bulundu.<\/p>\n\n\n\n<p class=\"wp-block-paragraph\">\u0130\u015fletmenin mevcut durumu, hayvanc\u0131l\u0131k faaliyetleri ve \u00fcretim s\u00fcre\u00e7leri hakk\u0131nda yetkililerden bilgi alan Aksoy, i\u015fletmenin ihtiya\u00e7 ve taleplerini dinledi.<\/p>\n\n\n\n<p class=\"wp-block-paragraph\">Aksoy, ziyarette Tar\u0131m ve Orman Bakanl\u0131\u011f\u0131nca uygulanan hayvanc\u0131l\u0131k desteklemeleri ile \u00fcretimin s\u00fcrd\u00fcr\u00fclebilirli\u011fi ve verimlili\u011fin art\u0131r\u0131lmas\u0131na y\u00f6nelik \u00e7al\u0131\u015fmalar hakk\u0131nda bilgi verdi.<\/p>\n\n\n\n<p class=\"wp-block-paragraph\">\u00dcreticilerin yan\u0131nda olmaya devam edeceklerini belirten Aksoy, g\u00fc\u00e7l\u00fc hayvanc\u0131l\u0131k sekt\u00f6r\u00fcn\u00fcn s\u00fcrd\u00fcr\u00fclebilir tar\u0131msal \u00fcretim ve k\u0131rsal kalk\u0131nma a\u00e7\u0131s\u0131ndan \u00f6nem ta\u015f\u0131d\u0131\u011f\u0131n\u0131 kaydetti.<\/p>\n","protected":false},"excerpt":{"rendered":"<p>Ahmet Kapano\u011flu Valilikte, Candan Y\u00fcceer esnafla bulu\u015ftu, Mehmet Aksoy hayvanc\u0131l\u0131k i\u015fletmesini ziyaret etti. T\u00fcrkiye&nbsp;Kent Konseyleri&#8230;<\/p>\n","protected":false},"author":1,"featured_media":1675,"comment_status":"closed","ping_status":"closed","sticky":false,"template":"","format":"standard","meta":{"footnotes":""},"categories":[1],"tags":[],"ppma_author":[57],"class_list":["post-1674","post","type-post","status-publish","format-standard","has-post-thumbnail","hentry","category-tekirdag-gundemi"],"authors":[{"term_id":57,"user_id":1,"is_guest":0,"slug":"admin","display_name":"Alp Aslan","avatar_url":"https:\/\/secure.gravatar.com\/avatar\/07c18c5ad3350b025db8f3328450e071acb435c703e565899c880c63362f137a?s=96&d=mm&r=g","author_category":"1","first_name":"Alp Aslan","last_name":"ER\u0130N","user_url":"http:\/\/www.gundem59.com.tr","job_title":"","description":""}],"_links":{"self":[{"href":"https:\/\/gundem59.com.tr\/index.php?rest_route=\/wp\/v2\/posts\/1674","targetHints":{"allow":["GET"]}}],"collection":[{"href":"https:\/\/gundem59.com.tr\/index.php?rest_route=\/wp\/v2\/posts"}],"about":[{"href":"https:\/\/gundem59.com.tr\/index.php?rest_route=\/wp\/v2\/types\/post"}],"author":[{"embeddable":true,"href":"https:\/\/gundem59.com.tr\/index.php?rest_route=\/wp\/v2\/users\/1"}],"replies":[{"embeddable":true,"href":"https:\/\/gundem59.com.tr\/index.php?rest_route=%2Fwp%2Fv2%2Fcomments&post=1674"}],"version-history":[{"count":1,"href":"https:\/\/gundem59.com.tr\/index.php?rest_route=\/wp\/v2\/posts\/1674\/revisions"}],"predecessor-version":[{"id":1676,"href":"https:\/\/gundem59.com.tr\/index.php?rest_route=\/wp\/v2\/posts\/1674\/revisions\/1676"}],"wp:featuredmedia":[{"embeddable":true,"href":"https:\/\/gundem59.com.tr\/index.php?rest_route=\/wp\/v2\/media\/1675"}],"wp:attachment":[{"href":"https:\/\/gundem59.com.tr\/index.php?rest_route=%2Fwp%2Fv2%2Fmedia&parent=1674"}],"wp:term":[{"taxonomy":"category","embeddable":true,"href":"https:\/\/gundem59.com.tr\/index.php?rest_route=%2Fwp%2Fv2%2Fcategories&post=1674"},{"taxonomy":"post_tag","embeddable":true,"href":"https:\/\/gundem59.com.tr\/index.php?rest_route=%2Fwp%2Fv2%2Ftags&post=1674"},{"taxonomy":"author","embeddable":true,"href":"https:\/\/gundem59.com.tr\/index.php?rest_route=%2Fwp%2Fv2%2Fppma_author&post=1674"}],"curies":[{"name":"wp","href":"https:\/\/api.w.org\/{rel}","templated":true}]}}