{"id":1671,"date":"2026-06-07T11:35:06","date_gmt":"2026-06-07T11:35:06","guid":{"rendered":"https:\/\/gundem59.com.tr\/?p=1671"},"modified":"2026-06-07T11:35:06","modified_gmt":"2026-06-07T11:35:06","slug":"tekirdag-kirazinda-rekor-beklentisi","status":"publish","type":"post","link":"https:\/\/gundem59.com.tr\/?p=1671","title":{"rendered":"Tekirda\u011f Kiraz\u0131nda Rekor Beklentisi"},"content":{"rendered":"\n<p class=\"wp-block-paragraph\">Tekirda\u011f&#8217;da bu y\u0131l 3 bin ton kiraz rekolte bekleniyor, kiraz festivali 11-14 Haziran&#8217;da d\u00fczenlenecek.<\/p>\n\n\n\n<p class=\"wp-block-paragraph\"><a href=\"https:\/\/www.sondakika.com\/tekirdag\/\">Tekirda\u011f<\/a>&#8216;da tad\u0131 ve aromas\u0131yla benzerlerinden ayr\u0131lan, ad\u0131na festival d\u00fczenlenen kirazdan bu y\u0131l 3 bin ton kiraz rekolte bekleniyor.<\/p>\n\n\n\n<p class=\"wp-block-paragraph\">\u0130l Tar\u0131m ve Orman M\u00fcd\u00fcr\u00fc Mehmet Aksoy, AA muhabirine ge\u00e7en y\u0131l 2 bin 460 ton rekolte elde edildi\u011fini an\u0131msatt\u0131.<\/p>\n\n\n\n<p class=\"wp-block-paragraph\">Bu y\u0131l kent geneli 3 bin ton rekolte beklendi\u011fini ifade eden Aksoy, Tekirda\u011f kiraz\u0131n\u0131n g\u00f6r\u00fcnt\u00fcs\u00fc ve lezzetiyle ad\u0131ndan s\u00f6z ettirdi\u011fini vurgulad\u0131.<\/p>\n\n\n\n<p class=\"wp-block-paragraph\">&#8220;Yapraktan fazla kiraz var&#8221;<\/p>\n\n\n\n<p class=\"wp-block-paragraph\">\u00dcreticilerden E\u015fref Meral, hasattan elde ettikleri verimden memnun olduklar\u0131n\u0131 s\u00f6yledi.<\/p>\n\n\n\n<p class=\"wp-block-paragraph\">Ge\u00e7en y\u0131l kiraz bah\u00e7elerinde istenilen verimin al\u0131namad\u0131\u011f\u0131n\u0131 ancak bu y\u0131l herhangi bir olumsuzlukla kar\u015f\u0131la\u015fmad\u0131klar\u0131n\u0131 anlatan Meral, &#8220;Bu y\u0131l \u00e7ok g\u00fczel. Kirazlar harika, &#8216;yapraktan fazla kiraz var&#8217; desem yeridir. Bu sene bah\u00e7emde 4-5 ton rekolte bekliyorum. Ge\u00e7en y\u0131l 900 kilogramda kalm\u0131\u015ft\u0131k. Bu sene verim \u00e7ok g\u00fczel. En az 4 ton \u00e7\u0131kar.&#8221; diye konu\u015ftu.<\/p>\n\n\n\n<p class=\"wp-block-paragraph\">Meral, Tekirda\u011f kiraz\u0131n\u0131n en k\u0131sa s\u00fcrede tescil edilmesi gerekti\u011fini belirterek, bunun hem pazarlama kolayl\u0131\u011f\u0131 sa\u011flayaca\u011f\u0131n\u0131 hem de Tekirda\u011f kiraz\u0131n\u0131 di\u011fer kirazlardan ay\u0131ran \u00f6zelliklerin korunmas\u0131 a\u00e7\u0131s\u0131ndan \u00f6nemli oldu\u011funu ifade etti.<\/p>\n\n\n\n<p class=\"wp-block-paragraph\">\u00dcreticilerden Hamdiye Batur da Tekirda\u011f kiraz\u0131n\u0131n farkl\u0131 bir tada sahip oldu\u011funu anlatt\u0131.<\/p>\n\n\n\n<p class=\"wp-block-paragraph\">\u00d6te yandan Tekirda\u011f Kiraz Festivali, bu y\u0131l 11-14 Haziran tarihlerinde d\u00fczenlenecek.<\/p>\n\n\n\n<p class=\"wp-block-paragraph\">Kiraz tan\u0131t\u0131m etkinli\u011fi, en iyi kiraz yar\u0131\u015fmas\u0131,&nbsp;<a href=\"https:\/\/www.sondakika.com\/spor\/\">spor<\/a>&nbsp;turnuvalar\u0131, a\u00e7\u0131k hava sinema g\u00f6sterileri, resim ve kompozisyon yar\u0131\u015fmalar\u0131 ile konserler d\u00fczenlenecek.<\/p>\n","protected":false},"excerpt":{"rendered":"<p>Tekirda\u011f&#8217;da bu y\u0131l 3 bin ton kiraz rekolte bekleniyor, kiraz festivali 11-14 Haziran&#8217;da d\u00fczenlenecek. Tekirda\u011f&#8216;da&#8230;<\/p>\n","protected":false},"author":1,"featured_media":1672,"comment_status":"closed","ping_status":"closed","sticky":false,"template":"","format":"standard","meta":{"footnotes":""},"categories":[1],"tags":[],"ppma_author":[57],"class_list":["post-1671","post","type-post","status-publish","format-standard","has-post-thumbnail","hentry","category-tekirdag-gundemi"],"authors":[{"term_id":57,"user_id":1,"is_guest":0,"slug":"admin","display_name":"Alp Aslan","avatar_url":"https:\/\/secure.gravatar.com\/avatar\/07c18c5ad3350b025db8f3328450e071acb435c703e565899c880c63362f137a?s=96&d=mm&r=g","author_category":"1","first_name":"Alp Aslan","last_name":"ER\u0130N","user_url":"http:\/\/www.gundem59.com.tr","job_title":"","description":""}],"_links":{"self":[{"href":"https:\/\/gundem59.com.tr\/index.php?rest_route=\/wp\/v2\/posts\/1671","targetHints":{"allow":["GET"]}}],"collection":[{"href":"https:\/\/gundem59.com.tr\/index.php?rest_route=\/wp\/v2\/posts"}],"about":[{"href":"https:\/\/gundem59.com.tr\/index.php?rest_route=\/wp\/v2\/types\/post"}],"author":[{"embeddable":true,"href":"https:\/\/gundem59.com.tr\/index.php?rest_route=\/wp\/v2\/users\/1"}],"replies":[{"embeddable":true,"href":"https:\/\/gundem59.com.tr\/index.php?rest_route=%2Fwp%2Fv2%2Fcomments&post=1671"}],"version-history":[{"count":1,"href":"https:\/\/gundem59.com.tr\/index.php?rest_route=\/wp\/v2\/posts\/1671\/revisions"}],"predecessor-version":[{"id":1673,"href":"https:\/\/gundem59.com.tr\/index.php?rest_route=\/wp\/v2\/posts\/1671\/revisions\/1673"}],"wp:featuredmedia":[{"embeddable":true,"href":"https:\/\/gundem59.com.tr\/index.php?rest_route=\/wp\/v2\/media\/1672"}],"wp:attachment":[{"href":"https:\/\/gundem59.com.tr\/index.php?rest_route=%2Fwp%2Fv2%2Fmedia&parent=1671"}],"wp:term":[{"taxonomy":"category","embeddable":true,"href":"https:\/\/gundem59.com.tr\/index.php?rest_route=%2Fwp%2Fv2%2Fcategories&post=1671"},{"taxonomy":"post_tag","embeddable":true,"href":"https:\/\/gundem59.com.tr\/index.php?rest_route=%2Fwp%2Fv2%2Ftags&post=1671"},{"taxonomy":"author","embeddable":true,"href":"https:\/\/gundem59.com.tr\/index.php?rest_route=%2Fwp%2Fv2%2Fppma_author&post=1671"}],"curies":[{"name":"wp","href":"https:\/\/api.w.org\/{rel}","templated":true}]}}