{"id":1602,"date":"2026-06-06T04:27:38","date_gmt":"2026-06-06T04:27:38","guid":{"rendered":"https:\/\/gundem59.com.tr\/?p=1602"},"modified":"2026-06-06T04:27:47","modified_gmt":"2026-06-06T04:27:47","slug":"tekirdagda-sahipsiz-hayvan-alani-incelemesi","status":"publish","type":"post","link":"https:\/\/gundem59.com.tr\/?p=1602","title":{"rendered":"Tekirda\u011f&#8217;da Sahipsiz Hayvan Alan\u0131 \u0130ncelemesi"},"content":{"rendered":"\n<p class=\"wp-block-paragraph\">Tekirda\u011f&#8217;da Sahipsiz Hayvan Alan\u0131 \u0130ncelemesi<\/p>\n\n\n\n<p class=\"wp-block-paragraph\">Vali Soyt\u00fcrk, \u015eark\u00f6y&#8217;de sahipsiz hayvanlar i\u00e7in yap\u0131lan do\u011fal ya\u015fam alan\u0131n\u0131 ziyaret etti.<\/p>\n\n\n\n<p class=\"wp-block-paragraph\"><a href=\"https:\/\/www.sondakika.com\/tekirdag\/\">Tekirda\u011f<\/a>&nbsp;Valisi&nbsp;<a href=\"https:\/\/www.sondakika.com\/recep-soyturk\/\">Recep Soyt\u00fcrk<\/a>,&nbsp;<a href=\"https:\/\/www.sondakika.com\/sarkoy-belediyesi\/\">\u015eark\u00f6y Belediyesi<\/a>&nbsp;taraf\u0131ndan yapt\u0131r\u0131lan Sahipsiz Hayvan Do\u011fal&nbsp;<a href=\"https:\/\/www.sondakika.com\/yasam\/\">Ya\u015fam<\/a>&nbsp;Alan\u0131&#8217;n\u0131 ziyaret etti.<\/p>\n\n\n\n<p class=\"wp-block-paragraph\">Valilikten yap\u0131lan a\u00e7\u0131klamaya g\u00f6re Soyt\u00fcrk, \u015eark\u00f6y il\u00e7esindeki program\u0131 kapsam\u0131nda sahipsiz sokak hayvanlar\u0131n\u0131n do\u011faya uyumlu ve g\u00fcvenli bir ortamda ya\u015famlar\u0131n\u0131 s\u00fcrd\u00fcrebilmeleri amac\u0131yla olu\u015fturulan ya\u015fam alan\u0131nda incelemelerde bulundu.<\/p>\n\n\n\n<p class=\"wp-block-paragraph\">Yetkililerden tesis ve y\u00fcr\u00fct\u00fclen \u00e7al\u0131\u015fmalar hakk\u0131nda bilgi alan Soyt\u00fcrk, alandaki uygulamalar\u0131 yerinde de\u011ferlendirdi.<\/p>\n\n\n\n<p class=\"wp-block-paragraph\">Ziyarette Soyt\u00fcrk&#8217;e Vali Yard\u0131mc\u0131s\u0131 Kaan Peker, Vali Yard\u0131mc\u0131s\u0131 Mustafa \u00c7ek, Vali Yard\u0131mc\u0131s\u0131 Vekili G\u00fcrb\u00fcz Salta\u015f, kaymakamlar ve \u015eark\u00f6y Belediye Ba\u015fkan\u0131 Alpay Var e\u015flik etti.<\/p>\n\n\n\n<p class=\"wp-block-paragraph\">Y\u00fcceer, il\u00e7ede devam \u00e7al\u0131\u015fmalar\u0131 inceledi<\/p>\n\n\n\n<p class=\"wp-block-paragraph\">Tekirda\u011f B\u00fcy\u00fck\u015fehir Belediye Ba\u015fkan\u0131&nbsp;<a href=\"https:\/\/www.sondakika.com\/candan-yuceer\/\">Candan Y\u00fcceer<\/a>, S\u00fcleymanpa\u015fa il\u00e7esinde belediye m\u00fclkiyetinde bulunan bina ve parsellerde y\u00fcr\u00fct\u00fclen yenileme, restorasyon ve renovasyon \u00e7al\u0131\u015fmalar\u0131n\u0131 inceledi.<\/p>\n\n\n\n<p class=\"wp-block-paragraph\">Belediyeden yap\u0131lan a\u00e7\u0131klamaya g\u00f6re Y\u00fcceer, \u00e7e\u015fitli noktalarda devam eden \u00e7al\u0131\u015fmalar\u0131 yerinde inceleyerek yetkililerden bilgi ald\u0131.<\/p>\n\n\n\n<p class=\"wp-block-paragraph\">A\u00e7\u0131klamada g\u00f6r\u00fc\u015flerine yer verilen Y\u00fcceer, kentin tarihi ve k\u00fclt\u00fcrel de\u011ferlerinin korunmas\u0131na y\u00f6nelik \u00e7al\u0131\u015fmalar y\u00fcr\u00fctt\u00fcklerini belirtti.<\/p>\n\n\n\n<p class=\"wp-block-paragraph\">Y\u00fcceer, belediye m\u00fclkiyetindeki bina ve parsellerde ger\u00e7ekle\u015ftirilen yenileme, restorasyon ve renovasyon \u00e7al\u0131\u015fmalar\u0131n\u0131n s\u00fcrd\u00fc\u011f\u00fcn\u00fc kaydetti.<\/p>\n\n\n\n<p class=\"wp-block-paragraph\">Kumba\u011f Mahallesi&#8217;nde y\u00fcr\u00fct\u00fclen \u00e7al\u0131\u015fmalar sona erdi<\/p>\n\n\n\n<p class=\"wp-block-paragraph\">S\u00fcleymanpa\u015fa Belediyesince, Kumba\u011f Mahallesi&#8217;nde y\u00fcr\u00fct\u00fclen \u00e7al\u0131\u015fmalar\u0131n tamamland\u0131\u011f\u0131 bildirildi.<\/p>\n\n\n\n<p class=\"wp-block-paragraph\">Belediyeden yap\u0131lan a\u00e7\u0131klamaya g\u00f6re, Alt\u0131nova Mahallesi ile Millet Bah\u00e7esi sahil \u015feridinde ise bak\u0131m, onar\u0131m ve yenileme \u00e7al\u0131\u015fmalar\u0131n\u0131n s\u00fcrd\u00fc\u011f\u00fc belirtildi.<\/p>\n\n\n\n<p class=\"wp-block-paragraph\">A\u00e7\u0131klamada g\u00f6r\u00fc\u015flerine yer verilen Nallar, sahil \u015feridinde yaz sezonu haz\u0131rl\u0131klar\u0131 kapsam\u0131nda \u00e7al\u0131\u015fmalar\u0131n aral\u0131ks\u0131z devam etti\u011fini belirtti.<\/p>\n\n\n\n<p class=\"wp-block-paragraph\">Kumba\u011f Mahallesi&#8217;ndeki \u00e7al\u0131\u015fmalar\u0131n tamamland\u0131\u011f\u0131na aktaran Nallar, Alt\u0131nova Mahallesi ile Millet Bah\u00e7esi sahil \u015feridinde ekiplerin bak\u0131m, onar\u0131m ve yenileme faaliyetlerini s\u00fcrd\u00fcrd\u00fc\u011f\u00fcn\u00fc kaydetti.<\/p>\n","protected":false},"excerpt":{"rendered":"<p>Tekirda\u011f&#8217;da Sahipsiz Hayvan Alan\u0131 \u0130ncelemesi Vali Soyt\u00fcrk, \u015eark\u00f6y&#8217;de sahipsiz hayvanlar i\u00e7in yap\u0131lan do\u011fal ya\u015fam alan\u0131n\u0131&#8230;<\/p>\n","protected":false},"author":1,"featured_media":1603,"comment_status":"closed","ping_status":"closed","sticky":false,"template":"","format":"standard","meta":{"footnotes":""},"categories":[1],"tags":[],"ppma_author":[57],"class_list":["post-1602","post","type-post","status-publish","format-standard","has-post-thumbnail","hentry","category-tekirdag-gundemi"],"authors":[{"term_id":57,"user_id":1,"is_guest":0,"slug":"admin","display_name":"Alp Aslan","avatar_url":"https:\/\/secure.gravatar.com\/avatar\/07c18c5ad3350b025db8f3328450e071acb435c703e565899c880c63362f137a?s=96&d=mm&r=g","author_category":"1","first_name":"Alp Aslan","last_name":"ER\u0130N","user_url":"http:\/\/www.gundem59.com.tr","job_title":"","description":""}],"_links":{"self":[{"href":"https:\/\/gundem59.com.tr\/index.php?rest_route=\/wp\/v2\/posts\/1602","targetHints":{"allow":["GET"]}}],"collection":[{"href":"https:\/\/gundem59.com.tr\/index.php?rest_route=\/wp\/v2\/posts"}],"about":[{"href":"https:\/\/gundem59.com.tr\/index.php?rest_route=\/wp\/v2\/types\/post"}],"author":[{"embeddable":true,"href":"https:\/\/gundem59.com.tr\/index.php?rest_route=\/wp\/v2\/users\/1"}],"replies":[{"embeddable":true,"href":"https:\/\/gundem59.com.tr\/index.php?rest_route=%2Fwp%2Fv2%2Fcomments&post=1602"}],"version-history":[{"count":1,"href":"https:\/\/gundem59.com.tr\/index.php?rest_route=\/wp\/v2\/posts\/1602\/revisions"}],"predecessor-version":[{"id":1604,"href":"https:\/\/gundem59.com.tr\/index.php?rest_route=\/wp\/v2\/posts\/1602\/revisions\/1604"}],"wp:featuredmedia":[{"embeddable":true,"href":"https:\/\/gundem59.com.tr\/index.php?rest_route=\/wp\/v2\/media\/1603"}],"wp:attachment":[{"href":"https:\/\/gundem59.com.tr\/index.php?rest_route=%2Fwp%2Fv2%2Fmedia&parent=1602"}],"wp:term":[{"taxonomy":"category","embeddable":true,"href":"https:\/\/gundem59.com.tr\/index.php?rest_route=%2Fwp%2Fv2%2Fcategories&post=1602"},{"taxonomy":"post_tag","embeddable":true,"href":"https:\/\/gundem59.com.tr\/index.php?rest_route=%2Fwp%2Fv2%2Ftags&post=1602"},{"taxonomy":"author","embeddable":true,"href":"https:\/\/gundem59.com.tr\/index.php?rest_route=%2Fwp%2Fv2%2Fppma_author&post=1602"}],"curies":[{"name":"wp","href":"https:\/\/api.w.org\/{rel}","templated":true}]}}