{"id":1598,"date":"2026-06-06T04:25:03","date_gmt":"2026-06-06T04:25:03","guid":{"rendered":"https:\/\/gundem59.com.tr\/?p=1598"},"modified":"2026-06-06T04:25:03","modified_gmt":"2026-06-06T04:25:03","slug":"cerkezkoyde-elektrikli-bisiklet-kazasi-bir-olu","status":"publish","type":"post","link":"https:\/\/gundem59.com.tr\/?p=1598","title":{"rendered":"\u00c7erkezk\u00f6y&#8217;de Elektrikli Bisiklet Kazas\u0131: Bir \u00d6l\u00fc"},"content":{"rendered":"\n<p class=\"wp-block-paragraph\">Hafif ticari ara\u00e7, yolun kar\u015f\u0131s\u0131na ge\u00e7en elektrikli bisikletli kad\u0131na \u00e7arpt\u0131; kad\u0131n hayat\u0131n\u0131 kaybetti.<\/p>\n\n\n\n<p class=\"wp-block-paragraph\"><a href=\"https:\/\/www.sondakika.com\/tekirdag\/\">Tekirda\u011f<\/a>&#8216;\u0131n&nbsp;<a href=\"https:\/\/www.sondakika.com\/cerkezkoy\/\">\u00c7erkezk\u00f6y<\/a>&nbsp;il\u00e7esinde hafif ticari arac\u0131n \u00e7arpt\u0131\u011f\u0131 elektrikli bisikletteki yabanc\u0131 uyruklu kad\u0131n hayat\u0131n\u0131 kaybetti.<\/p>\n\n\n\n<p class=\"wp-block-paragraph\">Cengiz Topel Caddesi&#8217;nde, C.P. idaresindeki 27 AJB 610 plakal\u0131 hafif ticari ara\u00e7, yolun kar\u015f\u0131s\u0131na ge\u00e7meye \u00e7al\u0131\u015fan yabanc\u0131 uyruklu A.A&#8217;n\u0131n (30) kulland\u0131\u011f\u0131 elektrikli bisiklete \u00e7arpt\u0131.<\/p>\n\n\n\n<figure class=\"wp-block-image size-full\"><img  title=\"\" loading=\"lazy\" decoding=\"async\" width=\"760\" height=\"350\" src=\"https:\/\/gundem59.com.tr\/wp-content\/uploads\/2026\/06\/cerkezkoyde-feci-kaza-elektrikli-scooter-surucusu-agir-yaralandi-1746877103.webp\"  alt=\"cerkezkoyde-feci-kaza-elektrikli-scooter-surucusu-agir-yaralandi-1746877103 \u00c7erkezk\u00f6y&#039;de Elektrikli Bisiklet Kazas\u0131: Bir \u00d6l\u00fc\"  class=\"wp-image-1600\" srcset=\"https:\/\/gundem59.com.tr\/wp-content\/uploads\/2026\/06\/cerkezkoyde-feci-kaza-elektrikli-scooter-surucusu-agir-yaralandi-1746877103.webp 760w, https:\/\/gundem59.com.tr\/wp-content\/uploads\/2026\/06\/cerkezkoyde-feci-kaza-elektrikli-scooter-surucusu-agir-yaralandi-1746877103-300x138.webp 300w\" sizes=\"auto, (max-width: 760px) 100vw, 760px\" \/><\/figure>\n\n\n\n<p class=\"wp-block-paragraph\">\u0130hbar \u00fczerine olay yerine polis ve sa\u011fl\u0131k ekipleri sevk edildi.<\/p>\n\n\n\n<p class=\"wp-block-paragraph\">Yola savrularak a\u011f\u0131r yaralanan A.A, olay yerindeki ilk m\u00fcdahalenin ard\u0131ndan ambulansla \u00c7erkezk\u00f6y Devlet Hastanesine kald\u0131r\u0131ld\u0131. A.A, burada yap\u0131lan m\u00fcdahaleye ra\u011fmen kurtar\u0131lamad\u0131.<\/p>\n","protected":false},"excerpt":{"rendered":"<p>Hafif ticari ara\u00e7, yolun kar\u015f\u0131s\u0131na ge\u00e7en elektrikli bisikletli kad\u0131na \u00e7arpt\u0131; kad\u0131n hayat\u0131n\u0131 kaybetti. Tekirda\u011f&#8216;\u0131n&nbsp;\u00c7erkezk\u00f6y&nbsp;il\u00e7esinde hafif&#8230;<\/p>\n","protected":false},"author":1,"featured_media":1599,"comment_status":"closed","ping_status":"closed","sticky":false,"template":"","format":"standard","meta":{"footnotes":""},"categories":[6],"tags":[],"ppma_author":[57],"class_list":["post-1598","post","type-post","status-publish","format-standard","has-post-thumbnail","hentry","category-cerkezkoy"],"authors":[{"term_id":57,"user_id":1,"is_guest":0,"slug":"admin","display_name":"Alp Aslan","avatar_url":"https:\/\/secure.gravatar.com\/avatar\/07c18c5ad3350b025db8f3328450e071acb435c703e565899c880c63362f137a?s=96&d=mm&r=g","author_category":"1","first_name":"Alp Aslan","last_name":"ER\u0130N","user_url":"http:\/\/www.gundem59.com.tr","job_title":"","description":""}],"_links":{"self":[{"href":"https:\/\/gundem59.com.tr\/index.php?rest_route=\/wp\/v2\/posts\/1598","targetHints":{"allow":["GET"]}}],"collection":[{"href":"https:\/\/gundem59.com.tr\/index.php?rest_route=\/wp\/v2\/posts"}],"about":[{"href":"https:\/\/gundem59.com.tr\/index.php?rest_route=\/wp\/v2\/types\/post"}],"author":[{"embeddable":true,"href":"https:\/\/gundem59.com.tr\/index.php?rest_route=\/wp\/v2\/users\/1"}],"replies":[{"embeddable":true,"href":"https:\/\/gundem59.com.tr\/index.php?rest_route=%2Fwp%2Fv2%2Fcomments&post=1598"}],"version-history":[{"count":1,"href":"https:\/\/gundem59.com.tr\/index.php?rest_route=\/wp\/v2\/posts\/1598\/revisions"}],"predecessor-version":[{"id":1601,"href":"https:\/\/gundem59.com.tr\/index.php?rest_route=\/wp\/v2\/posts\/1598\/revisions\/1601"}],"wp:featuredmedia":[{"embeddable":true,"href":"https:\/\/gundem59.com.tr\/index.php?rest_route=\/wp\/v2\/media\/1599"}],"wp:attachment":[{"href":"https:\/\/gundem59.com.tr\/index.php?rest_route=%2Fwp%2Fv2%2Fmedia&parent=1598"}],"wp:term":[{"taxonomy":"category","embeddable":true,"href":"https:\/\/gundem59.com.tr\/index.php?rest_route=%2Fwp%2Fv2%2Fcategories&post=1598"},{"taxonomy":"post_tag","embeddable":true,"href":"https:\/\/gundem59.com.tr\/index.php?rest_route=%2Fwp%2Fv2%2Ftags&post=1598"},{"taxonomy":"author","embeddable":true,"href":"https:\/\/gundem59.com.tr\/index.php?rest_route=%2Fwp%2Fv2%2Fppma_author&post=1598"}],"curies":[{"name":"wp","href":"https:\/\/api.w.org\/{rel}","templated":true}]}}