{"id":1592,"date":"2026-06-03T14:19:34","date_gmt":"2026-06-03T14:19:34","guid":{"rendered":"https:\/\/gundem59.com.tr\/?p=1592"},"modified":"2026-06-03T14:19:34","modified_gmt":"2026-06-03T14:19:34","slug":"tekirdagda-santek-toplantisi-sanayi-lojistik-ve-baykar-yatirimlari-masaya-yatirildi","status":"publish","type":"post","link":"https:\/\/gundem59.com.tr\/?p=1592","title":{"rendered":"Tekirda\u011f&#8217;da SANTEK toplant\u0131s\u0131: Sanayi, lojistik ve Baykar yat\u0131r\u0131mlar\u0131 masaya yat\u0131r\u0131ld\u0131"},"content":{"rendered":"\n<p class=\"wp-block-paragraph\">Tekirda\u011f Valisi Recep Soyt\u00fcrk ba\u015fkanl\u0131\u011f\u0131nda d\u00fczenlenen SANTEK toplant\u0131s\u0131nda sanayinin durumu, \u00e7evre yat\u0131r\u0131mlar\u0131, lojistik projeler ve Baykar&#8217;\u0131n kentteki yat\u0131r\u0131mlar\u0131 ele al\u0131nd\u0131.<\/p>\n\n\n\n<p class=\"wp-block-paragraph\"><a href=\"https:\/\/www.sondakika.com\/tekirdag\/\">Tekirda\u011f<\/a>&nbsp;Sanayi ve&nbsp;<a href=\"https:\/\/www.sondakika.com\/teknoloji\/\">Teknoloji<\/a>&nbsp;\u0130\u015fbirli\u011fi Kurulu (SANTEK) Toplant\u0131s\u0131, Tekirda\u011f Valisi&nbsp;<a href=\"https:\/\/www.sondakika.com\/recep-soyturk\/\">Recep Soyt\u00fcrk<\/a>&nbsp;ba\u015fkanl\u0131\u011f\u0131nda \u00c7erkezk\u00f6y Ticaret ve Sanayi Odas\u0131&#8217;nda ger\u00e7ekle\u015ftirildi. Toplant\u0131da Tekirda\u011f sanayisinin mevcut durumu, \u00e7evre yat\u0131r\u0131mlar\u0131, lojistik projeler ve Baykar&#8217;\u0131n kentteki yat\u0131r\u0131mlar\u0131 ele al\u0131nd\u0131.<\/p>\n\n\n\n<p class=\"wp-block-paragraph\">Toplant\u0131da ilk olarak Tekirda\u011f sanayisinin genel g\u00f6r\u00fcn\u00fcm\u00fc de\u011ferlendirilirken, ilin T\u00fcrkiye sanayisi i\u00e7erisindeki konumu, \u00fcretim kapasitesi ve ekonomik katk\u0131lar\u0131 hakk\u0131nda sunum ger\u00e7ekle\u015ftirildi. Ayr\u0131ca 2025 y\u0131l\u0131 SANTEK toplant\u0131lar\u0131nda al\u0131nan kararlar do\u011frultusunda y\u00fcr\u00fct\u00fclen \u00e7al\u0131\u015fmalar g\u00f6zden ge\u00e7irilerek gelinen a\u015fama de\u011ferlendirildi.<\/p>\n\n\n\n<p class=\"wp-block-paragraph\">Kurul \u00fcyeleri taraf\u0131ndan End\u00fcstriyel Ar\u0131tma Tesisleri ve Derin De\u015farj Sistemi kapsam\u0131nda s\u00fcrd\u00fcr\u00fclen \u00e7al\u0131\u015fmalar hakk\u0131nda bilgi payla\u015f\u0131m\u0131nda bulunuldu. \u00c7evresel s\u00fcrd\u00fcr\u00fclebilirli\u011fin art\u0131r\u0131lmas\u0131 ve sanayi kaynakl\u0131 at\u0131klar\u0131n etkin y\u00f6netimine y\u00f6nelik \u00e7al\u0131\u015fmalar\u0131n son durumu ele al\u0131nd\u0131.<\/p>\n\n\n\n<p class=\"wp-block-paragraph\">Toplant\u0131da lojistik alan\u0131nda y\u00fcr\u00fct\u00fclen \u00e7al\u0131\u015fmalar da g\u00fcndeme geldi. Tekirda\u011f&#8217;\u0131n stratejik konumunun sanayi ve ticaret a\u00e7\u0131s\u0131ndan sundu\u011fu avantajlar de\u011ferlendirilirken, lojistik altyap\u0131n\u0131n geli\u015ftirilmesine y\u00f6nelik projeler hakk\u0131nda bilgilendirme yap\u0131ld\u0131. Bunun yan\u0131 s\u0131ra sanayide verimlili\u011fin art\u0131r\u0131lmas\u0131 amac\u0131yla y\u00fcr\u00fct\u00fclen Model Fabrika ve Dijital D\u00f6n\u00fc\u015f\u00fcm Merkezi \u00e7al\u0131\u015fmalar\u0131 hakk\u0131nda kurul \u00fcyelerine sunum ger\u00e7ekle\u015ftirildi.<\/p>\n\n\n\n<p class=\"wp-block-paragraph\">G\u00f6r\u00fc\u015f\u00fclen ba\u015fl\u0131klar aras\u0131nda NATO Liman\u0131 arazisine ili\u015fkin \u00e7al\u0131\u015fmalar da yer ald\u0131. B\u00f6lgenin sanayi ve lojistik potansiyeline sa\u011flayabilece\u011fi katk\u0131lar de\u011ferlendirilerek mevcut s\u00fcre\u00e7 hakk\u0131nda bilgi verildi.<\/p>\n\n\n\n<p class=\"wp-block-paragraph\">Toplant\u0131n\u0131n \u00f6nemli g\u00fcndem maddelerinden biri de Baykar \u00d6zel End\u00fcstri B\u00f6lgesi ve \u015firketin Tekirda\u011f&#8217;daki yat\u0131r\u0131mlar\u0131 oldu. Baykar&#8217;\u0131n ilde ger\u00e7ekle\u015ftirmeyi planlad\u0131\u011f\u0131 yat\u0131r\u0131mlar\u0131n b\u00f6lge ekonomisine, istihdama ve y\u00fcksek teknoloji \u00fcretimine sa\u011flayaca\u011f\u0131 katk\u0131lar ele al\u0131n\u0131rken, yat\u0131r\u0131m s\u00fcrecinin \u00f6nemi vurguland\u0131.<\/p>\n\n\n\n<p class=\"wp-block-paragraph\">\u00d6te yandan Tekirda\u011f&#8217;daki firmalar\u0131n yararland\u0131\u011f\u0131 yat\u0131r\u0131m te\u015fvikleri hakk\u0131nda da genel bilgilendirme yap\u0131ld\u0131. \u0130\u015fletmeler taraf\u0131ndan kullan\u0131lan te\u015fvik mekanizmalar\u0131 de\u011ferlendirilirken, sanayi kurulu\u015flar\u0131n\u0131n desteklerden daha etkin \u015fekilde faydalanabilmesi i\u00e7in y\u00fcr\u00fct\u00fclen \u00e7al\u0131\u015fmalar g\u00f6r\u00fc\u015f\u00fcld\u00fc.<\/p>\n\n\n\n<p class=\"wp-block-paragraph\">Toplant\u0131 kat\u0131l\u0131mc\u0131lar\u0131n g\u00f6r\u00fc\u015f ve \u00f6nerilerini payla\u015fmas\u0131n\u0131n ard\u0131ndan sona erdi.<\/p>\n\n\n\n<p class=\"wp-block-paragraph\">Toplant\u0131ya \u00c7erkezk\u00f6y Kaymakam\u0131 Nazmi G\u00fcnl\u00fc, Tekirda\u011f B\u00fcy\u00fck\u015fehir Belediyesi Genel Sekreter Vekili Arzu \u00c7ebi, \u00c7erkezk\u00f6y Belediye Ba\u015fkan\u0131 Vahap Akay, Trakya Kalk\u0131nma Ajans\u0131 Genel Sekreteri Mahmut \u015eahin, Sanayi ve Teknoloji \u0130l M\u00fcd\u00fcr\u00fc Fahrettin Ak\u00e7al, \u00c7erkezk\u00f6y Ticaret ve Sanayi Odas\u0131 Ba\u015fkan\u0131 Ahmet \u00c7etin, \u00c7erkezk\u00f6y Organize Sanayi B\u00f6lgesi Y\u00f6netim Kurulu Ba\u015fkan\u0131 Ey\u00fcp S\u00f6zdinler ile kurum m\u00fcd\u00fcrleri ve kurul \u00fcyeleri kat\u0131ld\u0131. &#8211; TEK\u0130RDA\u011e<\/p>\n","protected":false},"excerpt":{"rendered":"<p>Tekirda\u011f Valisi Recep Soyt\u00fcrk ba\u015fkanl\u0131\u011f\u0131nda d\u00fczenlenen SANTEK toplant\u0131s\u0131nda sanayinin durumu, \u00e7evre yat\u0131r\u0131mlar\u0131, lojistik projeler ve&#8230;<\/p>\n","protected":false},"author":1,"featured_media":1593,"comment_status":"closed","ping_status":"closed","sticky":false,"template":"","format":"standard","meta":{"footnotes":""},"categories":[1],"tags":[],"ppma_author":[57],"class_list":["post-1592","post","type-post","status-publish","format-standard","has-post-thumbnail","hentry","category-tekirdag-gundemi"],"authors":[{"term_id":57,"user_id":1,"is_guest":0,"slug":"admin","display_name":"Alp Aslan","avatar_url":"https:\/\/secure.gravatar.com\/avatar\/07c18c5ad3350b025db8f3328450e071acb435c703e565899c880c63362f137a?s=96&d=mm&r=g","author_category":"1","first_name":"Alp Aslan","last_name":"ER\u0130N","user_url":"http:\/\/www.gundem59.com.tr","job_title":"","description":""}],"_links":{"self":[{"href":"https:\/\/gundem59.com.tr\/index.php?rest_route=\/wp\/v2\/posts\/1592","targetHints":{"allow":["GET"]}}],"collection":[{"href":"https:\/\/gundem59.com.tr\/index.php?rest_route=\/wp\/v2\/posts"}],"about":[{"href":"https:\/\/gundem59.com.tr\/index.php?rest_route=\/wp\/v2\/types\/post"}],"author":[{"embeddable":true,"href":"https:\/\/gundem59.com.tr\/index.php?rest_route=\/wp\/v2\/users\/1"}],"replies":[{"embeddable":true,"href":"https:\/\/gundem59.com.tr\/index.php?rest_route=%2Fwp%2Fv2%2Fcomments&post=1592"}],"version-history":[{"count":1,"href":"https:\/\/gundem59.com.tr\/index.php?rest_route=\/wp\/v2\/posts\/1592\/revisions"}],"predecessor-version":[{"id":1594,"href":"https:\/\/gundem59.com.tr\/index.php?rest_route=\/wp\/v2\/posts\/1592\/revisions\/1594"}],"wp:featuredmedia":[{"embeddable":true,"href":"https:\/\/gundem59.com.tr\/index.php?rest_route=\/wp\/v2\/media\/1593"}],"wp:attachment":[{"href":"https:\/\/gundem59.com.tr\/index.php?rest_route=%2Fwp%2Fv2%2Fmedia&parent=1592"}],"wp:term":[{"taxonomy":"category","embeddable":true,"href":"https:\/\/gundem59.com.tr\/index.php?rest_route=%2Fwp%2Fv2%2Fcategories&post=1592"},{"taxonomy":"post_tag","embeddable":true,"href":"https:\/\/gundem59.com.tr\/index.php?rest_route=%2Fwp%2Fv2%2Ftags&post=1592"},{"taxonomy":"author","embeddable":true,"href":"https:\/\/gundem59.com.tr\/index.php?rest_route=%2Fwp%2Fv2%2Fppma_author&post=1592"}],"curies":[{"name":"wp","href":"https:\/\/api.w.org\/{rel}","templated":true}]}}