{"id":1589,"date":"2026-06-03T14:17:44","date_gmt":"2026-06-03T14:17:44","guid":{"rendered":"https:\/\/gundem59.com.tr\/?p=1589"},"modified":"2026-06-03T14:17:44","modified_gmt":"2026-06-03T14:17:44","slug":"nku-hastanesinde-ameliyat-sayisi-%40-artti","status":"publish","type":"post","link":"https:\/\/gundem59.com.tr\/?p=1589","title":{"rendered":"NK\u00dc Hastanesi&#8217;nde Ameliyat Say\u0131s\u0131 %40 Artt\u0131"},"content":{"rendered":"\n<p class=\"wp-block-paragraph\">Tekirda\u011f NK\u00dc Hastanesi&#8217;nde altyap\u0131 \u00e7al\u0131\u015fmalar\u0131 ile ameliyat kapasitesi %40 art\u0131r\u0131ld\u0131, hasta hizmetleri g\u00fc\u00e7lendirildi.<\/p>\n\n\n\n<p class=\"wp-block-paragraph\"><a href=\"https:\/\/www.sondakika.com\/tekirdag\/\">Tekirda\u011f<\/a>&nbsp;<a href=\"https:\/\/www.sondakika.com\/namik-kemal-universitesi\/\">Nam\u0131k Kemal \u00dcniversitesi<\/a>&nbsp;(NK\u00dc) Hastanesi&#8217;nde yap\u0131lan altyap\u0131 ve kapasite art\u0131r\u0131m\u0131 \u00e7al\u0131\u015fmalar\u0131 sayesinde ameliyat say\u0131s\u0131nda yakla\u015f\u0131k y\u00fczde 40 art\u0131\u015f sa\u011fland\u0131.<\/p>\n\n\n\n<p class=\"wp-block-paragraph\">NK\u00dc Hastanesi Ba\u015fhekimi Do\u00e7. Dr. \u0130lker Y\u0131ld\u0131r\u0131m, hastanede ger\u00e7ekle\u015ftirilen yat\u0131r\u0131mlara ili\u015fkin gazetecilere yapt\u0131\u011f\u0131 a\u00e7\u0131klamada, ameliyathanede kapsaml\u0131 yenileme \u00e7al\u0131\u015fmalar\u0131 yapt\u0131klar\u0131n\u0131 s\u00f6yledi.<\/p>\n\n\n\n<p class=\"wp-block-paragraph\">Ameliyathanede aktif olarak kullan\u0131lan masa say\u0131s\u0131n\u0131n 10&#8217;dan 15&#8217;e \u00e7\u0131kar\u0131ld\u0131\u011f\u0131n\u0131 belirten Y\u0131ld\u0131r\u0131m, bu art\u0131\u015f\u0131n ameliyathane kapasitesini \u00f6nemli \u00f6l\u00e7\u00fcde y\u00fckseltti\u011fini ifade etti.<\/p>\n\n\n\n<p class=\"wp-block-paragraph\">Y\u0131ld\u0131r\u0131m, masa say\u0131s\u0131ndaki y\u00fczde 50&#8217;lik art\u0131\u015f\u0131n hasta hizmetlerine de yans\u0131d\u0131\u011f\u0131n\u0131 aktararak, &#8220;Daha \u00f6nce ayl\u0131k yakla\u015f\u0131k 1000 hastaya ameliyat hizmeti verirken, bug\u00fcn bu say\u0131 1400&#8217;lere ula\u015ft\u0131. Bu da ameliyat edilen hasta say\u0131s\u0131nda yakla\u015f\u0131k y\u00fczde 40&#8217;l\u0131k art\u0131\u015f anlam\u0131na geliyor.&#8221; dedi.<\/p>\n\n\n\n<p class=\"wp-block-paragraph\">Yap\u0131lan \u00e7al\u0131\u015fmalar\u0131n kentteki sa\u011fl\u0131k hizmetlerinin g\u00fc\u00e7lenmesine katk\u0131 sa\u011flad\u0131\u011f\u0131n\u0131 vurgulayan Y\u0131ld\u0131r\u0131m, &#8220;Ameliyathanenin bulundu\u011fu alanda anjiyo \u00fcnitesinin yenilendi. Kalp damar cerrahisi yo\u011fun bak\u0131m \u00fcnitesinin modernize edildi ve yeni bir anjiyo servisi hizmete al\u0131nd\u0131.&#8221; diye konu\u015ftu.<\/p>\n\n\n\n<p class=\"wp-block-paragraph\">Y\u0131ld\u0131r\u0131m, kapasite art\u0131\u015f\u0131 sayesinde ameliyat s\u0131ras\u0131 bekleyen hastalar\u0131n ma\u011fduriyetlerinin azalt\u0131ld\u0131\u011f\u0131n\u0131 belirterek, 2026&#8217;n\u0131n kalan b\u00f6l\u00fcm\u00fcnde ve 2027 y\u0131l\u0131nda ameliyat hizmetlerini daha h\u0131zl\u0131 ve etkin \u015fekilde sunmay\u0131 hedeflediklerini ifade etti.<\/p>\n","protected":false},"excerpt":{"rendered":"<p>Tekirda\u011f NK\u00dc Hastanesi&#8217;nde altyap\u0131 \u00e7al\u0131\u015fmalar\u0131 ile ameliyat kapasitesi %40 art\u0131r\u0131ld\u0131, hasta hizmetleri g\u00fc\u00e7lendirildi. Tekirda\u011f&nbsp;Nam\u0131k Kemal&#8230;<\/p>\n","protected":false},"author":1,"featured_media":1590,"comment_status":"closed","ping_status":"closed","sticky":false,"template":"","format":"standard","meta":{"footnotes":""},"categories":[1],"tags":[],"ppma_author":[57],"class_list":["post-1589","post","type-post","status-publish","format-standard","has-post-thumbnail","hentry","category-tekirdag-gundemi"],"authors":[{"term_id":57,"user_id":1,"is_guest":0,"slug":"admin","display_name":"Alp Aslan","avatar_url":"https:\/\/secure.gravatar.com\/avatar\/07c18c5ad3350b025db8f3328450e071acb435c703e565899c880c63362f137a?s=96&d=mm&r=g","author_category":"1","first_name":"Alp Aslan","last_name":"ER\u0130N","user_url":"http:\/\/www.gundem59.com.tr","job_title":"","description":""}],"_links":{"self":[{"href":"https:\/\/gundem59.com.tr\/index.php?rest_route=\/wp\/v2\/posts\/1589","targetHints":{"allow":["GET"]}}],"collection":[{"href":"https:\/\/gundem59.com.tr\/index.php?rest_route=\/wp\/v2\/posts"}],"about":[{"href":"https:\/\/gundem59.com.tr\/index.php?rest_route=\/wp\/v2\/types\/post"}],"author":[{"embeddable":true,"href":"https:\/\/gundem59.com.tr\/index.php?rest_route=\/wp\/v2\/users\/1"}],"replies":[{"embeddable":true,"href":"https:\/\/gundem59.com.tr\/index.php?rest_route=%2Fwp%2Fv2%2Fcomments&post=1589"}],"version-history":[{"count":1,"href":"https:\/\/gundem59.com.tr\/index.php?rest_route=\/wp\/v2\/posts\/1589\/revisions"}],"predecessor-version":[{"id":1591,"href":"https:\/\/gundem59.com.tr\/index.php?rest_route=\/wp\/v2\/posts\/1589\/revisions\/1591"}],"wp:featuredmedia":[{"embeddable":true,"href":"https:\/\/gundem59.com.tr\/index.php?rest_route=\/wp\/v2\/media\/1590"}],"wp:attachment":[{"href":"https:\/\/gundem59.com.tr\/index.php?rest_route=%2Fwp%2Fv2%2Fmedia&parent=1589"}],"wp:term":[{"taxonomy":"category","embeddable":true,"href":"https:\/\/gundem59.com.tr\/index.php?rest_route=%2Fwp%2Fv2%2Fcategories&post=1589"},{"taxonomy":"post_tag","embeddable":true,"href":"https:\/\/gundem59.com.tr\/index.php?rest_route=%2Fwp%2Fv2%2Ftags&post=1589"},{"taxonomy":"author","embeddable":true,"href":"https:\/\/gundem59.com.tr\/index.php?rest_route=%2Fwp%2Fv2%2Fppma_author&post=1589"}],"curies":[{"name":"wp","href":"https:\/\/api.w.org\/{rel}","templated":true}]}}