{"id":1586,"date":"2026-06-03T14:16:13","date_gmt":"2026-06-03T14:16:13","guid":{"rendered":"https:\/\/gundem59.com.tr\/?p=1586"},"modified":"2026-06-03T14:16:14","modified_gmt":"2026-06-03T14:16:14","slug":"tekirdagli-milli-sporcular-dunya-sampiyonasina-hazirlaniyor","status":"publish","type":"post","link":"https:\/\/gundem59.com.tr\/?p=1586","title":{"rendered":"Tekirda\u011fl\u0131 milli sporcular d\u00fcnya \u015fampiyonas\u0131na haz\u0131rlan\u0131yor"},"content":{"rendered":"\n<p class=\"wp-block-paragraph\">Serbest dal\u0131\u015fta 5 milli sporcu, S\u0131rbistan&#8217;da madalya hedefli d\u00fcnya \u015fampiyonas\u0131na kat\u0131lacak.<\/p>\n\n\n\n<p class=\"wp-block-paragraph\">Serbest dal\u0131\u015fta elde ettikleri ulusal ve uluslararas\u0131 ba\u015far\u0131larla dikkati \u00e7eken&nbsp;<a href=\"https:\/\/www.sondakika.com\/tekirdag\/\">Tekirda\u011f<\/a>&#8216;dan 5 milli sporcu,&nbsp;<a href=\"https:\/\/www.sondakika.com\/sirbistan\/\">S\u0131rbistan<\/a>&#8216;da d\u00fczenlenecek d\u00fcnya \u015fampiyonas\u0131ndan madalyalarla d\u00f6nmek i\u00e7in haz\u0131rlan\u0131yor.<\/p>\n\n\n\n<p class=\"wp-block-paragraph\">Serbest dal\u0131\u015f sporuna 3 y\u0131l \u00f6nce ba\u015flayan Sude Fidan, Yusuf K\u0131van\u00e7 Erkan, Timur Alp Kuru, Nida Bulut ve Ediz Duman, kat\u0131ld\u0131klar\u0131&nbsp;<a href=\"https:\/\/www.sondakika.com\/turkiye\/\">T\u00fcrkiye<\/a>&nbsp;ve d\u00fcnya \u015fampiyonalar\u0131nda \u00e7ok say\u0131da derece elde etti.<\/p>\n\n\n\n<p class=\"wp-block-paragraph\">Milli sporcular, nisan ay\u0131nda Tekirda\u011f&#8217;da ger\u00e7ekle\u015ftirilen Serbest Dal\u0131\u015f Havuz T\u00fcrkiye \u015eampiyonas\u0131 ve Milli Tak\u0131m Se\u00e7melerinde de ba\u015far\u0131l\u0131 sonu\u00e7lara imza att\u0131.<\/p>\n\n\n\n<p class=\"wp-block-paragraph\">\u015eampiyonada Sude Fidan ve Ediz Duman 3&#8217;er, Yusuf K\u0131van\u00e7 Erkan 2, Timur Alp Kuru ile Nida Bulut ise 4&#8217;er madalya ald\u0131.<\/p>\n\n\n\n<p class=\"wp-block-paragraph\">Milli tak\u0131ma se\u00e7ilen sporcular, 9-15 Haziran tarihlerinde S\u0131rbistan&#8217;da d\u00fczenlenecek Serbest Dal\u0131\u015f Havuz&nbsp;<a href=\"https:\/\/www.sondakika.com\/dunya-sampiyonasi\/\">D\u00fcnya \u015eampiyonas\u0131<\/a>&#8216;nda T\u00fcrkiye&#8217;yi temsil etme hakk\u0131 kazand\u0131.<\/p>\n\n\n\n<p class=\"wp-block-paragraph\">D\u00fcnya \u015fampiyonlu\u011fu ya\u015fayan Nida Bulut, AA muhabirine, yeni ba\u015far\u0131lar elde etmek istedi\u011fini belirtti.<\/p>\n\n\n\n<p class=\"wp-block-paragraph\">T\u00fcrkiye \u015eampiyonas\u0131&#8217;nda 2 alt\u0131n ve 2 g\u00fcm\u00fc\u015f madalya kazanan d\u00fcnya \u015fampiyonas\u0131 i\u00e7in umutlu oldu\u011funu ifade eden Bulut, &#8220;Milli tak\u0131mda b\u00fcy\u00fck erkekler kategorisinde tek sporcuyum. Bunun da verdi\u011fi bir gurur var. \u00dclkemizi en iyi \u015fekilde temsil etmeye \u00e7al\u0131\u015faca\u011f\u0131z.&#8221; dedi.<\/p>\n\n\n\n<p class=\"wp-block-paragraph\">Ge\u00e7en y\u0131l d\u00fcnya ikincisi olan Ediz Duman ise bu kez alt\u0131n madalya hedefledi\u011fini belirtti. T\u00fcrkiye \u015eampiyonas\u0131&#8217;nda 3 alt\u0131n madalya kazand\u0131\u011f\u0131n\u0131 an\u0131msatan Duman, d\u00fcnya \u015fampiyonas\u0131na d\u00fcnya rekoru hedefiyle haz\u0131rland\u0131\u011f\u0131n\u0131 kaydetti.<\/p>\n\n\n\n<p class=\"wp-block-paragraph\">Timur Alp Kuru da ge\u00e7en y\u0131l d\u00fcnya \u015fampiyonlu\u011funu bir saniyeyle ka\u00e7\u0131rd\u0131\u011f\u0131n\u0131 belirterek, bu y\u0131l zirveye \u00e7\u0131kmay\u0131 hedefledi\u011fini anlatt\u0131.<\/p>\n\n\n\n<p class=\"wp-block-paragraph\">Yusuf K\u0131van\u00e7 Erkan, T\u00fcrkiye \u015eampiyonas\u0131&#8217;nda elde etti\u011fi derecelerin moral verdi\u011fini belirterek, d\u00fcnya \u015fampiyonas\u0131ndan madalyayla d\u00f6nmek istedi\u011fini s\u00f6yledi.<\/p>\n\n\n\n<p class=\"wp-block-paragraph\">Sude Fidan ise T\u00fcrkiye&#8217;nin tak\u0131m s\u0131ralamas\u0131nda en iyi yerde yer alabilmesi i\u00e7in m\u00fccadele edece\u011fini ve haz\u0131rl\u0131klar\u0131n\u0131 yo\u011fun \u015fekilde s\u00fcrd\u00fcrd\u00fc\u011f\u00fcn\u00fc dile getirdi.<\/p>\n\n\n\n<p class=\"wp-block-paragraph\">Antren\u00f6r Sertan Ayd\u0131n da Tekirda\u011fl\u0131 5 milli sporcunun d\u00fcnya \u015fampiyonas\u0131na yo\u011fun tempoda haz\u0131rland\u0131\u011f\u0131n\u0131 belirterek, sporcular\u0131n T\u00fcrkiye&#8217;yi ba\u015far\u0131yla temsil edeceklerine inand\u0131\u011f\u0131n\u0131 aktard\u0131<\/p>\n","protected":false},"excerpt":{"rendered":"<p>Serbest dal\u0131\u015fta 5 milli sporcu, S\u0131rbistan&#8217;da madalya hedefli d\u00fcnya \u015fampiyonas\u0131na kat\u0131lacak. Serbest dal\u0131\u015fta elde ettikleri&#8230;<\/p>\n","protected":false},"author":1,"featured_media":1587,"comment_status":"closed","ping_status":"closed","sticky":false,"template":"","format":"standard","meta":{"footnotes":""},"categories":[48],"tags":[],"ppma_author":[57],"class_list":["post-1586","post","type-post","status-publish","format-standard","has-post-thumbnail","hentry","category-spor"],"authors":[{"term_id":57,"user_id":1,"is_guest":0,"slug":"admin","display_name":"Alp Aslan","avatar_url":"https:\/\/secure.gravatar.com\/avatar\/07c18c5ad3350b025db8f3328450e071acb435c703e565899c880c63362f137a?s=96&d=mm&r=g","author_category":"1","first_name":"Alp Aslan","last_name":"ER\u0130N","user_url":"http:\/\/www.gundem59.com.tr","job_title":"","description":""}],"_links":{"self":[{"href":"https:\/\/gundem59.com.tr\/index.php?rest_route=\/wp\/v2\/posts\/1586","targetHints":{"allow":["GET"]}}],"collection":[{"href":"https:\/\/gundem59.com.tr\/index.php?rest_route=\/wp\/v2\/posts"}],"about":[{"href":"https:\/\/gundem59.com.tr\/index.php?rest_route=\/wp\/v2\/types\/post"}],"author":[{"embeddable":true,"href":"https:\/\/gundem59.com.tr\/index.php?rest_route=\/wp\/v2\/users\/1"}],"replies":[{"embeddable":true,"href":"https:\/\/gundem59.com.tr\/index.php?rest_route=%2Fwp%2Fv2%2Fcomments&post=1586"}],"version-history":[{"count":1,"href":"https:\/\/gundem59.com.tr\/index.php?rest_route=\/wp\/v2\/posts\/1586\/revisions"}],"predecessor-version":[{"id":1588,"href":"https:\/\/gundem59.com.tr\/index.php?rest_route=\/wp\/v2\/posts\/1586\/revisions\/1588"}],"wp:featuredmedia":[{"embeddable":true,"href":"https:\/\/gundem59.com.tr\/index.php?rest_route=\/wp\/v2\/media\/1587"}],"wp:attachment":[{"href":"https:\/\/gundem59.com.tr\/index.php?rest_route=%2Fwp%2Fv2%2Fmedia&parent=1586"}],"wp:term":[{"taxonomy":"category","embeddable":true,"href":"https:\/\/gundem59.com.tr\/index.php?rest_route=%2Fwp%2Fv2%2Fcategories&post=1586"},{"taxonomy":"post_tag","embeddable":true,"href":"https:\/\/gundem59.com.tr\/index.php?rest_route=%2Fwp%2Fv2%2Ftags&post=1586"},{"taxonomy":"author","embeddable":true,"href":"https:\/\/gundem59.com.tr\/index.php?rest_route=%2Fwp%2Fv2%2Fppma_author&post=1586"}],"curies":[{"name":"wp","href":"https:\/\/api.w.org\/{rel}","templated":true}]}}