{"id":1583,"date":"2026-06-03T14:13:28","date_gmt":"2026-06-03T14:13:28","guid":{"rendered":"https:\/\/gundem59.com.tr\/?p=1583"},"modified":"2026-06-03T14:13:29","modified_gmt":"2026-06-03T14:13:29","slug":"tekirdagda-istanbulu-giyiniyorum-sergisi","status":"publish","type":"post","link":"https:\/\/gundem59.com.tr\/?p=1583","title":{"rendered":"Tekirda\u011f\u2019da \u2018\u0130stanbul\u2019u Giyiniyorum\u2019 Sergisi"},"content":{"rendered":"\n<p class=\"wp-block-paragraph\">NK\u00dc \u00f6\u011frencileri, \u0130stanbul\u2019un k\u00fclt\u00fcrel miras\u0131n\u0131 yans\u0131tan elbiselerle sergi a\u00e7t\u0131. Sergi 8 Haziran\u2019a kadar a\u00e7\u0131k.<\/p>\n\n\n\n<p class=\"wp-block-paragraph\"><a href=\"https:\/\/www.sondakika.com\/tekirdag\/\">Tekirda\u011f<\/a>&nbsp;<a href=\"https:\/\/www.sondakika.com\/namik-kemal-universitesi\/\">Nam\u0131k Kemal \u00dcniversitesi<\/a>&nbsp;(NK\u00dc) Teknik Bilimler Meslek Y\u00fcksekokulu Tekstil, Giyim, Ayakkab\u0131 ve Deri B\u00f6l\u00fcm\u00fc \u00f6\u011frencilerince haz\u0131rlanan \u201d&nbsp;<a href=\"https:\/\/www.sondakika.com\/istanbul\/\">\u0130stanbul<\/a>\u2018u Giyiniyorum\u201d sergisi a\u00e7\u0131ld\u0131.<\/p>\n\n\n\n<p class=\"wp-block-paragraph\">Rekt\u00f6rl\u00fck Sergi Salonu\u2019nda a\u00e7\u0131l\u0131\u015f\u0131 yap\u0131lan sergide, \u00f6\u011frencilerin haz\u0131rlad\u0131\u011f\u0131 11 elbise be\u011feniye sunuldu.<\/p>\n\n\n\n<p class=\"wp-block-paragraph\">Elbiselerde \u0130stanbul\u2019un tarihi, k\u00fclt\u00fcrel belle\u011fi ve kentin simgeleri, giyilebilir sanat anlay\u0131\u015f\u0131 ve yapay zeka teknolojisiyle \u015fair Orhan Veli Kan\u0131k\u2019\u0131n \u201c\u0130stanbul\u2019u Dinliyorum\u201d \u015fiirinden ilham al\u0131narak yorumland\u0131.<\/p>\n\n\n\n<p class=\"wp-block-paragraph\">\u00d6\u011fretim g\u00f6revlisi Sema \u00d6zhan, AA muhabirine, \u00f6\u011frencilerin \u0130stanbul\u2019un tarihi ve k\u00fclt\u00fcrel katmanlar\u0131n\u0131, kent haf\u0131zas\u0131n\u0131 ve simgesel yap\u0131lar\u0131n\u0131 kuma\u015fa aktard\u0131\u011f\u0131n\u0131 s\u00f6yledi.<\/p>\n\n\n\n<p class=\"wp-block-paragraph\">Yapay zeka teknolojilerinin \u00f6\u011frencilerin tasar\u0131mlar\u0131na ilham kayna\u011f\u0131 oldu\u011funu anlatan \u00d6zhan, \u201d&nbsp;<a href=\"https:\/\/www.sondakika.com\/sanat\/\">Sanat<\/a>, tasar\u0131m ve teknoloji, bu \u00e7al\u0131\u015fmayla bir araya geldi.\u201d dedi.<\/p>\n\n\n\n<p class=\"wp-block-paragraph\">\u00d6zhan, \u0130stanbul\u2019un d\u00fcnyan\u0131n en \u00f6nemli kadim merkezlerinden biri oldu\u011funu belirtti.<\/p>\n\n\n\n<p class=\"wp-block-paragraph\">\u0130stanbul\u2019un, farkl\u0131 medeniyetlere ev sahipli\u011fi yapt\u0131\u011f\u0131na i\u015faret eden \u00d6zhan, \u201c\u0130stanbul, her d\u00f6nemden izler ta\u015f\u0131yan, e\u015fsiz k\u00fclt\u00fcrel haf\u0131za olu\u015fturan bir \u015fehirdir. Tasar\u0131mlar\u0131m\u0131zda \u0130stanbul\u2019un fethi ve surlar da yer al\u0131yor. \u0130stanbul\u2019un fethi yaln\u0131zca askeri bir zafer olarak de\u011fil, \u015fehrin k\u00fclt\u00fcrel miras\u0131n\u0131n \u015fekillenmesinde etkili bir s\u00fcre\u00e7 olarak ele al\u0131nm\u0131\u015ft\u0131r.\u201d diye konu\u015ftu.<\/p>\n\n\n\n<p class=\"wp-block-paragraph\">NK\u00dc \u00f6\u011frencisi Petek Abay da ge\u00e7mi\u015fin izlerine bug\u00fcn\u00fcn kuma\u015f\u0131nda hayat verdiklerini dile getirdi.<\/p>\n\n\n\n<p class=\"wp-block-paragraph\">Tasar\u0131m\u0131n\u0131 kuma\u015fa aktarana kadar uzun bir zaman harcad\u0131\u011f\u0131n\u0131 belirten Abay, \u201cRumeli Hisar\u0131 benim i\u00e7in, \u0130stanbul i\u00e7in ve T\u00fcrkiye i\u00e7in son derece \u00f6nemli bir yer oldu\u011fundan elbiseye i\u015flemeyi \u00e7ok istedim.\u201d ifadesini kulland\u0131.<\/p>\n\n\n\n<p class=\"wp-block-paragraph\">Selin K\u00f6lemeno\u011flu ise Galata Kulesi\u2019ne daha \u00f6nce gitme f\u0131rsat\u0131 bulamad\u0131\u011f\u0131n\u0131 ancak kendisi i\u00e7in ayr\u0131 \u00f6neme sahip oldu\u011fu i\u00e7in elbiseye i\u015flemeyi tercih etti\u011fini kaydetti.<\/p>\n\n\n\n<p class=\"wp-block-paragraph\">Sergi, 8 Haziran\u2019a kadar ziyaret edilebilecek.<\/p>\n","protected":false},"excerpt":{"rendered":"<p>NK\u00dc \u00f6\u011frencileri, \u0130stanbul\u2019un k\u00fclt\u00fcrel miras\u0131n\u0131 yans\u0131tan elbiselerle sergi a\u00e7t\u0131. Sergi 8 Haziran\u2019a kadar a\u00e7\u0131k. Tekirda\u011f&nbsp;Nam\u0131k&#8230;<\/p>\n","protected":false},"author":1,"featured_media":1584,"comment_status":"closed","ping_status":"closed","sticky":false,"template":"","format":"standard","meta":{"footnotes":""},"categories":[50],"tags":[],"ppma_author":[57],"class_list":["post-1583","post","type-post","status-publish","format-standard","has-post-thumbnail","hentry","category-kultur-ve-sanat"],"authors":[{"term_id":57,"user_id":1,"is_guest":0,"slug":"admin","display_name":"Alp Aslan","avatar_url":"https:\/\/secure.gravatar.com\/avatar\/07c18c5ad3350b025db8f3328450e071acb435c703e565899c880c63362f137a?s=96&d=mm&r=g","author_category":"1","first_name":"Alp Aslan","last_name":"ER\u0130N","user_url":"http:\/\/www.gundem59.com.tr","job_title":"","description":""}],"_links":{"self":[{"href":"https:\/\/gundem59.com.tr\/index.php?rest_route=\/wp\/v2\/posts\/1583","targetHints":{"allow":["GET"]}}],"collection":[{"href":"https:\/\/gundem59.com.tr\/index.php?rest_route=\/wp\/v2\/posts"}],"about":[{"href":"https:\/\/gundem59.com.tr\/index.php?rest_route=\/wp\/v2\/types\/post"}],"author":[{"embeddable":true,"href":"https:\/\/gundem59.com.tr\/index.php?rest_route=\/wp\/v2\/users\/1"}],"replies":[{"embeddable":true,"href":"https:\/\/gundem59.com.tr\/index.php?rest_route=%2Fwp%2Fv2%2Fcomments&post=1583"}],"version-history":[{"count":1,"href":"https:\/\/gundem59.com.tr\/index.php?rest_route=\/wp\/v2\/posts\/1583\/revisions"}],"predecessor-version":[{"id":1585,"href":"https:\/\/gundem59.com.tr\/index.php?rest_route=\/wp\/v2\/posts\/1583\/revisions\/1585"}],"wp:featuredmedia":[{"embeddable":true,"href":"https:\/\/gundem59.com.tr\/index.php?rest_route=\/wp\/v2\/media\/1584"}],"wp:attachment":[{"href":"https:\/\/gundem59.com.tr\/index.php?rest_route=%2Fwp%2Fv2%2Fmedia&parent=1583"}],"wp:term":[{"taxonomy":"category","embeddable":true,"href":"https:\/\/gundem59.com.tr\/index.php?rest_route=%2Fwp%2Fv2%2Fcategories&post=1583"},{"taxonomy":"post_tag","embeddable":true,"href":"https:\/\/gundem59.com.tr\/index.php?rest_route=%2Fwp%2Fv2%2Ftags&post=1583"},{"taxonomy":"author","embeddable":true,"href":"https:\/\/gundem59.com.tr\/index.php?rest_route=%2Fwp%2Fv2%2Fppma_author&post=1583"}],"curies":[{"name":"wp","href":"https:\/\/api.w.org\/{rel}","templated":true}]}}