{"id":1580,"date":"2026-06-03T14:11:54","date_gmt":"2026-06-03T14:11:54","guid":{"rendered":"https:\/\/gundem59.com.tr\/?p=1580"},"modified":"2026-06-03T14:11:55","modified_gmt":"2026-06-03T14:11:55","slug":"cerkezkoyde-apartman-yangini-panigi","status":"publish","type":"post","link":"https:\/\/gundem59.com.tr\/?p=1580","title":{"rendered":"\u00c7erkezk\u00f6y\u2019de apartman yang\u0131n\u0131 pani\u011fi"},"content":{"rendered":"\n<p class=\"wp-block-paragraph\">Tekirda\u011f\u2019\u0131n \u00c7erkezk\u00f6y il\u00e7esinde bir apartman dairesinde yang\u0131n \u00e7\u0131kt\u0131. \u0130tfaiye ekipleri alevleri k\u0131sa s\u00fcrede s\u00f6nd\u00fcr\u00fcrken, dumandan etkilenenlere sa\u011fl\u0131k ekipleri m\u00fcdahale etti. Polis, apartman sakinleri aras\u0131ndaki gerginli\u011fi yat\u0131\u015ft\u0131rd\u0131.<\/p>\n\n\n\n<p class=\"wp-block-paragraph\"><a href=\"https:\/\/www.sondakika.com\/tekirdag\/\">Tekirda\u011f<\/a>\u2018\u0131n&nbsp;<a href=\"https:\/\/www.sondakika.com\/cerkezkoy\/\">\u00c7erkezk\u00f6y<\/a>&nbsp;il\u00e7esinde bir apartman dairesinde \u00e7\u0131kan yang\u0131n pani\u011fe sebep oldu. Yang\u0131n itfaiye ekiplerinin m\u00fcdahalesiyle k\u0131sa s\u00fcrede s\u00f6nd\u00fcr\u00fcl\u00fcrken, dumandan etkilenen vatanda\u015flara sa\u011fl\u0131k ekipleri m\u00fcdahale etti.<\/p>\n\n\n\n<p class=\"wp-block-paragraph\">Yang\u0131n, \u00c7erkezk\u00f6y il\u00e7esi Y\u0131ld\u0131r\u0131m Beyaz\u0131t Mahallesi Kalyoncu Sokak \u00fczerindeki Oru\u00e7 Apartman\u0131\u2019n\u0131n ikinci kat\u0131nda meydana geldi. Edinilen bilgilere g\u00f6re, daireden y\u00fckselen dumanlar\u0131 g\u00f6ren vatanda\u015flar durumu 112 Acil \u00c7a\u011fr\u0131 Merkezi\u2019ne bildirdi.<\/p>\n\n\n\n<p class=\"wp-block-paragraph\">\u0130hbar \u00fczerine olay yerine itfaiye, polis ve sa\u011fl\u0131k ekipleri sevk edildi. K\u0131sa s\u00fcrede adrese ula\u015fan itfaiye ekipleri yang\u0131na m\u00fcdahale ederek alevleri kontrol alt\u0131na ald\u0131. Yang\u0131n, ekiplerin \u00e7al\u0131\u015fmas\u0131 sonucu b\u00fcy\u00fcmeden s\u00f6nd\u00fcr\u00fcld\u00fc.<\/p>\n\n\n\n<p class=\"wp-block-paragraph\">Yang\u0131n s\u0131ras\u0131nda dumandan etkilenen baz\u0131 vatanda\u015flara sa\u011fl\u0131k ekiplerince ambulansta m\u00fcdahale edildi.<\/p>\n\n\n\n<p class=\"wp-block-paragraph\">K\u0131sa s\u00fcreli gerginlik ya\u015fand\u0131<\/p>\n\n\n\n<p class=\"wp-block-paragraph\">Olay esnas\u0131nda apartman sakinleri aras\u0131nda zaman zaman k\u0131sa s\u00fcreli gerginlik ya\u015fan\u0131rken, polis ekipleri duruma m\u00fcdahale ederek tart\u0131\u015fman\u0131n b\u00fcy\u00fcmesini \u00f6nledi. Yang\u0131n\u0131n \u00e7\u0131k\u0131\u015f nedeninin belirlenmesi i\u00e7in inceleme ba\u015flat\u0131ld\u0131. \u2013 TEK\u0130RDA\u011e<\/p>\n","protected":false},"excerpt":{"rendered":"<p>Tekirda\u011f\u2019\u0131n \u00c7erkezk\u00f6y il\u00e7esinde bir apartman dairesinde yang\u0131n \u00e7\u0131kt\u0131. \u0130tfaiye ekipleri alevleri k\u0131sa s\u00fcrede s\u00f6nd\u00fcr\u00fcrken, dumandan&#8230;<\/p>\n","protected":false},"author":1,"featured_media":1581,"comment_status":"closed","ping_status":"closed","sticky":false,"template":"","format":"standard","meta":{"footnotes":""},"categories":[6],"tags":[],"ppma_author":[57],"class_list":["post-1580","post","type-post","status-publish","format-standard","has-post-thumbnail","hentry","category-cerkezkoy"],"authors":[{"term_id":57,"user_id":1,"is_guest":0,"slug":"admin","display_name":"Alp Aslan","avatar_url":"https:\/\/secure.gravatar.com\/avatar\/07c18c5ad3350b025db8f3328450e071acb435c703e565899c880c63362f137a?s=96&d=mm&r=g","author_category":"1","first_name":"Alp Aslan","last_name":"ER\u0130N","user_url":"http:\/\/www.gundem59.com.tr","job_title":"","description":""}],"_links":{"self":[{"href":"https:\/\/gundem59.com.tr\/index.php?rest_route=\/wp\/v2\/posts\/1580","targetHints":{"allow":["GET"]}}],"collection":[{"href":"https:\/\/gundem59.com.tr\/index.php?rest_route=\/wp\/v2\/posts"}],"about":[{"href":"https:\/\/gundem59.com.tr\/index.php?rest_route=\/wp\/v2\/types\/post"}],"author":[{"embeddable":true,"href":"https:\/\/gundem59.com.tr\/index.php?rest_route=\/wp\/v2\/users\/1"}],"replies":[{"embeddable":true,"href":"https:\/\/gundem59.com.tr\/index.php?rest_route=%2Fwp%2Fv2%2Fcomments&post=1580"}],"version-history":[{"count":1,"href":"https:\/\/gundem59.com.tr\/index.php?rest_route=\/wp\/v2\/posts\/1580\/revisions"}],"predecessor-version":[{"id":1582,"href":"https:\/\/gundem59.com.tr\/index.php?rest_route=\/wp\/v2\/posts\/1580\/revisions\/1582"}],"wp:featuredmedia":[{"embeddable":true,"href":"https:\/\/gundem59.com.tr\/index.php?rest_route=\/wp\/v2\/media\/1581"}],"wp:attachment":[{"href":"https:\/\/gundem59.com.tr\/index.php?rest_route=%2Fwp%2Fv2%2Fmedia&parent=1580"}],"wp:term":[{"taxonomy":"category","embeddable":true,"href":"https:\/\/gundem59.com.tr\/index.php?rest_route=%2Fwp%2Fv2%2Fcategories&post=1580"},{"taxonomy":"post_tag","embeddable":true,"href":"https:\/\/gundem59.com.tr\/index.php?rest_route=%2Fwp%2Fv2%2Ftags&post=1580"},{"taxonomy":"author","embeddable":true,"href":"https:\/\/gundem59.com.tr\/index.php?rest_route=%2Fwp%2Fv2%2Fppma_author&post=1580"}],"curies":[{"name":"wp","href":"https:\/\/api.w.org\/{rel}","templated":true}]}}